{"id":89870,"date":"2016-09-20T14:00:46","date_gmt":"2016-09-20T18:00:46","guid":{"rendered":"http:\/\/www.bibula.com\/?p=89870"},"modified":"2016-09-20T14:00:46","modified_gmt":"2016-09-20T18:00:46","slug":"rejonizacja-edukacji-domowej-projekt-prawa-oswiatowego-godzi-w-wolnosc-wyboru-rodzicow","status":"publish","type":"post","link":"https:\/\/www.bibula.com\/?p=89870","title":{"rendered":"Rejonizacja edukacji domowej? Projekt Prawa O\u015bwiatowego godzi w wolno\u015b\u0107 wyboru rodzic\u00f3w"},"content":{"rendered":"<p><strong>Zaprezentowany w ostatnich dniach przez Ministerstwo Edukacji Narodowej projekt Prawa O\u015bwiatowego godzi w edukacj\u0119 domow\u0105. Proponowane rozwi\u0105zania wprowadzaj\u0105 rejonizacj\u0119, a to oznacza, \u017ce rodzice nie tylko nie b\u0119d\u0105 mogli sami wybiera\u0107 szk\u00f3\u0142, ale nie b\u0119d\u0105 mogli korzysta\u0107 z edukacji domowej, je\u015bli w wojew\u00f3dztwie nie b\u0119dzie plac\u00f3wki przygotowanej do takiej formy edukacji.<\/strong><\/p>\r\n<p>Obowi\u0105zuj\u0105ce obecnie przepisy daj\u0105 rodzicom decyduj\u0105cym si\u0119 na kszta\u0142cenie swoich dzieci w domu mo\u017cliwo\u015b\u0107 wyboru dowolnej szko\u0142y, w kt\u00f3rej dziecko b\u0119dzie prowadzone. Zaprezentowane przez MEN Prawo O\u015bwiatowe zmienia t\u0119 zasad\u0119. \u201eZgodnie z nim dyrektor publicznego lub niepublicznego przedszkola, szko\u0142y podstawowej i ponadpodstawowej, do kt\u00f3rej dziecko zosta\u0142o przyj\u0119te, mo\u017ce zezwoli\u0107 na rozpocz\u0119cie jego edukacji domowej pod warunkiem, \u017ce plac\u00f3wka znajduje si\u0119 na terenie wojew\u00f3dztwa, w kt\u00f3rym mieszka\u201d &#8211; pisze \u201eNasz Dziennik\u201d.<\/p>\r\n<p>W projekcie konieczno\u015b\u0107 pojawi\u0142 si\u0119 te\u017c obowi\u0105zek \u201edo\u0142\u0105czania do wniosku o zgod\u0119 na edukacj\u0119 domow\u0105 opinii publicznej poradni psychologiczno-pedagogicznej, co uniemo\u017cliwia korzystanie z poradni niepublicznych umieszczonych w Rejestrze Szk\u00f3\u0142 i Plac\u00f3wek O\u015bwiatowych\u201d.<\/p>\r\n<p>Takie rozwi\u0105zanie zaskoczy\u0142y edukator\u00f3w, bo MEN przez ostatnie osiem miesi\u0119cy zapewnia\u0142 ich, \u017ce w resorcie \u017cadne zmiany w edukacji domowej nie s\u0105 planowane. Niepokoj\u0105ce sygna\u0142y pojawi\u0142y si\u0119 29 sierpnia, gdy minister Maciej Kope\u0107 poinformowa\u0142, \u017ce resort rozwa\u017ca czy rejonizacj\u0119 edukacji domowej wprowadzi\u0107 na poziomie powiatu czy wojew\u00f3dztwa.<\/p>\r\n<p>\u00a0\u201eW ocenie rodzic\u00f3w, propozycje resortu edukacji s\u0105 krzywdz\u0105ce, nosz\u0105 znamiona \u015bwiadomej i zamierzonej dyskryminacji rodzin edukacji domowej, a tak\u017ce stanowi\u0105 pr\u00f3b\u0119 zniszczenia oddolnej inicjatywy spo\u0142ecznej maj\u0105cej na celu podniesienie jako\u015bci edukacji w Polsce\u201d &#8211; pisze \u201eNasz Dziennik\u201d. Rodzice wskazuj\u0105, \u017ce projekt godzi w ich prawo do wychowywania dzieci zgodnie ze swoj\u0105 wol\u0105 i przekonaniami. Do tego zmiany nie zosta\u0142y z nimi skonsultowane, bo na forum zespo\u0142u roboczego pojawia\u0142y si\u0119 kwestie dotycz\u0105ce finansowania edukacji domowej i r\u00f3\u017cnego rodzaju form wsp\u00f3\u0142pracy rodzic\u00f3w ze szko\u0142\u0105, ale nie rejonizacji.<\/p>\r\n<p>Jak podkre\u015bli\u0142 \u201eNasz Dziennik\u201d, rejonizacja to nie jedyne zmartwienie. Rodzicom bowiem zostanie ograniczony dost\u0119p do poradni psychologiczno-pedagogicznej. Z orzecznictwa wykluczone zostan\u0105 bowiem niepubliczne plac\u00f3wki, a do tych pa\u0144stwowych ustawiaj\u0105 si\u0119 d\u0142ugie kolejki. Jaki jest sens takiego ograniczenia? Nie wiadomo, bo plac\u00f3wki dzia\u0142aj\u0105 na tych samych zasadach.<\/p>\r\n<p>Rodzice maj\u0105 obawy, \u017ce przyj\u0119cie Prawa O\u015bwiatowego sprawi, i\u017c edukacja domowa zostanie ca\u0142kowicie zepchni\u0119ta na margines, a szko\u0142y \u201eprzestan\u0105 przywi\u0105zywa\u0107 wag\u0119 do oferty edukacyjnej, kt\u00f3rej jako\u015b\u0107 ulegnie pogorszeniu\u201d. Bowiem szk\u00f3\u0142 specjalizuj\u0105cych si\u0119 w edukacji domowej jest w Polsce zaledwie kilkana\u015bcie. A rodzice gotowi s\u0105 pokonywa\u0107 nawet setki kilometr\u00f3w, by wybra\u0107 t\u0119 najlepsz\u0105 plac\u00f3wk\u0119.<\/p>\r\n<p>Nowe rozwi\u0105zania to nie pierwsze przeszkody jakie MEN rzuca pod nogi edukacji domowej. Kilka miesi\u0119cy temu resort powo\u0142uj\u0105c si\u0119 na nadu\u017cycia niekt\u00f3rych plac\u00f3wek, znacz\u0105co obci\u0105\u0142 subwencj\u0119 o\u015bwiatow\u0105 dla tego modelu edukacji.<\/p>\r\n<p>\u0179r\u00f3d\u0142o: \u201eNasz Dziennik\u201d<\/p>\r\n<p>MA<\/p>\r\n<p class=\"zrodlo\">Za: <a href=\"http:\/\/www.pch24.pl\/rejonizacja-edukacji-domowej--projekt-prawa-oswiatowego-godzi-w-wolnosc-wyboru-rodzicow,46103,i.html\">PoloniaChristiana &#8211; pch24.pl (2016-09-20)<\/a><\/p>","protected":false},"excerpt":{"rendered":"Zaprezentowany w ostatnich dniach przez Ministerstwo Edukacji Narodowej projekt Prawa O\u015bwiatowego godzi w edukacj\u0119 domow\u0105. Proponowane rozwi\u0105zania wprowadzaj\u0105 rejonizacj\u0119, a to oznacza, \u017ce rodzice nie tylko nie b\u0119d\u0105 mogli sami wybiera\u0107 szk\u00f3\u0142, ale nie b\u0119d\u0105 mogli korzysta\u0107 z edukacji domowej, je\u015bli w wojew\u00f3dztwie nie b\u0119dzie plac\u00f3wki przygotowanej do takiej formy edukacji. Obowi\u0105zuj\u0105ce obecnie przepisy daj\u0105 [&hellip;]","protected":false},"author":1,"featured_media":0,"comment_status":"closed","ping_status":"closed","sticky":false,"template":"","format":"standard","meta":{"_acf_changed":false,"_monsterinsights_skip_tracking":false,"_monsterinsights_sitenote_active":false,"_monsterinsights_sitenote_note":"","_monsterinsights_sitenote_category":0,"ngg_post_thumbnail":0,"footnotes":"","_wp_rev_ctl_limit":""},"categories":[8],"tags":[98],"acf":[],"_links":{"self":[{"href":"https:\/\/www.bibula.com\/index.php?rest_route=\/wp\/v2\/posts\/89870"}],"collection":[{"href":"https:\/\/www.bibula.com\/index.php?rest_route=\/wp\/v2\/posts"}],"about":[{"href":"https:\/\/www.bibula.com\/index.php?rest_route=\/wp\/v2\/types\/post"}],"author":[{"embeddable":true,"href":"https:\/\/www.bibula.com\/index.php?rest_route=\/wp\/v2\/users\/1"}],"replies":[{"embeddable":true,"href":"https:\/\/www.bibula.com\/index.php?rest_route=%2Fwp%2Fv2%2Fcomments&post=89870"}],"version-history":[{"count":0,"href":"https:\/\/www.bibula.com\/index.php?rest_route=\/wp\/v2\/posts\/89870\/revisions"}],"wp:attachment":[{"href":"https:\/\/www.bibula.com\/index.php?rest_route=%2Fwp%2Fv2%2Fmedia&parent=89870"}],"wp:term":[{"taxonomy":"category","embeddable":true,"href":"https:\/\/www.bibula.com\/index.php?rest_route=%2Fwp%2Fv2%2Fcategories&post=89870"},{"taxonomy":"post_tag","embeddable":true,"href":"https:\/\/www.bibula.com\/index.php?rest_route=%2Fwp%2Fv2%2Ftags&post=89870"}],"curies":[{"name":"wp","href":"https:\/\/api.w.org\/{rel}","templated":true}]}}