{"id":89868,"date":"2016-09-20T13:58:11","date_gmt":"2016-09-20T17:58:11","guid":{"rendered":"http:\/\/www.bibula.com\/?p=89868"},"modified":"2016-09-20T13:58:11","modified_gmt":"2016-09-20T17:58:11","slug":"meksyk-bandyci-brutalnie-zamordowali-dwoch-katolickich-ksiezy","status":"publish","type":"post","link":"https:\/\/www.bibula.com\/?p=89868","title":{"rendered":"Meksyk: Bandyci brutalnie zamordowali dw\u00f3ch katolickich ksi\u0119\u017cy"},"content":{"rendered":"<p><strong>Ko\u015bci\u00f3\u0142 w Meksyku jest wstrz\u0105\u015bni\u0119ty zamordowaniem dw\u00f3ch katolickich ksi\u0119\u017cy, kt\u00f3rzy w poniedzia\u0142ek zostali uprowadzeni przez zorganizowan\u0105 grup\u0119 przest\u0119pcz\u0105 z ko\u015bcio\u0142a w miejscowo\u015bci Poza Rica de Hidalgo, w stanie Veracruz. Jak poinformowa\u0142a lokalna policja, poza kap\u0142anami porwany zosta\u0142 r\u00f3wnie\u017c zakrystianin, kt\u00f3ry by\u0142 r\u00f3wnocze\u015bnie kierowc\u0105 kap\u0142an\u00f3w. M\u0119\u017cczy\u017anie uda\u0142o si\u0119 zbiec.<\/strong><\/p>\r\n<p>Ksi\u0119\u017ca Alejo Nabor\u00c3\u00ad i Jos\u00c3\u00a9 Alfredo Jim\u00c3\u00a9nez zostali si\u0142\u0105 wyprowadzeni z ko\u015bcio\u0142a Matki Bo\u017cej Fatimskiej w Poza Rica de Hidalgo i wywiezieni w nieznanym kierunku. Jak podaje hiszpa\u0144ski El Pais, napastnicy torturowali porwanych ksi\u0119\u017cy, nast\u0119pnie ich zamordowali. \u201e<em>\u015amier\u0107 nast\u0105pi\u0142a w zaledwie kilka godzin po porwaniu. Obaj kap\u0142ani mieli zwi\u0105zane r\u0119ce i liczne \u015blady postrza\u0142owe na ciele. Ich zw\u0142oki odnaleziono ko\u0142o Papantla-Poza Rica, stosunkowo blisko miejsca porwania<\/em>\u201d &#8211; ujawni\u0142a w komunikacie meksyka\u0144ska policja.<\/p>\r\n<p>Wed\u0142ug przedstawicieli wymiaru \u015bcigania \u015bledztwo jest rozwojowe, a inspektorzy ustalili ju\u017c to\u017csamo\u015b\u0107 jednego z potencjalnych zab\u00f3jc\u00f3w ksi\u0119\u017cy. &#8211; <em>Spodziewamy si\u0119, \u017ce w najbli\u017cszych godzinach osobie tej zostan\u0105 postawione zarzuty <\/em>&#8211; powiedzia\u0142 jeden z policjant\u00f3w w stanie Veracruz.<\/p>\r\n<p>We wtorkowym komunikacie Konferencja Episkopatu Meksyku wyrazi\u0142a ubolewanie z powodu \u015bmierci kap\u0142an\u00f3w. R\u00f3wnocze\u015bnie biskupi pot\u0119pili zbrodni\u0119, przypominaj\u0105c, \u017ce w 2013 r. r\u00f3wnie\u017c w stanie Veracruz, zabito dw\u00f3ch kap\u0142an\u00f3w podczas w\u0142amania do ko\u015bcio\u0142a w Ixhuatl\u00e1n de Madero.<\/p>\r\n<p>\u0179r\u00f3d\u0142o: KAI<\/p>\r\n<p>POz<\/p>\r\n<p class=\"zrodlo\">Za: <a href=\"http:\/\/www.pch24.pl\/meksyk--bandyci-brutalnie-zamordowali-dwoch-katolickich-ksiezy,46115,i.html\">PoloniaChristiana &#8211; pch24.pl (2016-09-20)<\/a><\/p>","protected":false},"excerpt":{"rendered":"Ko\u015bci\u00f3\u0142 w Meksyku jest wstrz\u0105\u015bni\u0119ty zamordowaniem dw\u00f3ch katolickich ksi\u0119\u017cy, kt\u00f3rzy w poniedzia\u0142ek zostali uprowadzeni przez zorganizowan\u0105 grup\u0119 przest\u0119pcz\u0105 z ko\u015bcio\u0142a w miejscowo\u015bci Poza Rica de Hidalgo, w stanie Veracruz. Jak poinformowa\u0142a lokalna policja, poza kap\u0142anami porwany zosta\u0142 r\u00f3wnie\u017c zakrystianin, kt\u00f3ry by\u0142 r\u00f3wnocze\u015bnie kierowc\u0105 kap\u0142an\u00f3w. M\u0119\u017cczy\u017anie uda\u0142o si\u0119 zbiec. Ksi\u0119\u017ca Alejo Nabor\u00c3\u00ad i Jos\u00c3\u00a9 Alfredo Jim\u00c3\u00a9nez [&hellip;]","protected":false},"author":1,"featured_media":0,"comment_status":"closed","ping_status":"closed","sticky":false,"template":"","format":"standard","meta":{"_acf_changed":false,"_monsterinsights_skip_tracking":false,"_monsterinsights_sitenote_active":false,"_monsterinsights_sitenote_note":"","_monsterinsights_sitenote_category":0,"ngg_post_thumbnail":0,"footnotes":"","_wp_rev_ctl_limit":""},"categories":[3],"tags":[132,114,235],"acf":[],"_links":{"self":[{"href":"https:\/\/www.bibula.com\/index.php?rest_route=\/wp\/v2\/posts\/89868"}],"collection":[{"href":"https:\/\/www.bibula.com\/index.php?rest_route=\/wp\/v2\/posts"}],"about":[{"href":"https:\/\/www.bibula.com\/index.php?rest_route=\/wp\/v2\/types\/post"}],"author":[{"embeddable":true,"href":"https:\/\/www.bibula.com\/index.php?rest_route=\/wp\/v2\/users\/1"}],"replies":[{"embeddable":true,"href":"https:\/\/www.bibula.com\/index.php?rest_route=%2Fwp%2Fv2%2Fcomments&post=89868"}],"version-history":[{"count":0,"href":"https:\/\/www.bibula.com\/index.php?rest_route=\/wp\/v2\/posts\/89868\/revisions"}],"wp:attachment":[{"href":"https:\/\/www.bibula.com\/index.php?rest_route=%2Fwp%2Fv2%2Fmedia&parent=89868"}],"wp:term":[{"taxonomy":"category","embeddable":true,"href":"https:\/\/www.bibula.com\/index.php?rest_route=%2Fwp%2Fv2%2Fcategories&post=89868"},{"taxonomy":"post_tag","embeddable":true,"href":"https:\/\/www.bibula.com\/index.php?rest_route=%2Fwp%2Fv2%2Ftags&post=89868"}],"curies":[{"name":"wp","href":"https:\/\/api.w.org\/{rel}","templated":true}]}}