{"id":89666,"date":"2016-09-11T14:03:51","date_gmt":"2016-09-11T18:03:51","guid":{"rendered":"http:\/\/www.bibula.com\/?p=89666"},"modified":"2016-09-11T14:04:19","modified_gmt":"2016-09-11T18:04:19","slug":"leopolis-semper-fidelis-lwow-swietuje-cwiercwiecze-odnowienia-struktur-koscielnych-na-ukrainie","status":"publish","type":"post","link":"https:\/\/www.bibula.com\/?p=89666","title":{"rendered":"\u201eLeopolis semper fidelis&#8221;. Lw\u00f3w \u015bwi\u0119tuje \u0107wier\u0107wiecze odnowienia struktur ko\u015bcielnych na Ukrainie"},"content":{"rendered":"<p><strong>Zdanie \u201eLeopolis semper fidelis\u201d &#8211; \u201eLw\u00f3w zawsze wierny\u201d przypomina, \u017ce prawdziwa wielko\u015b\u0107 chrze\u015bcijanina opiera si\u0119 na wierno\u015bci Bogu objawionemu w Jezusie Chrystusie\u201d &#8211; powiedzia\u0142 kard. Tarcisio Bertone w katedrze \u0142aci\u0144skiej we Lwowie. By\u0142y sekretarz stanu Stolicy Apostolskiej przewodniczy\u0142 w tym mie\u015bcie obchodom 25-lecia odnowienia struktur Ko\u015bcio\u0142a katolickiego na Ukrainie.<\/strong><\/p>\r\n<p>\u201eDzi\u015b jestem po\u015br\u00f3d was, aby z\u0142o\u017cy\u0107 Bogu dzi\u0119kczynienie za wytrwa\u0142o\u015b\u0107 lwowskiego Ko\u015bcio\u0142a w najtrudniejszym okresie jego historii: w smutnych latach wojny i okresie powojennym\u201d &#8211; m\u00f3wi\u0142 kardyna\u0142 i przypomnia\u0142, \u017ce pomimo wielkiego upokorzenia i zniszczenia tej ziemi, chrze\u015bcijanie wytrzymali i przetrwali.<\/p>\r\n<p>\u201eMo\u017cemy postawi\u0107 sobie pytanie: dlaczego tak si\u0119 sta\u0142o? Sta\u0142o si\u0119 tak dlatego, \u017ce nasza wiara zbudowana zosta\u0142a na skale. I nawet je\u015bli wielu ludzi do\u015bwiadczy\u0142o ogromnego zniszczenia i wielu ran, Ko\u015bci\u00f3\u0142 we Lwowie i Ukrainie nie upad\u0142, poniewa\u017c zosta\u0142 osadzony na fundamencie mocnym, to znaczy na Jezusie Chrystusie. I za to w\u0142a\u015bnie dzi\u0119kuj\u0119 Bogu i sk\u0142adam wam \u017cyczenia, z okazji tej 25. rocznicy odnowienia struktur Ko\u015bcio\u0142a katolickiego\u201d &#8211; zaznaczy\u0142.<\/p>\r\n<p>Kard. Bertone odda\u0142 ho\u0142d kap\u0142anom, zakonnikom i zakonnicom, kt\u00f3rzy w trudnych czasach komunistycznego totalitaryzmu pracowali w ukryciu. Podzi\u0119kowa\u0142 te\u017c rodzinom, kt\u00f3rzy przekazywa\u0142y wiar\u0119 swoim dzieciom i wnukom.<\/p>\r\n<p>Z czci\u0105 wspomnia\u0142 zmar\u0142ych odwa\u017cnych pasterzy lwowskiego Ko\u015bcio\u0142a: bp Jana Cie\u0144skiego, bp Jana Olsza\u0144skiego i o. Rafa\u0142a Kiernickiego oraz emerytowanych ordynariuszy biskup\u00f3w: Jana Purwi\u0144skiego i Stanis\u0142awa Padewskiego. \u201eOni zas\u0142u\u017cyli si\u0119 bardzo w przetrwaniu Ko\u015bcio\u0142a w Ukrainie\u201d &#8211; podkre\u015bli\u0142.<\/p>\r\n<p>Kard. Bertone z\u0142o\u017cy\u0142 podzi\u0119kowanie oraz \u017cyczy\u0142 zdrowia pierwszemu powojennemu arcybiskupowi lwowskiemu kard. Marianowi Jaworskiemu, kt\u00f3ry z powodu choroby i rekonwalescencji po operacji nie m\u00f3g\u0142 przyjecha\u0107 na uroczysto\u015bci do Lwowa.<\/p>\r\n<p>\u201eZ b\u00f3lem u\u015bwiadamiam sobie, \u017ce po 25 latach od og\u0142oszenia niepodleg\u0142o\u015bci Ukrainy, ta ziemia nie jest jeszcze wolna od wojny &#8211; powiedzia\u0142 kard. Bertone i doda\u0142: \u201eZ ca\u0142\u0105 moc\u0105 wzywam: \u015a<em>wi\u0119ty Bo\u017ce, \u015awi\u0119ty Mocny, \u015awi\u0119ty a Nie\u015bmiertelny! Od zarazy, g\u0142odu, ognia i wojny\u2026 i od wojny, wyzw\u00f3l nas Panie!\u201d<\/em><\/p>\r\n<p>Uroczyst\u0105 liturgi\u0119 poprzedzi\u0142a procesja ulicami miasta z relikwiami b\u0142. Jakuba Strzemi\u0119 &#8211; patrona archidiecezji lwowskiej, kt\u00f3rej przewodniczy\u0142 biskup odesko-symferopolski Bronis\u0142aw Bernacki.<\/p>\r\n<p>Po zako\u0144czeniu Mszy \u015bw. arcybiskup lwowski Mieczys\u0142aw Mokrzycki podzi\u0119kowa\u0142 za wsp\u00f3ln\u0105 modlitw\u0119 obecnym na uroczysto\u015bci przedstawicielom Ukrai\u0144skiego Ko\u015bcio\u0142a Greckokatolickiego, Ko\u015bcio\u0142\u00f3w prawos\u0142awnych, Ormia\u0144skiego Ko\u015bcio\u0142a Apostolskiego oraz dyplomatom i w\u0142adzom miejscowym.<\/p>\r\n<p>W ramach obchod\u00f3w 25-lecia odnowienia struktur ko\u015bcielnych na Ukrainie kard. Bertone po\u015bwi\u0119ci\u0142 tak\u017ce otwarty w Brzuchowicach k. Lwowa Dom Opieki \u015bw. Zygmunta Gorazdowskiego, w kt\u00f3rym opiek\u0119 znajd\u0105 osoby starsze i chore oraz kap\u0142ani emeryci. Potem na terenie kompleksu seminaryjnego spotka\u0142 si\u0119 tak\u017ce z m\u0142odzie\u017c\u0105, uczestnikami 15. Diecezjalnych Dni M\u0142odych.<\/p>\r\n<p>KAI<\/p>\r\n<p>luk<\/p>","protected":false},"excerpt":{"rendered":"Zdanie \u201eLeopolis semper fidelis\u201d &#8211; \u201eLw\u00f3w zawsze wierny\u201d przypomina, \u017ce prawdziwa wielko\u015b\u0107 chrze\u015bcijanina opiera si\u0119 na wierno\u015bci Bogu objawionemu w Jezusie Chrystusie\u201d &#8211; powiedzia\u0142 kard. Tarcisio Bertone w katedrze \u0142aci\u0144skiej we Lwowie. By\u0142y sekretarz stanu Stolicy Apostolskiej przewodniczy\u0142 w tym mie\u015bcie obchodom 25-lecia odnowienia struktur Ko\u015bcio\u0142a katolickiego na Ukrainie. \u201eDzi\u015b jestem po\u015br\u00f3d was, aby z\u0142o\u017cy\u0107 [&hellip;]","protected":false},"author":1,"featured_media":0,"comment_status":"closed","ping_status":"closed","sticky":false,"template":"","format":"standard","meta":{"_acf_changed":false,"_monsterinsights_skip_tracking":false,"_monsterinsights_sitenote_active":false,"_monsterinsights_sitenote_note":"","_monsterinsights_sitenote_category":0,"ngg_post_thumbnail":0,"footnotes":"","_wp_rev_ctl_limit":""},"categories":[215],"tags":[188,41],"acf":[],"_links":{"self":[{"href":"https:\/\/www.bibula.com\/index.php?rest_route=\/wp\/v2\/posts\/89666"}],"collection":[{"href":"https:\/\/www.bibula.com\/index.php?rest_route=\/wp\/v2\/posts"}],"about":[{"href":"https:\/\/www.bibula.com\/index.php?rest_route=\/wp\/v2\/types\/post"}],"author":[{"embeddable":true,"href":"https:\/\/www.bibula.com\/index.php?rest_route=\/wp\/v2\/users\/1"}],"replies":[{"embeddable":true,"href":"https:\/\/www.bibula.com\/index.php?rest_route=%2Fwp%2Fv2%2Fcomments&post=89666"}],"version-history":[{"count":0,"href":"https:\/\/www.bibula.com\/index.php?rest_route=\/wp\/v2\/posts\/89666\/revisions"}],"wp:attachment":[{"href":"https:\/\/www.bibula.com\/index.php?rest_route=%2Fwp%2Fv2%2Fmedia&parent=89666"}],"wp:term":[{"taxonomy":"category","embeddable":true,"href":"https:\/\/www.bibula.com\/index.php?rest_route=%2Fwp%2Fv2%2Fcategories&post=89666"},{"taxonomy":"post_tag","embeddable":true,"href":"https:\/\/www.bibula.com\/index.php?rest_route=%2Fwp%2Fv2%2Ftags&post=89666"}],"curies":[{"name":"wp","href":"https:\/\/api.w.org\/{rel}","templated":true}]}}