{"id":89631,"date":"2016-09-09T11:06:20","date_gmt":"2016-09-09T15:06:20","guid":{"rendered":"http:\/\/www.bibula.com\/?p=89631"},"modified":"2016-09-09T11:06:20","modified_gmt":"2016-09-09T15:06:20","slug":"minister-edukacji-polacy-wspolodpowiedzialni-za-jedwabne","status":"publish","type":"post","link":"https:\/\/www.bibula.com\/?p=89631","title":{"rendered":"Minister edukacji: Polacy wsp\u00f3\u0142odpowiedzialni za Jedwabne"},"content":{"rendered":"<p><strong>OPINIA: JE Anna Zalewska, minister edukacji z PiS, powiedzia\u0142a w RMF FM, \u017ce pogrom w Jedwabnem to &#8222;wsp\u00f3\u0142odpowiedzialno\u015b\u0107 Polak\u00f3w&#8221;.<\/strong><\/p>\r\n<p>&#8211; Ja ju\u017c o tym m\u00f3wi\u0142am na konferencji prasowej w Ministerstwie Edukacji. Prosi\u0142am wtedy, \u017ceby dyskutowa\u0107 o tym w szerokim kontek\u015bcie &#8211; okupowanego kraju, roku 1941, o tym, \u017ce byli\u015bmy pod niewol\u0105 niemieckiego okupanta &#8211; m\u00f3wi\u0142a p. Zalewska. &#8211; Musimy z b\u00f3lem powiedzie\u0107, \u017ce by\u0142a to wsp\u00f3\u0142odpowiedzialno\u015b\u0107 Polak\u00f3w &#8211; stwierdzi\u0142a minister edukacji.<\/p>\r\n<p>Pytana, czy by\u0142a to wsp\u00f3\u0142odpowiedzialno\u015b\u0107 czy sprawstwo, odpowiedzia\u0142a: &#8222;wsp\u00f3\u0142odpowiedzialno\u015b\u0107&#8221;.<\/p>\r\n<p>&#8211; M\u00f3wimy o tym, \u017ce nie nale\u017cy tych miejsc i sytuacji traktowa\u0107 jako jedynego \u017ar\u00f3d\u0142a wiedzy o zachowaniu Polak\u00f3w w stosunku do \u017byd\u00f3w. Przypominam, \u017ce Pa\u0144stwo Podziemne kara\u0142o za mordowanie \u017byd\u00f3w. W zwi\u0105zku w tym m\u00f3wmy o udziale Polak\u00f3w w dramatach i pogromach, ale m\u00f3wmy w kontek\u015bcie historycznym &#8211; doda\u0142a minister.<\/p>\r\n<p>\u0179r\u00f3d\u0142o: <a href=\"http:\/\/www.rmf24.pl\/tylko-w-rmf24\/poranna-rozmowa\/news-anna-zalewska-o-reformie-edukacji-ustawa-16-wrzesnia-nauczyc,nId,2264468\">rmf24.pl<\/a><\/p>\r\n<p>Opracowa\u0142: GK<\/p>\r\n<p class=\"zrodlo\">Za: <a href=\"http:\/\/korwin-mikke.pl\/polska\/zobacz\/minister_edukacji_polacy_wspolodpowiedzialni_za_jedwabne\/135004\">korwin-mikke.pl (08-09-2016)<\/a><\/p>","protected":false},"excerpt":{"rendered":"OPINIA: JE Anna Zalewska, minister edukacji z PiS, powiedzia\u0142a w RMF FM, \u017ce pogrom w Jedwabnem to &#8222;wsp\u00f3\u0142odpowiedzialno\u015b\u0107 Polak\u00f3w&#8221;. &#8211; Ja ju\u017c o tym m\u00f3wi\u0142am na konferencji prasowej w Ministerstwie Edukacji. Prosi\u0142am wtedy, \u017ceby dyskutowa\u0107 o tym w szerokim kontek\u015bcie &#8211; okupowanego kraju, roku 1941, o tym, \u017ce byli\u015bmy pod niewol\u0105 niemieckiego okupanta &#8211; m\u00f3wi\u0142a [&hellip;]","protected":false},"author":1,"featured_media":0,"comment_status":"closed","ping_status":"closed","sticky":false,"template":"","format":"standard","meta":{"_acf_changed":false,"_monsterinsights_skip_tracking":false,"_monsterinsights_sitenote_active":false,"_monsterinsights_sitenote_note":"","_monsterinsights_sitenote_category":0,"ngg_post_thumbnail":0,"footnotes":"","_wp_rev_ctl_limit":""},"categories":[8],"tags":[65,22,98,101,20,59],"acf":[],"_links":{"self":[{"href":"https:\/\/www.bibula.com\/index.php?rest_route=\/wp\/v2\/posts\/89631"}],"collection":[{"href":"https:\/\/www.bibula.com\/index.php?rest_route=\/wp\/v2\/posts"}],"about":[{"href":"https:\/\/www.bibula.com\/index.php?rest_route=\/wp\/v2\/types\/post"}],"author":[{"embeddable":true,"href":"https:\/\/www.bibula.com\/index.php?rest_route=\/wp\/v2\/users\/1"}],"replies":[{"embeddable":true,"href":"https:\/\/www.bibula.com\/index.php?rest_route=%2Fwp%2Fv2%2Fcomments&post=89631"}],"version-history":[{"count":0,"href":"https:\/\/www.bibula.com\/index.php?rest_route=\/wp\/v2\/posts\/89631\/revisions"}],"wp:attachment":[{"href":"https:\/\/www.bibula.com\/index.php?rest_route=%2Fwp%2Fv2%2Fmedia&parent=89631"}],"wp:term":[{"taxonomy":"category","embeddable":true,"href":"https:\/\/www.bibula.com\/index.php?rest_route=%2Fwp%2Fv2%2Fcategories&post=89631"},{"taxonomy":"post_tag","embeddable":true,"href":"https:\/\/www.bibula.com\/index.php?rest_route=%2Fwp%2Fv2%2Ftags&post=89631"}],"curies":[{"name":"wp","href":"https:\/\/api.w.org\/{rel}","templated":true}]}}