{"id":89619,"date":"2016-09-09T09:38:53","date_gmt":"2016-09-09T13:38:53","guid":{"rendered":"http:\/\/www.bibula.com\/?p=89619"},"modified":"2016-09-09T09:38:53","modified_gmt":"2016-09-09T13:38:53","slug":"wizyta-o-tadeusza-rydzyka-cssr-w-ambasadzie-izraela","status":"publish","type":"post","link":"https:\/\/www.bibula.com\/?p=89619","title":{"rendered":"Wizyta o. Tadeusza Rydzyka CSsR w ambasadzie Izraela"},"content":{"rendered":"<p><strong>Za\u0142o\u017cyciel i dyrektor Radia Maryja oraz Telewizji Trwam o. Tadeusz Rydzyk CSsR z\u0142o\u017cy\u0142 wizyt\u0119 w Ambasadzie Izraela w Warszawie.<\/strong><\/p>\r\n<p><img fetchpriority=\"high\" decoding=\"async\" class=\"attachment-article-image  colorbox-1010415  wp-post-image aligncenter\" title=\"\" src=\"http:\/\/www.radiomaryja.pl\/wp-content\/uploads\/2016\/09\/o.-Tadeusz-Rydzyk-i-Anna-Azari-Ambasador-Izraela-w-Polsce-fot.-Ambasada-270x180.jpg\" sizes=\"(max-width: 270px) 100vw, 270px\" srcset=\"http:\/\/www.radiomaryja.pl\/wp-content\/uploads\/2016\/09\/o.-Tadeusz-Rydzyk-i-Anna-Azari-Ambasador-Izraela-w-Polsce-fot.-Ambasada-270x180.jpg 270w, http:\/\/www.radiomaryja.pl\/wp-content\/uploads\/2016\/09\/o.-Tadeusz-Rydzyk-i-Anna-Azari-Ambasador-Izraela-w-Polsce-fot.-Ambasada-120x80.jpg 120w, http:\/\/www.radiomaryja.pl\/wp-content\/uploads\/2016\/09\/o.-Tadeusz-Rydzyk-i-Anna-Azari-Ambasador-Izraela-w-Polsce-fot.-Ambasada-150x100.jpg 150w, http:\/\/www.radiomaryja.pl\/wp-content\/uploads\/2016\/09\/o.-Tadeusz-Rydzyk-i-Anna-Azari-Ambasador-Izraela-w-Polsce-fot.-Ambasada-160x106.jpg 160w\" alt=\"\" width=\"600\" height=\"400\" \/><\/p>\r\n<p class=\"second\" style=\"text-align: center;\"><em>o. Tadeusz Rydzyk i Anna Azari, Ambasador Izraela w Polsce (fot. Ambasada)<\/em><\/p>\r\n<p>Podczas godzinnej rozmowy z Ambasador Izraela Ann\u0105 Azari poruszone zosta\u0142y kwestie budowania dialogu polsko-\u017cydowskiego oraz ochrony pami\u0119ci o \u017cydowskich s\u0105siadach.<\/p>\r\n<p>Dodatkowo, o. Tadeusz Rydzyk CSsR nawi\u0105za\u0142 do swoich licznych wizyt w Izraelu. Chwal\u0105c izraelsk\u0105 kuchni\u0119, kultur\u0119, krajobrazy i niezwyk\u0142e osi\u0105gni\u0119cia izraelskich naukowc\u00f3w dyrektor Radia Maryja przyzna\u0142, \u017ce by\u0142 pod wielkim wra\u017ceniem wielu kultur \u017cyj\u0105cych pod jednym dachem.<\/p>\r\n<blockquote>\r\n<p><strong>&#8222;Ta wielokulturowo\u015b\u0107 jest pi\u0119kna, wzbudza szacunek i powoduje wielkie ubogacenie i urozmaicenie izraelskiego spo\u0142ecze\u0144stwa\u201d<\/strong> &#8211; doda\u0142.<\/p>\r\n<\/blockquote>\r\n<p>o. Tadeusz Rydzyk CSsR wr\u0119czy\u0142 Ambasador w prezencie album z otwarcia Ko\u015bcio\u0142a Maryi Gwiazdy Nowej Ewangelizacji i \u015bw. Jana Paw\u0142a II w Toruniu, gdzie znajduje si\u0119 wyj\u0105tkowa Kaplica Pami\u0119ci, oddaj\u0105ca cze\u015b\u0107 Polakom, kt\u00f3rzy zostali zamordowani za pomoc udzielon\u0105 \u017bydom w czasie II wojny \u015bwiatowej oraz wystosowa\u0142 zaproszenie do z\u0142o\u017cenia wizyty w Toruniu.<\/p>\r\n<p><strong>Ambasada Izraela w Polsce\/RIRM<\/strong><\/p>","protected":false},"excerpt":{"rendered":"Za\u0142o\u017cyciel i dyrektor Radia Maryja oraz Telewizji Trwam o. Tadeusz Rydzyk CSsR z\u0142o\u017cy\u0142 wizyt\u0119 w Ambasadzie Izraela w Warszawie. o. Tadeusz Rydzyk i Anna Azari, Ambasador Izraela w Polsce (fot. Ambasada) Podczas godzinnej rozmowy z Ambasador Izraela Ann\u0105 Azari poruszone zosta\u0142y kwestie budowania dialogu polsko-\u017cydowskiego oraz ochrony pami\u0119ci o \u017cydowskich s\u0105siadach. Dodatkowo, o. Tadeusz Rydzyk [&hellip;]","protected":false},"author":1,"featured_media":0,"comment_status":"closed","ping_status":"closed","sticky":false,"template":"","format":"standard","meta":{"_acf_changed":false,"_monsterinsights_skip_tracking":false,"_monsterinsights_sitenote_active":false,"_monsterinsights_sitenote_note":"","_monsterinsights_sitenote_category":0,"ngg_post_thumbnail":0,"footnotes":"","_wp_rev_ctl_limit":""},"categories":[8],"tags":[61,98,101,83],"acf":[],"_links":{"self":[{"href":"https:\/\/www.bibula.com\/index.php?rest_route=\/wp\/v2\/posts\/89619"}],"collection":[{"href":"https:\/\/www.bibula.com\/index.php?rest_route=\/wp\/v2\/posts"}],"about":[{"href":"https:\/\/www.bibula.com\/index.php?rest_route=\/wp\/v2\/types\/post"}],"author":[{"embeddable":true,"href":"https:\/\/www.bibula.com\/index.php?rest_route=\/wp\/v2\/users\/1"}],"replies":[{"embeddable":true,"href":"https:\/\/www.bibula.com\/index.php?rest_route=%2Fwp%2Fv2%2Fcomments&post=89619"}],"version-history":[{"count":0,"href":"https:\/\/www.bibula.com\/index.php?rest_route=\/wp\/v2\/posts\/89619\/revisions"}],"wp:attachment":[{"href":"https:\/\/www.bibula.com\/index.php?rest_route=%2Fwp%2Fv2%2Fmedia&parent=89619"}],"wp:term":[{"taxonomy":"category","embeddable":true,"href":"https:\/\/www.bibula.com\/index.php?rest_route=%2Fwp%2Fv2%2Fcategories&post=89619"},{"taxonomy":"post_tag","embeddable":true,"href":"https:\/\/www.bibula.com\/index.php?rest_route=%2Fwp%2Fv2%2Ftags&post=89619"}],"curies":[{"name":"wp","href":"https:\/\/api.w.org\/{rel}","templated":true}]}}