{"id":8956,"date":"2009-04-28T14:39:15","date_gmt":"2009-04-28T19:39:15","guid":{"rendered":"http:\/\/www.bibula.com\/?p=8956"},"modified":"2020-09-19T13:54:00","modified_gmt":"2020-09-19T17:54:00","slug":"ali-agca-katolikiem","status":"publish","type":"post","link":"https:\/\/www.bibula.com\/?p=8956","title":{"rendered":"Ali Agca katolikiem?"},"content":{"rendered":"<p><strong>Turek 28 lat temu strzela\u0142 do Jana Paw\u0142a II przed bazylik\u0105 \u015bw. Piotra. Teraz o\u015bwiadczy\u0142, \u017ce nawr\u00f3ci\u0142 si\u0119 na katolicyzm i chce si\u0119 o\u017ceni\u0107, a jak tylko wyjdzie z wi\u0119zienia odda ho\u0142d swemu &#8222;najdro\u017cszemu bratu&#8221;.<\/strong><\/p>\r\n<div class=\"cut1\">[&#8230;] <span class=\"podpis_sz\">Ca\u0142y tekst dost\u0119pny w materiale \u017ar\u00f3d\u0142owym<\/span><\/div>\r\n<p>MM\/Kontakt\/PAP\/Forum<\/p>\r\n<p>Za: Fronda.pl (&#8222;Ali Agca zosta\u0142 katolikiem i szuka kandydatki na \u017con\u0119&#8221;)<\/p>","protected":false},"excerpt":{"rendered":"Turek 28 lat temu strzela\u0142 do Jana Paw\u0142a II przed bazylik\u0105 \u015bw. Piotra. Teraz o\u015bwiadczy\u0142, \u017ce nawr\u00f3ci\u0142 si\u0119 na katolicyzm i chce si\u0119 o\u017ceni\u0107, a jak tylko wyjdzie z wi\u0119zienia odda ho\u0142d swemu &#8222;najdro\u017cszemu bratu&#8221;. [&#8230;] Ca\u0142y tekst dost\u0119pny w materiale \u017ar\u00f3d\u0142owym MM\/Kontakt\/PAP\/Forum Za: Fronda.pl (&#8222;Ali Agca zosta\u0142 katolikiem i szuka kandydatki na \u017con\u0119&#8221;)","protected":false},"author":2,"featured_media":0,"comment_status":"closed","ping_status":"closed","sticky":false,"template":"","format":"standard","meta":{"_acf_changed":false,"_monsterinsights_skip_tracking":false,"_monsterinsights_sitenote_active":false,"_monsterinsights_sitenote_note":"","_monsterinsights_sitenote_category":0,"ngg_post_thumbnail":0,"footnotes":"","_wp_rev_ctl_limit":""},"categories":[6],"tags":[256,448,70,51],"acf":[],"_links":{"self":[{"href":"https:\/\/www.bibula.com\/index.php?rest_route=\/wp\/v2\/posts\/8956"}],"collection":[{"href":"https:\/\/www.bibula.com\/index.php?rest_route=\/wp\/v2\/posts"}],"about":[{"href":"https:\/\/www.bibula.com\/index.php?rest_route=\/wp\/v2\/types\/post"}],"author":[{"embeddable":true,"href":"https:\/\/www.bibula.com\/index.php?rest_route=\/wp\/v2\/users\/2"}],"replies":[{"embeddable":true,"href":"https:\/\/www.bibula.com\/index.php?rest_route=%2Fwp%2Fv2%2Fcomments&post=8956"}],"version-history":[{"count":4,"href":"https:\/\/www.bibula.com\/index.php?rest_route=\/wp\/v2\/posts\/8956\/revisions"}],"predecessor-version":[{"id":118092,"href":"https:\/\/www.bibula.com\/index.php?rest_route=\/wp\/v2\/posts\/8956\/revisions\/118092"}],"wp:attachment":[{"href":"https:\/\/www.bibula.com\/index.php?rest_route=%2Fwp%2Fv2%2Fmedia&parent=8956"}],"wp:term":[{"taxonomy":"category","embeddable":true,"href":"https:\/\/www.bibula.com\/index.php?rest_route=%2Fwp%2Fv2%2Fcategories&post=8956"},{"taxonomy":"post_tag","embeddable":true,"href":"https:\/\/www.bibula.com\/index.php?rest_route=%2Fwp%2Fv2%2Ftags&post=8956"}],"curies":[{"name":"wp","href":"https:\/\/api.w.org\/{rel}","templated":true}]}}