{"id":89547,"date":"2016-09-07T11:07:30","date_gmt":"2016-09-07T15:07:30","guid":{"rendered":"http:\/\/www.bibula.com\/?p=89547"},"modified":"2020-09-28T15:08:17","modified_gmt":"2020-09-28T19:08:17","slug":"usprawiedliwiala-gloryfikacje-upa-na-ukrainie-zostala-glownym-doradca-premier-szydlo","status":"publish","type":"post","link":"https:\/\/www.bibula.com\/?p=89547","title":{"rendered":"Usprawiedliwia\u0142a gloryfikacj\u0119 UPA na Ukrainie &#8211; zosta\u0142a g\u0142\u00f3wnym doradc\u0105 premier Szyd\u0142o"},"content":{"rendered":"<p><strong>Katarzyna Kacperczyk, by\u0142a wiceminister spraw zagranicznych od 1 wrze\u015bnia jest G\u0142\u00f3wnym Doradc\u0105 Prezesa Rady Ministr\u00f3w. Wcze\u015bniej w kontek\u015bcie gloryfikacji przez ukrai\u0144skie w\u0142adze zbrodniarzy z OUN-UPA twierdzi\u0142a, \u017ce nie mo\u017cna odmawia\u0107 Ukrai\u0144com prawa do w\u0142asnych bohater\u00f3w.<\/strong><\/p>\r\n<p>Katarzyna Kacperczyk zosta\u0142a powo\u0142ana na stanowisko podsekretarza stanu w Ministerstwie Spraw Zagranicznych w 2013 przez \u00f3wczesnego premiera Donalda Tuska. Resortem kierowa\u0142 w tym czasie Rados\u0142aw Sikorski. Odpowiada\u0142a m.in. za dyplomacj\u0119 ekonomiczn\u0105. Po zmianie rz\u0105du i obj\u0119ciu stanowiska przez Witolda Waszczykowskiego pozosta\u0142a na dotychczasowym stanowisku. W MSZ pracowa\u0142a od 2002 roku.<\/p>\r\n<p>Jak poinformowa\u0142 Dyrektor Biura Rzecznika Prasowego MSZ Rafa\u0142 Sobczak, z dniem 24 sierpnia tego roku zosta\u0142a ona odwo\u0142ana ze stanowiska. Przyczyna nie zosta\u0142a podana. Okaza\u0142o si\u0119 jednak, \u017ce z dniem 1 wrze\u015bnia Kacperczyk zosta\u0142a zatrudniona na stanowisku G\u0142\u00f3wnego Doradcy Prezesa Rady Ministr\u00f3w.<\/p>\r\n<ul>\r\n\t<li>PRZECZYTAJ: <a href=\"http:\/\/www.kresy.pl\/wydarzenia,polityka?zobacz\/wiceszefowa-msz-ktora-usprawiedliwiala-gloryfikacje-upa-na-ukrainie-odwolana-ze-stanowiska\"><strong>Wiceszefowa MSZ, kt\u00f3ra usprawiedliwia\u0142a gloryfikacj\u0119 UPA na Ukrainie, odwo\u0142ana ze stanowiska<\/strong><\/a><\/li>\r\n<\/ul>\r\n<p>W lutym, <a href=\"http:\/\/www.kresy.pl\/wydarzenia,spoleczenstwo?zobacz%2Frzad-pis-u-usprawiedliwia-kult-upa-na-ukrainie\">w odpowiedzi na interpelacj\u0119 pos\u0142a Roberta Winnickiego w sprawie stanowiska MSZ wobec rozwoju kultu OUN-UPA na Ukrainie<\/a>, wiceminister Katarzyna Kacperczyk stwierdzi\u0142a:<\/p>\r\n<p><strong><em>\u00a0\u201eW takich okoliczno\u015bciach [tj. wojny w Donbasie &#8211; Kresy.pl] <a href=\"http:\/\/www.sejm.gov.pl\/sejm8.nsf\/InterpelacjaTresc.xsp?key=60B91004\">nie mo\u017cna odmawia\u0107 Ukrainie prawa do odwo\u0142ywania si\u0119 do przyk\u0142ad\u00f3w patriotycznych<\/a> postaw ze stosunkowo kr\u00f3tkiej historii tego kraju\u201d.<\/em><\/strong><\/p>\r\n<p>W imieniu MSZ <a href=\"http:\/\/www.kresy.pl\/wydarzenia,spoleczenstwo?zobacz%2Frzad-pis-u-usprawiedliwia-kult-upa-na-ukrainie\">Kacperczyk t\u0142umaczy\u0142a<\/a> ponadto pozytywny wizerunek UPA reakcj\u0105 na wsp\u00f3\u0142czesn\u0105 propagand\u0119 rosyjsk\u0105:<\/p>\r\n<p><strong><em>\u201eObecna propaganda rosyjska, przedstawiaj\u0105ca ukrai\u0144skich patriot\u00f3w jako banderowc\u00f3w i faszyst\u00f3w, sprzyja utrwaleniu pozytywnego wizerunku UPA. Nie bez znaczenia jest tak\u017ce fakt, \u017ce przyj\u0119cie przez parlament Ukrainy pakietu ustaw historycznych wpisuje si\u0119 w szerszy proces desowietyzacji i dekomunizacji oraz pr\u00f3by poszukiwania nowej obywatelskiej to\u017csamo\u015bci narodowej przez naszego wschodniego s\u0105siad\u201d.<\/em><\/strong><\/p>\r\n<p>Mimo apeli narodowc\u00f3w na konferencji prasowej o jej odwo\u0142anie, Kacperczyk w dalszym ci\u0105gu pe\u0142ni\u0142a swoj\u0105 funkcj\u0119.<em> \u201eCo oznacza, \u017ce jej stanowisko by\u0142o czym\u015b wi\u0119cej ni\u017c prywatn\u0105 opini\u0105\u201d <\/em>&#8211; <a href=\"http:\/\/www.kresy.pl\/publicystyka,analizy?zobacz\/jak-prawo-i-sprawiedliwosc-oszukalo-i-zdradzilo-kresowian\">pisali\u015bmy na naszych \u0142amach<\/a>.<\/p>\r\n<p><strong>Szyd\u0142o: jeste\u015bmy i chcemy by\u0107 ambasadorem Ukrainy w Europie<\/strong><\/p>\r\n<p><em>\u201ePolska jest i chce by\u0107 ambasadorem Ukrainy w UE. Wolna Ukraina jest gwarancj\u0105 bezpiecze\u0144stwa Europy i Polski\u201d <\/em>&#8211; <a href=\"http:\/\/www.kresy.pl\/wydarzenia,bezpieczenstwo-i-obrona?zobacz\/szydlo-jestesmy-i-chcemy-byc-ambasadorem-ukrainy-w-europie\">powiedzia\u0142a w \u015brod\u0119 premier Beata Szyd\u0142o po spotkaniu z ukrai\u0144skim premierem Wo\u0142odymyrem Hrojsmanem<\/a>.<\/p>\r\n<p><strong><em>\u201ePolska niezmiennie stoi na stanowisku, \u017ce jeste\u015bmy i chcemy by\u0107 ambasadorem Ukrainy na arenie Unii Europejskiej\u201d &#8211;<\/em><\/strong> powiedzia\u0142a.<\/p>\r\n<p><strong><em>\u201eWolna, suwerenna, demokratyczna \u00a0Ukraina to gwarancja bezpiecze\u0144stwa Europy\u201d <\/em><\/strong>&#8211; podkre\u015bli\u0142a premier Szyd\u0142o. Zadeklarowa\u0142a r\u00f3wnie\u017c, \u017ce Polska zdecydowania opowiada si\u0119 za utrzymaniem sankcji \u00a0wzgl\u0119dem Rosji do czasu pe\u0142nego zrealizowania warunk\u00f3w porozumienia mi\u0144skiego.<\/p>\r\n<ul>\r\n\t<li>Przeczytaj tak\u017ce: <a href=\"http:\/\/www.kresy.pl\/wydarzenia,spoleczenstwo?zobacz%2Fks-isakowicz-zaleski-duda-i-poroszenko-chca-zrownac-ofiary-z-katami-\"><strong>Ks. Isakowicz-Zaleski: Duda i Poroszenko chc\u0105 zr\u00f3wna\u0107 ofiary z katami<\/strong><\/a><\/li>\r\n<\/ul>\r\n<p>dorzeczy.pl \/ Kresy.pl<\/p>\r\n<p class=\"zrodlo\">Za: <a href=\"http:\/\/www.kresy.pl\/wydarzenia,polityka?zobacz\/usprawiedliwiala-gloryfikacje-upa-na-ukrainie-zostala-glownym-doradca-premier-szydlo\">Kresy.pl (<span class=\"date\">07 wrzesnia 2016<\/span>)<\/a><\/p>\r\n<h4>\u00a0<\/h4>\r\n<hr style=\"background-color: #000000; border-width: 0; color: #000000; height: 2px; line-height: 0; text-align: center; width: 100%;\" \/>\r\n<h4>\u00a0<\/h4>\r\n<h2>Ks. Isakowicz-Zaleski: Duda i Poroszenko chc\u0105 zr\u00f3wna\u0107 ofiary z katami<\/h2>\r\n<p><strong>\u201eObaj prezydenci widocznie uwa\u017caj\u0105, \u017ce w sojuszu Polski z Ukrain\u0105 prawda historyczna i wra\u017cliwo\u015b\u0107 rodzin ofiar jest tylko przeszkod\u0105\u201d &#8211; pisze ks. Tadeusz Isakowicz-Zaleski, odnosz\u0105c si\u0119 do plan\u00f3w prezydent\u00f3w Polski i Ukrainy, kt\u00f3rzy poza sprawiedliwymi Ukrai\u0144cami chcieliby honorowa\u0107 tak\u017ce Polak\u00f3w ratuj\u0105cych Ukrai\u0144c\u00f3w \u201ew czasach tragedii i zbrodni\u201d.<\/strong><\/p>\r\n<p><em>\u201e<strong>Czy by\u0142oby mo\u017cliwe, aby prezydenci Niemiec i\u00a0Izraela wyszli z\u00a0inicjatyw\u0105 ustanawiaj\u0105c\u0105 wsp\u00f3lny medal dla Niemc\u00f3w ratuj\u0105cych \u017byd\u00f3w oraz dla \u017byd\u00f3w &#8211; uwaga! &#8211; ratuj\u0105cych Niemc\u00f3w w\u00a0czasie Holokaustu? <\/strong>Oczywi\u015bcie, \u017ce nie, bo po pierwsze Holokaust by\u0142 ludob\u00f3jstwem, w\u00a0czasie kt\u00f3rego Niemcy mordowali \u017byd\u00f3w, a\u00a0nie odwrotnie. A\u00a0przypadki ratowania np. niemieckich esesman\u00f3w przez ich \u017cydowskie ofiary s\u0105 praktycznie znikome. Po drugie, taki medal stawia\u0142by znak r\u00f3wno\u015bci pomi\u0119dzy narodem kat\u00f3w a\u00a0narodem ofiar. Z\u00a0kolei samo ludob\u00f3jstwo z\u00a0poziomu \u015bwiadomie zaplanowanej zag\u0142ady ca\u0142ego narodu degradowa\u0142by do poziomu s\u0105siedzkich utarczek\u201d <\/em>&#8211; zaznacza w tek\u015bcie opublikowanym na portalu<a href=\"http:\/\/www.rmf24.pl\/tylko-w-rmf24\/isakowicz-zaleski\/blogi\/news-prezydenci-andrzej-duda-i-petro-poroszenko-chca-zrownac-ofia,nId,2264674\"> rmf24.pl<\/a> ks. Tadeusz Isakowicz &#8211; Zaleski.<\/p>\r\n<p><strong><em>\u201eZ\u00a0ogromnym smutkiem musz\u0119 stwierdzi\u0107, \u017ce to co nie by\u0142o mo\u017cliwe ani w\u00a0Izraelu, ani w\u00a0innym kraju, kt\u00f3rego obywatele padli ofiar\u0105 ludob\u00f3jstwa, mo\u017ce sta\u0107 realne w\u00a0Polsce za przyczyn\u0105 w\u0105tpliwych dzia\u0142a\u0144 Kancelarii Prezydenta RP\u201d <\/em><\/strong>&#8211; napisa\u0142, <a href=\"http:\/\/www.kresy.pl\/wydarzenia,spoleczenstwo?zobacz\/duda-i-poroszenko-chca-honorowac-ukraincow-ratujacych-polakow-i-polakow-ratujacych-ukraincow\">odnosz\u0105c si\u0119 do wtorkowych deklaracji prezydenckiego ministra Krzysztofa Szczerskiego<\/a>.<\/p>\r\n<ul>\r\n\t<li>Przeczytaj: <a href=\"http:\/\/www.kresy.pl\/wydarzenia,spoleczenstwo?zobacz\/duda-i-poroszenko-chca-honorowac-ukraincow-ratujacych-polakow-i-polakow-ratujacych-ukraincow\"><strong>Duda i Poroszenko chc\u0105 honorowa\u0107 Ukrai\u0144c\u00f3w ratuj\u0105cych Polak\u00f3w i Polak\u00f3w ratuj\u0105cych Ukrai\u0144c\u00f3w<\/strong><\/a><\/li>\r\n<\/ul>\r\n<p>Zdaniem duchownego, <strong>prezydent Duda w kwestii relacji polsko-ukrai\u0144skich ca\u0142kowicie ulega \u201emitowi Giedroycia\u201d<\/strong>. Z kolei pomys\u0142 dotycz\u0105cy honorowania Polak\u00f3w ratuj\u0105cych Ukrai\u0144c\u00f3w mo\u017ce sprowadzi\u0107 ludob\u00f3jstwo dokonane na Polakach przez ukrai\u0144skich nacjonalist\u00f3w do poziomu s\u0105siedzkich utarczek. Szczeg\u00f3lnie w oczach m\u0142odego pokolenia. Przypomnia\u0142, \u017ce <strong>pojednanie polsko-niemieckie mo\u017cliwe jest dlatego, \u017ce w przeciwie\u0144stwie do Ukrainy, Niemcy odci\u0119li si\u0119 od zbrodniczej ideologii i\u00a0nie czcz\u0105 ludob\u00f3jc\u00f3w jako swoich bohater\u00f3w narodowych.<\/strong><\/p>\r\n<p>Ks. Isakowicz-Zaleski przypomnia\u0142 r\u00f3wnie\u017c, \u017ce podczas dw\u00f3ch wizyt na Ukrainie nie odwiedzi\u0142 masowych mogi\u0142 pomordowanych Polak\u00f3w na Wo\u0142yniu i\u00a0Podolu, ani te\u017c nie powiedzia\u0142 prawdy o\u00a0ludob\u00f3jstwie.<\/p>\r\n<p><em><strong>\u201eNie przeciwstawi\u0142 si\u0119 te\u017c skandalicznej gloryfikacji ludob\u00f3jc\u00f3w z\u00a0OUN-UPA i\u00a0SS Galizien, kt\u00f3ra jest oficjaln\u0105 lini\u0105 polityczn\u0105 prezydenta Petro Poroszenki i\u00a0rz\u0105du w\u00a0Kijowie. Nie odpowiada r\u00f3wnie\u017c\u00a0 na apele i\u00a0listy rodzin ofiar UPA, a\u00a0ich uroczysto\u015bci i\u00a0upami\u0119tnienia omija wielkim \u0142ukiem, cho\u0107 w\u00a0czasie kampanii wyborczej, zw\u0142aszcza pomi\u0119dzy pierwsza a\u00a0drug\u0105 tur\u0105 wybor\u00f3w prezydenckich, zabiega\u0142 usilnie o\u00a0ich g\u0142osy i\u00a0sk\u0142ada\u0142 im konkretne deklaracje\u201d<\/strong> <\/em>&#8211; pisze duchowny.<\/p>\r\n<p><strong><em>\u201ePan prezydent widocznie uwa\u017ca, \u017ce w\u00a0sojuszu Polski z\u00a0Ukrain\u0105 prawda historyczna i\u00a0wra\u017cliwo\u015b\u0107 rodzin ofiar jest tylko przeszkod\u0105\u201d<\/em><\/strong> &#8211; dodaje.<\/p>\r\n<p>Zaznaczy\u0142 przy tym, \u017ce rodziny kresowe od dawna czcz\u0105 sprawiedliwych Ukrai\u0144c\u00f3w, kt\u00f3rzy w\u00a0czasie ludob\u00f3jstwa ratowali Polak\u00f3w.<em> \u201eSam po\u015bwi\u0119ci\u0142em kilka pami\u0105tkowych tablic im dedykowanym, ale <strong>przedstawicieli ani Kancelarii Prezydenta RP, ani ambasady Ukrainy w\u00a0Warszawie, nigdy na tych uroczysto\u015bciach nie by\u0142o<\/strong>. To m\u00f3wi samo za siebie\u201d.<\/em><\/p>\r\n<p><a href=\"http:\/\/www.rmf24.pl\/tylko-w-rmf24\/isakowicz-zaleski\/blogi\/news-prezydenci-andrzej-duda-i-petro-poroszenko-chca-zrownac-ofia,nId,2264674\">Rmf24.pl<\/a> \/ Kresy.pl\u00a0<\/p>\r\n<p class=\"zrodlo\">Za: <a href=\"http:\/\/www.kresy.pl\/wydarzenia,spoleczenstwo?zobacz\/ks-isakowicz-zaleski-duda-i-poroszenko-chca-zrownac-ofiary-z-katami-\">Kresy.pl (<span class=\"date\">07 wrzesnia 2016<\/span>)<\/a><\/p>\r\n<h4>\u00a0<\/h4>\r\n<hr style=\"background-color: #000000; border-width: 0; color: #000000; height: 2px; line-height: 0; text-align: center; width: 100%;\" \/>\r\n<h4>\u00a0<\/h4>\r\n<h2>Szyd\u0142o: jeste\u015bmy i chcemy by\u0107 ambasadorem Ukrainy w Europie<\/h2>\r\n<p><strong>\u201ePolska jest i chce by\u0107 ambasadorem Ukrainy w UE. Wolna Ukraina jest gwarancj\u0105 bezpiecze\u0144stwa Europy i Polski\u201d &#8211; powiedzia\u0142a premier Beata Szyd\u0142o po spotkaniu z ukrai\u0144skim premierem Wo\u0142odymyrem Hrojsmanem<\/strong>.<\/p>\r\n<p>Do spotkania dosz\u0142o na marginesie odbywaj\u0105cego si\u0119 w Krynicy Zdroju Forum Ekonomicznego. Beata Szyd\u0142o wyrazi\u0142a nadziej\u0119, \u017ce w kr\u00f3tkim czasie uda si\u0119 rozwi\u0105za\u0107 problemy zwi\u0105zane z \u201eagresj\u0105 Rosji na Ukrain\u0119\u201d.<\/p>\r\n<p><strong><em>\u201ePolska niezmiennie stoi na stanowisku, \u017ce jeste\u015bmy i chcemy by\u0107 ambasadorem Ukrainy na arenie Unii Europejskiej\u201d &#8211;<\/em><\/strong> powiedzia\u0142a.<\/p>\r\n<p><strong><em>\u201eWolna, suwerenna, demokratyczna \u00a0Ukraina to gwarancja bezpiecze\u0144stwa Europy\u201d <\/em><\/strong>&#8211; podkre\u015bli\u0142a premier Szyd\u0142o. Zadeklarowa\u0142a r\u00f3wnie\u017c, \u017ce Polska zdecydowania opowiada si\u0119 za utrzymaniem sankcji \u00a0wzgl\u0119dem Rosji do czasu pe\u0142nego zrealizowania warunk\u00f3w porozumienia mi\u0144skiego.<\/p>\r\n<p>Rozmowy z premierem Ukrainy dotyczy\u0142y r\u00f3wnie\u017c zacie\u015bniania wsp\u00f3\u0142pracy i realizacji wsp\u00f3lnych projekt\u00f3w energetycznych i infrastrukturalnych, a tak\u017ce kulturalnych.<\/p>\r\n<p><strong><em>\u201ePolska i Ukraina &#8211; pa\u0144stwa s\u0105siedzkie &#8211; ta dobra wsp\u00f3\u0142praca jest jak najbardziej potrzebna, kt\u00f3ra gwarantuje bezpiecze\u0144stwo europejskie\u201d <\/em><\/strong>&#8211; powiedzia\u0142a szefowa rz\u0105du. Doda\u0142a, nasza wsp\u00f3lna historia z Ukrain\u0105 jest <em>\u201ecz\u0119sto nie\u0142atwa i trudna\u201d<\/em>, ale musimy w niej szuka\u0107 tego, co \u0142\u0105czy. <strong><em>\u201ePowinni\u015bmy t\u0119 histori\u0119 na pewno wyja\u015bnia\u0107 i szuka\u0107 prawdy, ale budowa\u0107 bezpieczn\u0105 w przysz\u0142o\u015b\u0107 w oparciu o to, \u017ce dla obydwu pa\u0144stw dobre relacje s\u0105 gwarancj\u0105 bezpiecze\u0144stwa i mo\u017cliwo\u015bci wsp\u00f3lnego stawiania czo\u0142a zagro\u017ceniom ze strony Rosji\u201d <\/em><\/strong>&#8211; doda\u0142a.<\/p>\r\n<p><strong><em>\u201eDzi\u0119kuj\u0119 Polsce za niezmienne poparcie naszej integralno\u015bci terytorialnej\u201d<\/em><\/strong> &#8211; powiedzia\u0142 premier ukrai\u0144skiego rz\u0105du Wo\u0142odymyr Hrojsman. Podzi\u0119kowa\u0142 r\u00f3wnie\u017c Polsce za wspieranie euroatlantyckich d\u0105\u017ce\u0144 Kijowa. <strong><em>\u201eJestem przekonany o strategicznej przysz\u0142o\u015bci z Polsk\u0105\u201d <\/em><\/strong>&#8211; doda\u0142.<\/p>\r\n<p><strong>PRZECZYTAJ:<\/strong><\/p>\r\n<ul>\r\n\t<li><strong><a href=\"http:\/\/www.kresy.pl\/publicystyka,analizy?zobacz\/smierc-frajerom\">\u015amier\u0107 frajerom<\/a><\/strong><\/li>\r\n\t<li><a href=\"http:\/\/www.kresy.pl\/publicystyka,opinie?zobacz\/czy-polacy-zasluguja-na-niepodleglosc\"><strong>Czy Polacy zas\u0142uguj\u0105 na niepodleg\u0142o\u015b\u0107?<\/strong><\/a><br \/>\r\n<br \/>\r\ntvpparlament.pl \/ Kresy.pl<\/li>\r\n<\/ul>\r\n<p class=\"zrodlo\">Za: <a href=\"http:\/\/www.kresy.pl\/wydarzenia,bezpieczenstwo-i-obrona?zobacz\/szydlo-jestesmy-i-chcemy-byc-ambasadorem-ukrainy-w-europie\">Kresy.pl (<span class=\"date\">07 wrzesnia 2016<\/span>)<\/a><\/p>\r\n<h4>\u00a0<\/h4>\r\n<hr style=\"background-color: #000000; border-width: 0; color: #000000; height: 2px; line-height: 0; text-align: center; width: 100%;\" \/>\r\n<h4>\u00a0<\/h4>\r\n<h2>Duda i Poroszenko chc\u0105 honorowa\u0107 Ukrai\u0144c\u00f3w ratuj\u0105cych Polak\u00f3w i Polak\u00f3w ratuj\u0105cych Ukrai\u0144c\u00f3w<\/h2>\r\n<p><strong>Jak poinformowa\u0142 prezydencki minister Krzysztof Szczerski, prezydenci Polski i Ukrainy chc\u0105 honorowa\u0107 osoby, kt\u00f3re \u201ezachowa\u0142y cz\u0142owiecze\u0144stwo w czasach tragedii i zbrodni\u201d &#8211; chodzi o Ukrai\u0144c\u00f3w ratuj\u0105cych Polak\u00f3w, a tak\u017ce Polak\u00f3w ratuj\u0105cych Ukrai\u0144c\u00f3w.<\/strong><\/p>\r\n<div class=\"cut1\">[&#8230;] <span class=\"podpis_sz\">Ca\u0142y tekst dost\u0119pny w materiale \u017ar\u00f3d\u0142owym<\/span><\/div>\r\n<p>PAP \/ wpolityce.pl \/ Kresy.pl<\/p>\r\n<p class=\"zrodlo\">Za: <a href=\"http:\/\/www.kresy.pl\/wydarzenia,spoleczenstwo?zobacz\/duda-i-poroszenko-chca-honorowac-ukraincow-ratujacych-polakow-i-polakow-ratujacych-ukraincow\">Kresy.pl (<span class=\"date\">07 wrzesnia 2016<\/span>)<\/a><\/p>\r\n<h4>\u00a0<\/h4>\r\n<hr style=\"background-color: #000000; border-width: 0; color: #000000; height: 2px; line-height: 0; text-align: center; width: 100%;\" \/>\r\n<h4>\u00a0<\/h4>","protected":false},"excerpt":{"rendered":"Katarzyna Kacperczyk, by\u0142a wiceminister spraw zagranicznych od 1 wrze\u015bnia jest G\u0142\u00f3wnym Doradc\u0105 Prezesa Rady Ministr\u00f3w. Wcze\u015bniej w kontek\u015bcie gloryfikacji przez ukrai\u0144skie w\u0142adze zbrodniarzy z OUN-UPA twierdzi\u0142a, \u017ce nie mo\u017cna odmawia\u0107 Ukrai\u0144com prawa do w\u0142asnych bohater\u00f3w. Katarzyna Kacperczyk zosta\u0142a powo\u0142ana na stanowisko podsekretarza stanu w Ministerstwie Spraw Zagranicznych w 2013 przez \u00f3wczesnego premiera Donalda Tuska. Resortem [&hellip;]","protected":false},"author":1,"featured_media":0,"comment_status":"closed","ping_status":"closed","sticky":false,"template":"","format":"standard","meta":{"_acf_changed":false,"_monsterinsights_skip_tracking":false,"_monsterinsights_sitenote_active":false,"_monsterinsights_sitenote_note":"","_monsterinsights_sitenote_category":0,"ngg_post_thumbnail":0,"footnotes":"","_wp_rev_ctl_limit":""},"categories":[8],"tags":[349,448,98,20,167,17],"acf":[],"_links":{"self":[{"href":"https:\/\/www.bibula.com\/index.php?rest_route=\/wp\/v2\/posts\/89547"}],"collection":[{"href":"https:\/\/www.bibula.com\/index.php?rest_route=\/wp\/v2\/posts"}],"about":[{"href":"https:\/\/www.bibula.com\/index.php?rest_route=\/wp\/v2\/types\/post"}],"author":[{"embeddable":true,"href":"https:\/\/www.bibula.com\/index.php?rest_route=\/wp\/v2\/users\/1"}],"replies":[{"embeddable":true,"href":"https:\/\/www.bibula.com\/index.php?rest_route=%2Fwp%2Fv2%2Fcomments&post=89547"}],"version-history":[{"count":1,"href":"https:\/\/www.bibula.com\/index.php?rest_route=\/wp\/v2\/posts\/89547\/revisions"}],"predecessor-version":[{"id":118954,"href":"https:\/\/www.bibula.com\/index.php?rest_route=\/wp\/v2\/posts\/89547\/revisions\/118954"}],"wp:attachment":[{"href":"https:\/\/www.bibula.com\/index.php?rest_route=%2Fwp%2Fv2%2Fmedia&parent=89547"}],"wp:term":[{"taxonomy":"category","embeddable":true,"href":"https:\/\/www.bibula.com\/index.php?rest_route=%2Fwp%2Fv2%2Fcategories&post=89547"},{"taxonomy":"post_tag","embeddable":true,"href":"https:\/\/www.bibula.com\/index.php?rest_route=%2Fwp%2Fv2%2Ftags&post=89547"}],"curies":[{"name":"wp","href":"https:\/\/api.w.org\/{rel}","templated":true}]}}