{"id":89469,"date":"2016-09-02T11:02:38","date_gmt":"2016-09-02T15:02:38","guid":{"rendered":"http:\/\/www.bibula.com\/?p=89469"},"modified":"2016-09-02T11:02:38","modified_gmt":"2016-09-02T15:02:38","slug":"onz-tworzy-dokument-nawolujacy-do-promocji-multikulti-i-odrzuca-prorodzinna-poprawke","status":"publish","type":"post","link":"https:\/\/www.bibula.com\/?p=89469","title":{"rendered":"ONZ tworzy dokument nawo\u0142uj\u0105cy do promocji multikulti i odrzuca prorodzinn\u0105 poprawk\u0119"},"content":{"rendered":"<p><strong>Komitet Przygotowawczy ONZ ds. konferencji Habitat III odrzuci\u0142 prorodzinn\u0105 poprawk\u0119 do projektu kontrowersyjnego dokumentu \u201eNew Urban Agenda\u201d, dotycz\u0105cego rozwoju mieszkalnictwa oraz urbanizacji.\u00a0 Jednocze\u015bnie,\u00a0 wci\u0105\u017c istnieje mo\u017cliwo\u015b\u0107, \u017ce do dokumentu wprowadzone zostan\u0105 zapisy promuj\u0105ce zwi\u0105zki os\u00f3b tej samej p\u0142ci. Cz\u0119\u015b\u0107 znajduj\u0105cych si\u0119 w nim postulat\u00f3w budzi liczne w\u0105tpliwo\u015bci i ma charakter ideologiczny. W projekcie znajduj\u0105 si\u0119 m. in. ust\u0119py nawo\u0142uj\u0105ce do promowania multikulturalizmu czy zapewnienia dost\u0119pu do us\u0142ug z zakresu zdrowia reprodukcyjnego i seksualnego, interpretowanego niekiedy jako synonim dost\u0119pu do aborcji.<\/strong><\/p>\r\n<p>Projekt \u201eNew Urban Agenda\u201d opiera si\u0119 na koncepcji \u201emiast dla wszystkich\u201d i \u201eprawa do miasta\u201d, kt\u00f3ra polega na <em>zapewnieniu wszystkim, bez jakiejkolwiek dyskryminacji, r\u00f3wnego dost\u0119pu do sprawiedliwej, bezpiecznej, rozwijaj\u0105cej si\u0119 i czystej przestrzeni miejskiej.<\/em><\/p>\r\n<p>Najwi\u0119ksze kontrowersje budzi jednak fakt odrzucenia przez wi\u0119kszo\u015b\u0107 obraduj\u0105cych poprawki, okre\u015blaj\u0105cej instytucj\u0119 rodziny jako \u201epodstawow\u0105 kom\u00f3rk\u0119 spo\u0142eczn\u0105\u201d, zas\u0142uguj\u0105c\u0105 na \u201ekompleksow\u0105 ochron\u0119 i wsparcie obejmuj\u0105ce \u201eodpowiednie schronienie\u201d oraz dost\u0119p do podstawowych us\u0142ug . Cho\u0107 zobowi\u0105zanie do ochrony rodziny wynika wprost z postanowie\u0144 prawa mi\u0119dzynarodowego, m. in. art. 16 ust. 3 Powszechnej Deklaracji Praw Cz\u0142owieka, poprawka\u00a0 zosta\u0142a odrzucona wi\u0119kszo\u015bci\u0105 g\u0142os\u00f3w. Omy\u0142kowo r\u00f3wnie\u017c polski delegat zag\u0142osowa\u0142 przeciw wprowadzeniem jej do projektu. W ostatniej wersji projektu znalaz\u0142a si\u0119 jedynie og\u00f3lna deklaracja w ust\u0119pie 11, zgodnie z kt\u00f3rym przewiduje si\u0119, \u017ce miasta opr\u00f3cz szeroko poj\u0119tej funkcji spo\u0142ecznej (pkt a) i r\u00f3wno\u015bciowej (pkt c) b\u0119d\u0105 r\u00f3wnie\u017c sprzyja\u0142y budowaniu bezpiecznych, zielonych i przyjaznych rodzinie (family friendly) przestrzeni.<\/p>\r\n<p>Co wi\u0119cej, wci\u0105\u017c nie jest pewne, czy uczestnicz\u0105cy w pracach Komitetu Przygotowawczego przedstawiciele Unii Europejskiej nie b\u0119d\u0105 d\u0105\u017cy\u0107 do przemycenia w tek\u015bcie projektu \u201eNew Urban Agenda\u201d kolejnych tre\u015bci o charakterze ideologicznym. W trakcie sesji w Surabaji m\u00f3wiono w kuluarach o postulacie wprowadzenia poprawki \u0142udz\u0105co podobnej do bia\u0142oruskiej, kt\u00f3ra jednak mia\u0142aby zawiera\u0107 dalece odmienne przes\u0142anie &#8211; nie dotyczy\u0142aby ona ju\u017c bowiem \u201erodziny, kt\u00f3ra jest naturaln\u0105 i podstaw\u0105 kom\u00f3rk\u0105 spo\u0142eczn\u0105\u201d lecz \u201e<strong>rodzin<\/strong>, kt\u00f3re s\u0105 naturalnymi i podstawowymi kom\u00f3rkami spo\u0142ecznymi\u201d. Zmiana liczby pojedynczej na liczb\u0119 mnog\u0105 sugerowa\u0142aby istnienie wielu modeli rodziny, w\u015br\u00f3d kt\u00f3rych znalaz\u0142by si\u0119 r\u00f3wnie\u017c \u201erodziny\u201d oparte na zwi\u0105zkach os\u00f3b tej samej p\u0142ci.\u00a0 Pomimo nieuwzgl\u0119dnienia tej zmiany, istnieje wci\u0105\u017c ryzyko, \u017ce powr\u00f3ci ona do dokumentu w trakcie negocjacji w Nowym Jorku.\u00a0<\/p>\r\n<p>\u0179r\u00f3d\u0142o: Ordo Iuris<\/p>\r\n<p>POz<\/p>","protected":false},"excerpt":{"rendered":"Komitet Przygotowawczy ONZ ds. konferencji Habitat III odrzuci\u0142 prorodzinn\u0105 poprawk\u0119 do projektu kontrowersyjnego dokumentu \u201eNew Urban Agenda\u201d, dotycz\u0105cego rozwoju mieszkalnictwa oraz urbanizacji.\u00a0 Jednocze\u015bnie,\u00a0 wci\u0105\u017c istnieje mo\u017cliwo\u015b\u0107, \u017ce do dokumentu wprowadzone zostan\u0105 zapisy promuj\u0105ce zwi\u0105zki os\u00f3b tej samej p\u0142ci. Cz\u0119\u015b\u0107 znajduj\u0105cych si\u0119 w nim postulat\u00f3w budzi liczne w\u0105tpliwo\u015bci i ma charakter ideologiczny. W projekcie znajduj\u0105 si\u0119 [&hellip;]","protected":false},"author":1,"featured_media":0,"comment_status":"closed","ping_status":"closed","sticky":false,"template":"","format":"standard","meta":{"_acf_changed":false,"_monsterinsights_skip_tracking":false,"_monsterinsights_sitenote_active":false,"_monsterinsights_sitenote_note":"","_monsterinsights_sitenote_category":0,"ngg_post_thumbnail":0,"footnotes":"","_wp_rev_ctl_limit":""},"categories":[6],"tags":[100,106],"acf":[],"_links":{"self":[{"href":"https:\/\/www.bibula.com\/index.php?rest_route=\/wp\/v2\/posts\/89469"}],"collection":[{"href":"https:\/\/www.bibula.com\/index.php?rest_route=\/wp\/v2\/posts"}],"about":[{"href":"https:\/\/www.bibula.com\/index.php?rest_route=\/wp\/v2\/types\/post"}],"author":[{"embeddable":true,"href":"https:\/\/www.bibula.com\/index.php?rest_route=\/wp\/v2\/users\/1"}],"replies":[{"embeddable":true,"href":"https:\/\/www.bibula.com\/index.php?rest_route=%2Fwp%2Fv2%2Fcomments&post=89469"}],"version-history":[{"count":0,"href":"https:\/\/www.bibula.com\/index.php?rest_route=\/wp\/v2\/posts\/89469\/revisions"}],"wp:attachment":[{"href":"https:\/\/www.bibula.com\/index.php?rest_route=%2Fwp%2Fv2%2Fmedia&parent=89469"}],"wp:term":[{"taxonomy":"category","embeddable":true,"href":"https:\/\/www.bibula.com\/index.php?rest_route=%2Fwp%2Fv2%2Fcategories&post=89469"},{"taxonomy":"post_tag","embeddable":true,"href":"https:\/\/www.bibula.com\/index.php?rest_route=%2Fwp%2Fv2%2Ftags&post=89469"}],"curies":[{"name":"wp","href":"https:\/\/api.w.org\/{rel}","templated":true}]}}