{"id":89455,"date":"2016-09-02T10:20:24","date_gmt":"2016-09-02T14:20:24","guid":{"rendered":"http:\/\/www.bibula.com\/?p=89455"},"modified":"2016-09-02T10:40:16","modified_gmt":"2016-09-02T14:40:16","slug":"rasizm-w-usa-protestanckie-dziedzictwo","status":"publish","type":"post","link":"https:\/\/www.bibula.com\/?p=89455","title":{"rendered":"Rasizm w USA \u2013 protestanckie dziedzictwo"},"content":{"rendered":"<p><strong>Zamieszki na tle rasowym s\u0105 we wsp\u00f3\u0142czesnych Stanach Zjednoczonych na porz\u0105dku dziennym. Zab\u00f3jstwa czarnych przez policjant\u00f3w oraz krwawe i nios\u0105ce chaos protesty <em>black power<\/em> sp\u0119dzaj\u0105 sen z powiek politykom i obywatelom. Warto spojrze\u0107 nieco g\u0142\u0119biej pod powierzchni\u0119 i dostrzec historyczne przyczyny obecnego chaosu. A tak\u017ce zastanowi\u0107 si\u0119, kto tak naprawd\u0119 jest mu winny.<\/strong><\/p>\r\n<p>W nocy z 14 na 15 sierpnia 2016 r. rozruchy wybuch\u0142y w miejscowo\u015bci Milwaukee. Murzy\u0144ska ludno\u015b\u0107 tego miasta odda\u0142a w kierunku policjant\u00f3w kilkadziesi\u0105t strza\u0142\u00f3w. Siedmiu funkcjonariuszy zosta\u0142o rannych. Rozjuszony t\u0142um para\u0142 si\u0119 tak\u017ce wybijaniem szyb w policyjnych pojazdach i podpaleniami okolicznych lokali. Policja w obawie przed eskalacj\u0105 zamieszek nie zdecydowa\u0142a si\u0119 na otwarcie ognia. Mog\u0142aby bowiem w ten spos\u00f3b nasili\u0107 oskar\u017cenia o rasizm, padaj\u0105ce pod jej adresem.<\/p>\r\n<p>Do zamieszek doprowadzi\u0142a \u015bmier\u0107 czarnosk\u00f3rego m\u0119\u017cczyzny &#8211; 23-letniego Sylville&#8217;a Smitha. Zosta\u0142 on zastrzelony przez policjant\u00f3w, poniewa\u017c zacz\u0105\u0142 ucieka\u0107 po zatrzymaniu do kontroli drogowej, z broni\u0105 w r\u0119ku. Wed\u0142ug policji zosta\u0142a ona skradziona, a odpowiedzialny za \u015bmier\u0107 Smitha str\u00f3\u017c prawa sam by\u0142 czarnosk\u00f3ry &#8211; informuje polskieradio.pl.<\/p>\r\n<p>Wspomniany przypadek nie by\u0142 odosobniony.5 lipca 2016 r. 37-letni Alton Stretling zosta\u0142 zastrzelony przez dw\u00f3ch bia\u0142ych policjant\u00f3w w miejscowo\u015bci Baton Rouge w Luizjanie. Funkcjonariuszy powiadomiono, \u017ce m\u0119\u017cczyzna mia\u0142 przy sobie bro\u0144 i grozi\u0142 jej u\u017cyciem. Dzie\u0144 p\u00f3\u017aniej czarnosk\u00f3ry Philando Castile zosta\u0142 zatrzymany przez policjanta podczas jazdy samochodem i zastrzelony. Dosz\u0142o do tego w Falcon Heights, w stanie Minnesota, na przedmie\u015bciach miasta St. Paul. Wspomniane wydarzenia r\u00f3wnie\u017c doprowadzi\u0142y do zamieszek i protest\u00f3w. Na koniec jednego z nich, 7 lipca w miejscowo\u015bci Dallas, czarnosk\u00f3ry rezerwista i weteran z Wietnamu Micah Xavier Johnson zastrzeli\u0142 5 policjant\u00f3w i rani\u0142 9 kolejnych. M\u0119\u017cczyzna chcia\u0142 \u201ezabija\u0107 bia\u0142ych, szczeg\u00f3lnie policjant\u00f3w\u201d, powiedzia\u0142 szef policji w Dallas David Brown cytowany przez\u00a0 abcnews.go.com.<\/p>\r\n<p>W sprawie zab\u00f3jstw &#8211; tych dokonanych przez policjant\u00f3w &#8211; g\u0142os zabra\u0142 prezydent Stan\u00f3w Zjednoczonych Barack Obama. &#8211; To nie odosobnione incydenty &#8211; m\u00f3wi\u0142 7 lipca w Warszawie. &#8211; To symptom szerszych napi\u0119\u0107 dla tle rasowym obecnych w naszym systemie sprawiedliwo\u015bci kryminalnej &#8211; doda\u0142. \u00a0\u00a0<\/p>\r\n<p>W jednym trudno si\u0119 z prezydentem USA nie zgodzi\u0107 &#8211; przypadki zadawania przez policjant\u00f3w \u015bmierci ludziom czarnosk\u00f3rym zdarzaj\u0105 si\u0119 w Stanach nad wyraz cz\u0119sto. Wed\u0142ug statystyk prowadzonych przez \u201eThe Guardian\u201d w 2016 r. ameryka\u0144ska policja doprowadzi\u0142a do \u015bmierci 676 os\u00f3b. Je\u015bli we\u017amiemy pod uwag\u0119 liczb\u0119 ofiar policji na milion przedstawicieli danej rasy to przewaga ludno\u015bci \u201ekolorowej\u201d jest bezdyskusyjna. 5,49 na milion Indian; 4,23 czarnych, 1.93 Latynos\u00f3w i tylko 1.66 Bia\u0142ych oraz 0.56 Azjat\u00f3w zgin\u0119\u0142o w tym roku z r\u0105k str\u00f3\u017c\u00f3w prawa. 2015 r. by\u0142 najgorszy dla czarnosk\u00f3rych. A\u017c 7.66 Murzyn\u00f3w na milion i &#8222;tylko\u201d 2.93 zgin\u0119\u0142o z r\u0105k funkcjonariuszy policji.<\/p>\r\n<p>Z liczbami trudno dyskutowa\u0107. Jednak niekoniecznie \u015bwiadcz\u0105 one o rasizmie policji. Mo\u017ce po prostu w\u015br\u00f3d czarnych wi\u0119cej jest niebezpiecznych przest\u0119pc\u00f3w. Takie twierdzenie nie przyjdzie jednak nawet do wypranych przez polityczn\u0105 poprawno\u015b\u0107 m\u00f3zg\u00f3w. A je\u015bli nawet, to uznaj\u0105 przest\u0119pczo\u015b\u0107 murzy\u0144sk\u0105 za skutek rasistowskiego dziedzictwa Stan\u00f3w Zjednoczonych. Zastan\u00f3wmy si\u0119 wi\u0119c, na ile to prawda.<\/p>\r\n<p><strong>Troch\u0119 historii<\/strong><\/p>\r\n<p>W Konstytucji Stan\u00f3w Zjednoczonych istniej\u0105 co najmniej trzy klauzule bezpo\u015brednio dotycz\u0105ce niewolnik\u00f3w. Co ciekawe &#8211; wynika to z tre\u015bci, a nie ze s\u0142ownictwa. Ameryka\u0144ska ustawa zasadnicza nie u\u017cywa bowiem terminu niewolnictwo ani razu. Jak twierdzi Susan L. Boyd na ashbrook.org \u015bwiadczy to o sceptycyzmie tw\u00f3rc\u00f3w Konstytucji wobec tej instytucji.<\/p>\r\n<p>Pierwsza ze wspomnianych klauzul dotyczy reprezentacji politycznej i podatk\u00f3w. Jak czytamy w artykule 1 \u201emandaty i bezpo\u015brednie podatki przypadaj\u0105ce na poszczeg\u00f3lne stany, kt\u00f3re przyst\u0105pi\u0142y do Unii, ustala si\u0119 odpowiednio do liczby mieszka\u0144c\u00f3w; oblicza si\u0119 j\u0105 dodaj\u0105c do og\u00f3lnej liczby os\u00f3b wolnych, \u0142\u0105cznie z osobami zobowi\u0105zanymi do s\u0142u\u017cby przez czas okre\u015blony w latach, ale z wy\u0142\u0105czeniem nie opodatkowanych Indian, trzy pi\u0105te og\u00f3\u0142u pozosta\u0142ych os\u00f3b\u201d.\u00a0<\/p>\r\n<p>Wbrew pozorom nie oznacza to uznania owych \u201epozosta\u0142ych os\u00f3b\u201d &#8211; niewolnik\u00f3w &#8211; za ludzi tylko w 60 procentach. Na liczeniu ich tak jak innych obywateli skorzystaliby wszak sami pro-niewolniczy po\u0142udniowcy &#8211; zauwa\u017ca David Waldstreicher na theatlantic.com. W\u00f3wczas zyskaliby bowiem jeszcze wi\u0119ksz\u0105 reprezentacj\u0119 w Kongresie czy mogli jeszcze \u0142atwiej przeforsowa\u0107 \u201eswojego\u201d prezydenta. Sami niewolnicy nie mieli przecie\u017c prawa g\u0142osu, lecz zwi\u0119kszali si\u0142\u0119 polityczn\u0105 swych pan\u00f3w. Klauzula 3\/5 stanowi\u0142a wi\u0119c kompromis. Kompromis &#8211; dodajmy &#8211; i tak korzystny dla po\u0142udniowych stan\u00f3w niewolniczych.<\/p>\r\n<p>Jak twierdzi prof. Akhil Reed Amar w ksi\u0105\u017cce \u201eAmerica&#8217;s Constitution: A Biography\u201d, system ten opiera\u0142 si\u0119 na zasadzie &#8222;wi\u0119cej niewolnictwa&#8221;. Kolejni zniewoleni ludzie zwi\u0119kszali bowiem si\u0142\u0119 po\u0142udniowc\u00f3w, pozwalaj\u0105c im przeg\u0142osowywa\u0107 korzystne dla siebie prawa. Dlatego te\u017c, jak zauwa\u017ca David Waldstreicher na \u0142amach theatlantic.com, Po\u0142udniu nie przeszkadza\u0142o, \u017ce wraz z wi\u0119ksz\u0105 reprezentacj\u0105 polityczn\u0105 sz\u0142y wi\u0119ksze podatki. W praktyce bowiem si\u0142a polityczna pozwala\u0142a niewolniczym stanom na kszta\u0142towanie wzgl\u0119dnie korzystnego dla nich prawa podatkowego. Klauzula 3\/5 zosta\u0142a de facto zniesiona po Wojnie Secesyjnej.<\/p>\r\n<p>Kolejny wa\u017cny dla sprawy niewolniczej zapis dotyczy handlu niewolnikami. Zgodnie z artyku\u0142em 1 par. 9 &#8222;Do roku tysi\u0105c osiemset \u00f3smego Kongres nie zabroni imigracji lub przywozu os\u00f3b, kt\u00f3re jakikolwiek z istniej\u0105cych obecnie stan\u00f3w uzna za stosowne dopu\u015bci\u0107; przyw\u00f3z mo\u017ce by\u0107 jednak ob\u0142o\u017cony podatkiem lub c\u0142em w granicach do dziesi\u0119ciu dolar\u00f3w od osoby&#8221;. Zasada ta dotyczy\u0142a tylko 13 stan\u00f3w pierwotnie nale\u017c\u0105cych do USA i gwarantowa\u0142a im prawo do sprowadzania niewolnik\u00f3w przez niemal 20 lat (Konstytucja wesz\u0142a w \u017cycie w 1789 r.). Tak\u017ce ona by\u0142a przejawem kompromisu, zauwa\u017ca Susan L. Boyd na ashbrook.org. Sygnatariusze Konstytucji obawiali si\u0119 bowiem, \u017ce w przypadku jej nieprzyj\u0119cia Po\u0142udniowa i P\u00f3\u0142nocna Karolina oraz Georgia nie przyjm\u0105 nowej ustawy zasadniczej.<\/p>\r\n<p>Warto wspomnie\u0107 tak\u017ce o obecnym w artykule 4 &#8211; nakazie przekazywania zbieg\u0142ych niewolnik\u00f3w do stan\u00f3w macierzystych, w r\u0119ce ich poprzednich w\u0142a\u015bcicieli. Jak zauwa\u017ca Boyd prawo to przesz\u0142o jednog\u0142o\u015bnie, bez znacznego sprzeciwu tw\u00f3rc\u00f3w Konstytucji. Na faktyczne zniesienie tej klauzuli Amerykanie musieli poczeka\u0107 do 1865 r. W\u00f3wczas to wskutek wojny secesyjnej zakazano niewolnictwa.<\/p>\r\n<p>Ameryka przed wojn\u0105 domow\u0105 by\u0142a zatem zasadniczo proniewolnicza. Klauzula 3\/5 sprawia\u0142a, \u017ce do Kongresu i na prezydent\u00f3w wybierano osoby popieraj\u0105ce niewolnictwo &#8211; przynajmniej oficjalnie. Radykalnym abolicjonist\u0105 nie by\u0142 tak\u017ce &#8211; wbrew obiegowym opiniom &#8211; Abraham Lincoln. Chcia\u0142 on wprawdzie, jak twierdzi Akhil Reed Amar, znosi\u0107 niewolnictwo, jednak poprzez stopniowy i d\u0142ugotrwa\u0142y proces, rozpoczynaj\u0105c od nowych ameryka\u0144skich terytori\u00f3w zale\u017cnych. Jego g\u0142\u00f3wnym celem w wojnie secesyjnej by\u0142o zachowanie federacji, a nie walka z upo\u015bledzeniem prawnym cz\u0119\u015bci ludno\u015bci. Proklamacja Emancypacji z 1863 r. stanowi\u0142a do tego \u015brodek &#8211; chodzi\u0142o o przyci\u0105gni\u0119cie na stron\u0119 Unii by\u0142ych niewolnik\u00f3w ze stan\u00f3w po\u0142udniowych.\u00a0\u00a0<\/p>\r\n<p>Koniec wojny secesyjnej doprowadzi\u0142 do istotnych przekszta\u0142ce\u0144 ameryka\u0144skiego systemu. Poprawki 13-15 znios\u0142y niewolnictwo, nada\u0142y czarnym obywatelstwo, ograniczy\u0142y prawa poszczeg\u00f3lnych stan\u00f3w i przyzna\u0142y prawa g\u0142osu m\u0119\u017cczyznom bez wzgl\u0119du na ras\u0119. Jak zauwa\u017ca Amar konstytucja z pro-niewolniczej sta\u0142a si\u0119 anty-niewolnicz\u0105. Jednak stany po\u0142udniowe znalaz\u0142y spos\u00f3b, by ograniczy\u0107 ludno\u015bci czarnosk\u00f3rej konstytucyjne prawa.\u00a0 W latach 1876-1965 r. obowi\u0105zywa\u0142a w nich zasada \u201erozdzieleni lecz r\u00f3wni\u201d. Prawd\u0105 by\u0142 tylko jej pierwszy cz\u0142on. O r\u00f3wno\u015bci nie by\u0142o mowy. Czarnym przyznawano gorsze miejsca w \u015brodkach transportu, utrudniano dost\u0119p do edukacji i korzystanie z rozmaitych d\u00f3br i us\u0142ug &#8211; od banki po sklepy.<\/p>\r\n<p>Stany po\u0142udniowe ogranicza\u0142y tak\u017ce prawo g\u0142osu ludno\u015bci czarnosk\u00f3rej poprzez podatki wyborcze. Swoj\u0105 rol\u0119 odegra\u0142y te\u017c gro\u017aby atak\u00f3w ze strony Ku Klux Klanu. Ta organizacja protestanckich fanatyk\u00f3w &#8211; jednocze\u015bnie antykatolickich i antymurzy\u0144skich powsta\u0142a pierwotnie w latach 60-tych XX wieku. Zosta\u0142a reaktywowana w drugiej dekadzie XX wieku i odegra\u0142a istotn\u0105 rol\u0119 w ograniczaniu prawa g\u0142osu zastraszanych przez ni\u0105 Murzyn\u00f3w. Dzia\u0142alno\u015b\u0107 KKK to skrajny objaw zwi\u0105zanego niekiedy z ameryka\u0144skim protestantyzmem rasizmu. Pewne nurty po-reformacyjnej teologii sprzyja\u0142y przekonaniu o bogactwie jako znaku \u0142aski Bo\u017cej. Jak zauwa\u017ca Alana Massey na newrepublic.com, wi\u0105za\u0142o si\u0119 to z prze\u015bwiadczeniem o niedoli jako znaku braku tej\u017ce \u0142aski. Za jej pozbawionych uznawano wi\u0119c niewolnik\u00f3w.\u00a0 To w\u0142a\u015bnie protestantyzm zdaje si\u0119 ponosi\u0107 w znacznej mierze win\u0119 za dziedzictwo bia\u0142ego rasizmu w Stanach Zjednoczonych.<\/p>\r\n<p>Odpowiedzi\u0105 formalnie ju\u017c wolnych ale wci\u0105\u017c dyskryminowanych na po\u0142udniu czarnosk\u00f3rych by\u0142a tak zwana Wielka Migracja. W latach 1910-70 z Po\u0142udnia na P\u00f3\u0142noc USA wyjecha\u0142o oko\u0142o 6 milion\u00f3w \u201eAfroamerykan\u00f3w\u201d.\u00a0<\/p>\r\n<p><strong>Wiatr odnowy wia\u0142\u2026 <\/strong><\/p>\r\n<p>W 1954 r. powia\u0142 i sytuacja zacz\u0119\u0142a si\u0119 zmienia\u0107. S\u0105d Najwy\u017cszy uzna\u0142 segregacj\u0119 w szko\u0142ach za niekonstytucyjn\u0105. Oznacza\u0142o to de facto odwo\u0142anie wyroku z 1896 r. sankcjonuj\u0105cego zasad\u0119 podzia\u0142u mi\u0119dzyrasowego.<\/p>\r\n<p>Rok p\u00f3\u017aniej rozpocz\u0119\u0142y si\u0119 protesty ruchu praw obywatelskich z pastorem Martinem Lutherem Kingiem na czele. Pokojowe manifestacje doprowadzi\u0142y do uchwalenia w po\u0142owie lat 6o-tych XX wieku praw znosz\u0105cych segregacj\u0119 rasow\u0105 w miejscach publicznych (nie tylko w szko\u0142ach) i dyskryminacj\u0119 w prawach wyborczych. Uchwalono tak\u017ce odpowiednie poprawki do Konstytucji.<\/p>\r\n<p>W 1961 r. Dystryktowi Kolumbia przyznano elektor\u00f3w w wyborach prezydenckich, a dziesi\u0119\u0107 lat p\u00f3\u017aniej prawa wyborcze uzyskali 18 latkowie. Wbrew pozorom mia\u0142o to znaczenie dla kwestii rasowych, poniewa\u017c, jak zauwa\u017ca Akhil Reed Amar, zar\u00f3wno w\u015br\u00f3d ludno\u015bci Dystryktu Kolumbia, jak i os\u00f3b w wieku 18-21 lat znaczn\u0105 cz\u0119\u015b\u0107 stanowili czarni. Do uchwalenia tych poprawek przyczyni\u0142 si\u0119 nie tylko ruch Kinga, lecz tak\u017ce ch\u0119\u0107 unikni\u0119cia oskar\u017ce\u0144 Sowiet\u00f3w dotycz\u0105cych dyskryminacji czarnosk\u00f3rych w USA.<\/p>\r\n<p>Szczeg\u00f3lne znaczenie mia\u0142a poprawka zabraniaj\u0105ca praw wyborczych z uwagi na niezap\u0142acenie podatku wyborczego. Wesz\u0142a ona w \u017cycie w 1964 r. lecz nie obejmowa\u0142a wybor\u00f3w do w\u0142adz stanowych. S\u0105d Najwy\u017cszy \u201enadrobi\u0142\u201d to jednak w swoim orzeczeniu 2 lata p\u00f3\u017aniej.<\/p>\r\n<p><strong>Ku nowej dyskryminacji <\/strong><\/p>\r\n<p>Nie wszyscy czarni protestuj\u0105cy przyj\u0119li jednak pokojowe metody Kinga, nie wszystkim te\u017c wystarczy\u0142y tego typu liberalne rozwi\u0105zania. Tak\u017ce administracja pa\u0144stwowa szybko przesz\u0142a od gwarantowania r\u00f3wnych praw do naprawiania niesprawiedliwo\u015bci historycznych przy u\u017cyciu kontrowersyjnych metod, takich jak akcja afirmatywna. Rozpocz\u0119ta w po\u0142owie lat 60-tych za spraw\u0105 prezydenta Lyndon Johnson\u2019a wzbudza do dzi\u015b liczne kontrowersje. Niekt\u00f3re z jej \u015brodk\u00f3w &#8211; takie jak rezerwowanie pewnej liczby miejsc na uczelniach dla Murzyn\u00f3w uznano wr\u0119cz za niekonstytucyjne. Z drugiej strony 2003 r. S\u0105d Najwy\u017cszy dopu\u015bci\u0142 branie pod uwag\u0119 rasy podczas rekrutacji. Przestrzeg\u0142 jednocze\u015bnie przed nadu\u017cyciami z tym zwi\u0105zanymi.<\/p>\r\n<p>Od obecnej w erze przed wojn\u0105 secesyjn\u0105 i &#8211; w mniejszym stopniu a\u017c do lat 60-tych XX wieku &#8211; dyskryminacji Murzyn\u00f3w, Stany przesz\u0142y wi\u0119c drog\u0119 w drug\u0105 stron\u0119. Drog\u0119 ku dyskryminacji bia\u0142ych w imi\u0119 naprawy przesz\u0142ych niesprawiedliwo\u015bci. Mimo to nie wszyscy Murzyni s\u0105 usatysfakcjonowani. Wed\u0142ug opublikowanego w czerwcu br. raportu Pew Research &#8222;On Views of Race and Inequality, Blacks and Whites Are Worlds Apart&#8221;, 4 na 10 czarnych w\u0105tpi, \u017ce kiedykolwiek Ameryka osi\u0105gnie r\u00f3wno\u015b\u0107 rasow\u0105.<\/p>\r\n<p>Po zniesieniu\u00a0praw\u00a0dyskryminuj\u0105cych Murzyn\u00f3w pozostaje nier\u00f3wno\u015b\u0107 ekonomiczno-spo\u0142eczna. Czarni mniej zarabiaj\u0105, posiadaj\u0105 mniejsze maj\u0105tki &#8211; czytamy na pewsocialtrends.org. W\u015br\u00f3d Murzyn\u00f3w zakorzenione jest te\u017c poczucie ni\u017cszo\u015bci. Znacznie wi\u0119cej z nich czu\u0142o si\u0119 traktowanych jak podejrzani albo ma\u0142o inteligentni, a tak\u017ce narzeka\u0142o na niesprawiedliwe zatrzymania przez policj\u0119 i dyskryminacj\u0119 w pracy.\u00a0<\/p>\r\n<p>To prawda, \u017ce czarni s\u0105 nadal w obiektywnie gorszej sytuacji ekonomicznej, co jednak mo\u017ce wynika\u0107 z innych czynnik\u00f3w, ni\u017c bia\u0142y rasizm. Ponadto niekoniecznie ich narzekania na dyskryminacj\u0119 s\u0105 zawsze uzasadnione. Wp\u0142yw na ich poczucie krzywdy mo\u017ce bowiem mie\u0107 ich rasizm. Jak bowiem czytamy na rasmussenreports.com, w opinii Amerykan\u00f3w to czarni, a nie biali czy Latynosi s\u0105 najwi\u0119kszymi rasistami w kraju. Nie by\u0142oby mo\u017ce w tym nic dziwnego, gdyby nie fakt, \u017ce przyznaj\u0105 to nawet&#8230;sami \u201eAfroamerykanie\u201d. Wi\u0119cej Murzyn\u00f3w uwa\u017ca czarnych, a nie np. bia\u0142ych za najwi\u0119kszych rasist\u00f3w.<\/p>\r\n<p><strong>Jaka przysz\u0142o\u015b\u0107? <\/strong><\/p>\r\n<p>Amerykanie s\u0105 wi\u0119c nadal daleko od rozwi\u0105zania konfliktu mi\u0119dzyrasowego, wbudowanego od samego pocz\u0105tku w ich system polityczny. Ostatnie zamieszki tylko to potwierdzaj\u0105. Temat ten jest tak\u017ce obecny w trwaj\u0105cej kampanii prezydenckiej. Demokraci skupiaj\u0105 si\u0119 na winie policji i jej rasowych uprzedzeniach.<\/p>\r\n<p>Z kolei kandydat Republikan\u00f3w na prezydenta, Donald Trump twierdzi, \u017ce dla \u0142amania prawa przez czarnosk\u00f3rych uczestnik\u00f3w rozruch\u00f3w nie ma lito\u015bci. Szkodz\u0105 oni bowiem wszystkim, a szczeg\u00f3lnie praworz\u0105dnym Murzynom. Czas poka\u017ce czy i jak Amerykanie poradz\u0105 sobie z mi\u0119dzyrasowymi napi\u0119ciami. Jedno jest pewne &#8211; mimo historycznych win WASP-\u00f3w wsp\u00f3\u0142cze\u015bnie wina nie le\u017cy wy\u0142\u0105cznie po stronie bia\u0142ych.<\/p>\r\n<p><em><strong>Marcin Jendrzejczak<\/strong><\/em><\/p>\r\n<p>Za: <a href=\"http:\/\/www.pch24.pl\/rasizm-w-usa---protestanckie-dziedzictwo--,45488,i.html#ixzz4J5Y8xgeK\">PoloniaChristiana &#8211; pch24.pl (2016-09-02)<\/a><\/p>\r\n<h4>\u00a0<\/h4>\r\n<hr style=\"background-color: #000000; border-width: 0; color: #000000; height: 2px; line-height: 0; text-align: center; width: 100%;\" \/>\r\n<h4>\u00a0<\/h4>\r\n<blockquote>\r\n<p><strong>KOMENTARZ <em>BIBU\u0141Y<\/em><\/strong>: M\u00f3wi\u0105c o problemie rasowym w Stanach Zjednoczonych i mno\u017c\u0105cych si\u0119 przypadkach brutalnego traktowania przez policj\u0119 &#8211; i to zar\u00f3wno czarnych jak i bia\u0142ych, cho\u0107 tego tematu media g\u0142\u00f3wnego nurtu nie podejmuj\u0105 &#8211; nale\u017cy podkre\u015bli\u0107 <strong><em>sk\u0105d<\/em><\/strong> policja zaczerpn\u0119\u0142a wzory, gdzie szkoli\u0142a si\u0119 w brutalizacji post\u0119powania.<\/p>\r\n<p>Ot\u00f3\u017c od oko\u0142o 20 lat do ameryka\u0144skiej policji &#8211; oraz do policji wielu kraj\u00f3w \u015bwiata &#8211; wprowadzono wiele element\u00f3w brutalnej walki przekazanych przez izraelskich ekspert\u00f3w od walki na obszarach miejskich,\u00a0 z powodzeniem wykorzystywanej na okupowanych przez Izrael ziemiach arabskich. Jak podaje kalifornijski dziennik <em>The Daily Californian<\/em>, policjanci ze specjalnych oddzia\u0142\u00f3w BART &#8211; czyli tych samych, kt\u00f3re dokona\u0142y egzekucji Oskara Grant (bezbronnego murzyna zamordowanego w Kaliforni w 2009 roku) &#8211; przebywali na czterodniowym szkoleniu prowadzonym przez &#8222;antyterrorystycznych ekspert\u00f3w\u201d izraelskich. Po wydarzeniach w metrze londy\u0144skim i madryckim (2005 r.), oddzia\u0142 policji BART zatrudni\u0142 te\u017c Aarona Cohena, za\u0142o\u017cyciela i dyrektora paramilitarnej instytucji <em>Israeli Military Specialist<\/em> i by\u0142ego cz\u0142onka oddzia\u0142\u00f3w antyterrorystych tzw. Izraelskiej Armii Obronnej. Nie jest dzie\u0142em przypadku, \u017ce zab\u00f3jstwo dokonane w 2005 roku przez policjant\u00f3w brytyjskich na niewinnym i bezbronnym obywatelu Brazylii, by\u0142o dzie\u0142em tych samych fachowc\u00f3w od zabijania: oddzia\u0142y policji brytyjskiej w\u0142a\u015bnie wr\u00f3ci\u0142y ze szkolenia w Izraelu.<\/p>\r\n<p>W Stanach Zjednoczonych wszyscy komisarze policji oraz du\u017ca cz\u0119\u015b\u0107 policjant\u00f3w, przechodzili treningi i szko\u0142y, najcz\u0119\u015bciej prowadzone przez wyszkolonych w Izraelu specjalist\u00f3w. Jak <span style=\"text-decoration: underline;\"><a href=\"http:\/\/www.bibula.com\/?p=2518\">pisali\u015bmy<\/a><\/span> w 2008 roku: &#8222;Grupa wy\u017cszych dow\u00f3dc\u00f3w policji i s\u0142u\u017cb specjalnych stanu Waszyngton przyby\u0142a do Izraela celem zapoznania si\u0119 z 'bogatym do\u015bwiadczeniem izraelskiej policji w walce z terrorem [terroryzmem]&#8217;. Uczestnicy seminarium &#8211; ameryka\u0144scy policjanci, stra\u017cacy, stra\u017cnicy i specjali\u015bci s\u0142u\u017cb ochroniarskich &#8211; przys\u0142ani zostali do Izraela w ramach program\u00f3w edukacyjnych organizowanych przez ameryka\u0144ski Departamentu Bezpiecze\u0144stwa Krajowego <em>United States Department of Homeland Security<\/em>. Porucznik Donny Low z policji miasta Seattle powiedzia\u0142 w wywiadzie dla telewizji izraelskiej, \u017ce &#8222;W Seattle pr\u00f3bujemy zorganizowa\u0107 si\u0119 na wypadek walki z terroryzmem i zaimprowizowanymi \u0142adunkami wybuchowymi, czyli z czym\u015b z czym pa\u0144stwo Izrael zmaga si\u0119 od wielu lat. Przyjechali\u015bmy tutaj aby pozna\u0107 ich do\u015bwiadczenia, kt\u00f3re nabyli w ci\u0105gu wielu lat.\u201d Jeden z prowadz\u0105cych zaj\u0119cia, by\u0142y oficer policji izraelskiej Gil Kleinman wyja\u015bnia\u0142: 'Przez wiele lat ameryka\u0144skie si\u0142y porz\u0105dkowe i ameryka\u0144ski struktury bezpiecze\u0144stwa mog\u0142y cieszy\u0107 si\u0119 luksusem, w kt\u00f3rym policjant nie musi mie\u0107 do czynienia z terrrorem&#8217;. Kleinman doda\u0142 jednak, i\u017c 'Celem wizyty by\u0142o przekazanie uczestnikom spojrzenia jak Izrael by\u0142 w stanie pogodzi\u0107 normalne \u017cycie z walk\u0105 z terrorem&#8217;.&#8221;<\/p>\r\n<p>Czyli: wraz z post\u0119puj\u0105c\u0105 brutalizacj\u0105 i militaryzacj\u0105 policji, w USA dokonuje si\u0119 coraz wi\u0119ksze rozwarstwienie spo\u0142eczne biegn\u0105ce nie tylko po linii ekonomicznej, ale i rasowej. Przy czym te dwie linie niekoniecznie nak\u0142adaj\u0105 si\u0119 na siebie, bowiem przez lata prowadzony eksperyment niesprawiedliwo\u015bci spo\u0142ecznej, w postaci politycznej poprawno\u015bci i akcji afirmatywnej, doprowadzi\u0142 do ostrej dyskryminacji <em>a rebours<\/em>, kiedy to bia\u0142y obywatel przegrywa w ka\u017cdej konkurencji &#8211; przy staraniu si\u0119 o miejsce na studiach, stanowisko w pracy, itp. &#8211; z tzw. mniejszo\u015bci\u0105 rasow\u0105, g\u0142\u00f3wnie murzy\u0144skim kandydatem. Do tego dochodzi nieprawdopodobne rozwydrzenie murzy\u0144skich m\u0142okos\u00f3w, wspieranych przez tzw. dzia\u0142aczy i innych politycznych demagog\u00f3w, domagaj\u0105cych si\u0119 wszystkiego &#8211; oczywi\u015bcie za darmo.\u00a0 Brak dyscypliny, wpajana od dziecka rasistowska propaganda, skierowane do murzyn\u00f3w, a inspirowane i kontrolowane przez \u017byd\u00f3w media steruj\u0105ce zachowaniem si\u0119 i buduj\u0105ce nienawi\u015b\u0107 i bunt &#8211; to wszystko powoduje coraz wi\u0119ksze podzia\u0142y.<\/p>\r\n<p>W sumie: w procesie brutalizacji policji oraz rozwarstwienia si\u0119 spo\u0142ecznego nale\u017cy dostrzec nie tylko skutki, ale i <strong><em>inspiracj\u0119<\/em><\/strong> wielu lewackich, antyspo\u0142ecznych, niszcz\u0105cych osnow\u0119 chrze\u015bcija\u0144skiego porz\u0105dku si\u0142. W\u015br\u00f3d nich pot\u0119\u017cn\u0105, a mo\u017ce i naczeln\u0105 si\u0142\u0119 stanowi\u0105 kontroluj\u0105ce media, dominuj\u0105ce na uniwersytetach, w polityce, w tzw. systemie sprawiedliwo\u015bci, grupy \u017cydowskich lewak\u00f3w, czyli w skr\u00f3cie &#8211; \u017cydokomuny. I w\u0142a\u015bnie na to nale\u017cy wskazywa\u0107, wraz z praprzyczyn\u0105 wsp\u00f3\u0142czesnego rasizmu w USA, za\u0142o\u017conego przez protestant\u00f3w i budowanego przez rasistowskich protestanckich fanatyk\u00f3w.<br \/>\r\nNiestety, w tej budowie chorego spo\u0142ecze\u0144stwa nie opieraj\u0105cego swej egzystencji na jedynej sprawiedliwej &#8211; katolickiej nauce spo\u0142ecznej, niejedn\u0105 cegie\u0142k\u0119 do\u0142o\u017cy\u0142 posoborowy Ko\u015bci\u00f3\u0142 katolicki, kt\u00f3rego hierarchia zupe\u0142nie zatraci\u0142a orientacj\u0119.<\/p>\r\n<\/blockquote>\r\n<h4>\u00a0<\/h4>\r\n<hr style=\"background-color: #000000; border-width: 0; color: #000000; height: 2px; line-height: 0; text-align: center; width: 100%;\" \/>\r\n<h4>\u00a0<\/h4>","protected":false},"excerpt":{"rendered":"Zamieszki na tle rasowym s\u0105 we wsp\u00f3\u0142czesnych Stanach Zjednoczonych na porz\u0105dku dziennym. Zab\u00f3jstwa czarnych przez policjant\u00f3w oraz krwawe i nios\u0105ce chaos protesty black power sp\u0119dzaj\u0105 sen z powiek politykom i obywatelom. Warto spojrze\u0107 nieco g\u0142\u0119biej pod powierzchni\u0119 i dostrzec historyczne przyczyny obecnego chaosu. A tak\u017ce zastanowi\u0107 si\u0119, kto tak naprawd\u0119 jest mu winny. W nocy [&hellip;]","protected":false},"author":1,"featured_media":0,"comment_status":"closed","ping_status":"closed","sticky":false,"template":"","format":"standard","meta":{"_acf_changed":false,"_monsterinsights_skip_tracking":false,"_monsterinsights_sitenote_active":false,"_monsterinsights_sitenote_note":"","_monsterinsights_sitenote_category":0,"ngg_post_thumbnail":0,"footnotes":"","_wp_rev_ctl_limit":""},"categories":[328,9],"tags":[27,195,136,31,221],"acf":[],"_links":{"self":[{"href":"https:\/\/www.bibula.com\/index.php?rest_route=\/wp\/v2\/posts\/89455"}],"collection":[{"href":"https:\/\/www.bibula.com\/index.php?rest_route=\/wp\/v2\/posts"}],"about":[{"href":"https:\/\/www.bibula.com\/index.php?rest_route=\/wp\/v2\/types\/post"}],"author":[{"embeddable":true,"href":"https:\/\/www.bibula.com\/index.php?rest_route=\/wp\/v2\/users\/1"}],"replies":[{"embeddable":true,"href":"https:\/\/www.bibula.com\/index.php?rest_route=%2Fwp%2Fv2%2Fcomments&post=89455"}],"version-history":[{"count":0,"href":"https:\/\/www.bibula.com\/index.php?rest_route=\/wp\/v2\/posts\/89455\/revisions"}],"wp:attachment":[{"href":"https:\/\/www.bibula.com\/index.php?rest_route=%2Fwp%2Fv2%2Fmedia&parent=89455"}],"wp:term":[{"taxonomy":"category","embeddable":true,"href":"https:\/\/www.bibula.com\/index.php?rest_route=%2Fwp%2Fv2%2Fcategories&post=89455"},{"taxonomy":"post_tag","embeddable":true,"href":"https:\/\/www.bibula.com\/index.php?rest_route=%2Fwp%2Fv2%2Ftags&post=89455"}],"curies":[{"name":"wp","href":"https:\/\/api.w.org\/{rel}","templated":true}]}}