{"id":89294,"date":"2016-08-25T16:18:20","date_gmt":"2016-08-25T20:18:20","guid":{"rendered":"http:\/\/www.bibula.com\/?p=89294"},"modified":"2016-08-25T16:44:40","modified_gmt":"2016-08-25T20:44:40","slug":"ksiadz-isakowicz-zaleski-krytycznie-o-deklaracji-prezydentow-polski-i-ukrainy","status":"publish","type":"post","link":"https:\/\/www.bibula.com\/?p=89294","title":{"rendered":"Ksi\u0105dz Isakowicz-Zaleski krytycznie o deklaracji prezydent\u00f3w Polski i Ukrainy"},"content":{"rendered":"<p><strong>Autorytet w kwestii kresowej ksi\u0105dz Tadeusz Isakowicz-Zaleski skomentowa\u0142 wsp\u00f3ln\u0105 deklaracj\u0119 prezydent\u00f3w Polski i Ukrainy podpisan\u0105 dzi\u015b w Kijowie.<\/strong><\/p>\r\n<p><a href=\"http:\/\/www.kresy.pl\/wydarzenia,polityka?zobacz\/wspolna-deklaracja-prezydentow-rp-i-ukrainy-pelny-tekst\">Polsko-ukrai\u0144ska deklaracja na najwy\u017cszym szczeplu okre\u015bla &#8222;strategiczne&#8221; partnerstwo Polski i Ukraina jako &#8222;bezalternatywne&#8221;<\/a>. Ksi\u0105dz Isakowicz-Zaleski skomnetowal j\u0105 na swojej stronie na portalu Facebook. &#8222;Ze smutkiem musz\u0119 stwierdzi\u0107, \u017ce zamiast prawdy o ludob\u00f3jstwie dokonanym na Polakach w latach 1939 &#8211; 1947 oraz urz\u0119dowej gloryfikacji zbrodniarzy z UPA i SS Galizien znalaz\u0142em niej wy\u0142\u0105cznie puste frazesy, godne nowo-mowy z epoki PRL&#8221; &#8211; pisze o deklaracji kap\u0142an.<\/p>\r\n<p>Lepiej ocenia wyst\u0105pienie Andrzeja Dudy na kijowskiej Akademii Dyplomatycznej gdzie &#8222;u\u017cy\u0142 wprawdzie s\u0142owo ludob\u00f3jstwo, ale nie wyja\u015bni\u0142, kto i na kim jego dokona\u0142. A by\u0142a to idealna okazja do tego&#8221; &#8211; ocenia ksi\u0105dz Isakowicz-Zaleski. Generalna ocena wizyty prezydenta na Ukrainie i w og\u00f3le jego osoby jest jednak negatywna &#8211; &#8222;Zawiod\u0142em si\u0119 po raz kolejny na panu prezydencie Andrzeju Dudzie, kt\u00f3ry pomi\u0119dzy I a II drug\u0105 tur\u0105 ubieg\u0142orocznych wybor\u00f3w prezydenckich zapewnia\u0142 o swoim przywi\u0105zaniu do prawdy historycznej o Kresach Wschodnich oraz szacunku dla rodzin ofiar. Jak wida\u0107, s\u0142owa nie dotrzyma\u0142&#8221; &#8211; ko\u0144czy sw\u00f3j komentarz kap\u0142an.<\/p>\r\n<ul>\r\n\t<li>Czytaj tak\u017ce:\u00a0<a href=\"http:\/\/www.kresy.pl\/wydarzenia,polityka?zobacz\/ks-isakowicz-zaleski-dla-kresowpl-o-plusach-i-minusach-uchwaly-wolynskiej\">Ks. Isakowicz &#8211; Zaleski dla Kres\u00f3w.pl o plusach i minusach uchwa\u0142y wo\u0142y\u0144skiej<\/a><\/li>\r\n<\/ul>\r\n<p>facebook.com\/kresy.pl<\/p>\r\n<p class=\"zrodlo\">Za: <a href=\"http:\/\/www.kresy.pl\/wydarzenia,polityka?zobacz\/ksiadz-isakowicz-zaleski-krytycznie-o-deklaracji-prezydentow-polski-i-ukrainy\">Kresy.pl (24 sierpnia 2016)<\/a><\/p>\r\n<h4>\u00a0<\/h4>\r\n<hr style=\"background-color: #000000; border-width: 0; color: #000000; height: 2px; line-height: 0; text-align: center; width: 100%;\" \/>\r\n<h4>\u00a0<\/h4>\r\n<h2>Prezydent Duda w Kijowie zapowiedzia\u0142 dalsze wspieranie Ukrainy. Co z zap\u0142at\u0105 za pomoc?<\/h2>\r\n<p><strong>Goszcz\u0105cy w \u015brod\u0119 w Kijowie prezydent RP Andrzej Duda zapowiedzia\u0142, \u017ce polskie w\u0142adze maj\u0105 zamiar nadal wspiera\u0107 Ukrain\u0119. Nie pad\u0142y przy tym \u017cadne deklaracje dotycz\u0105ce ceny takiej pomocy. Czy nale\u017cy si\u0119 wi\u0119c spodziewa\u0107, \u017ce nic nie zmieni si\u0119 w relacjach Warszawy i Kijowa i nadal b\u0119dziemy, jako pa\u0144stwo, anga\u017cowa\u0107 si\u0119 nie oczekuj\u0105c nawet ciep\u0142ych gest\u00f3w?<\/strong><\/p>\r\n<p>Prezydent Duda by\u0142 jedynym przedstawicielem obcego pa\u0144stwa w randze g\u0142owy pa\u0144stwa goszcz\u0105cego na 25 rocznicy og\u0142oszenia niepodleg\u0142o\u015bci przez parlament sowieckiej Ukrainy.<\/p>\r\n<p>Podczas rozmowy Petro Poroszenki i Andrzeja Dudy poruszano kwesti\u0119 polskiego wsparcia dla prozachodnich aspiracji Ukrainy, agresji rosyjskiej, wsp\u00f3\u0142pracy gospodarczej oraz historycznego dialogu.<\/p>\r\n<p>Prezydent RP przypomnia\u0142, \u017ce Rzeczpospolita by\u0142a pierwszym pa\u0144stwem, kt\u00f3re uzna\u0142o niepodleg\u0142o\u015b\u0107 Ukrainy. Ponadto nasz kraj zawsze wspiera\u0142 wschodniego s\u0105siada w momentach prze\u0142omowych i trudnych (pomara\u0144czowa rewolucja, konflikt w Donbasie, aneksja Krymu przez Rosj\u0119).\u00a0&#8211; <em>Polska by\u0142a, jest i wierz\u0119 w to, \u017ce b\u0119dzie trwa\u0142a przy Ukrainie, wspieraj\u0105c europejskie i transatlantyckie d\u0105\u017cenia<\/em> &#8211; powiedzia\u0142 w Kijowie Andrzej Duda. Polskie wsparcie doceni\u0142 ukrai\u0144ski prezydent Petro Poroszenko. Polityk podzi\u0119kowa\u0142 za akty solidarno\u015bci.<\/p>\r\n<p>Podnoszonym w trakcie spotkania tematem by\u0142y wizy dla Ukrai\u0144c\u00f3w chc\u0105cych wjecha\u0107 na terytorium Unii Europejskiej. Polska ma wspiera\u0107 s\u0105siad\u00f3w w staraniach o zniesienie wiz.<\/p>\r\n<p>Andrzej Duda wraz z Poroszenk\u0105 wzi\u0105\u0142 udzia\u0142 w paradzie wojskowej z okazji 25. rocznicy uzyskania niepodleg\u0142o\u015bci. Panowie uczcili r\u00f3wnie\u017c pami\u0119\u0107 2,5 tys. \u017co\u0142nierzy poleg\u0142ych w walkach z prorosyjskimi separatystami.<\/p>\r\n<p>\u0179r\u00f3d\u0142o: prezydent.pl, TVP Info<\/p>\r\n<p>MW\u0142<\/p>\r\n<p class=\"zrodlo\">Za: <a href=\"http:\/\/www.pch24.pl\/prezydent-duda-w-kijowie-zapowiedzial-dalsze-wspieranie-ukrainy--co-z-zaplata-za-pomoc-,45508,i.html\">PoloniaChristiana &#8211; pch24.pl (2016-08-25)<\/a><\/p>\r\n<h4>\u00a0<\/h4>\r\n<hr style=\"background-color: #000000; border-width: 0; color: #000000; height: 2px; line-height: 0; text-align: center; width: 100%;\" \/>\r\n<h4>\u00a0<\/h4>","protected":false},"excerpt":{"rendered":"Autorytet w kwestii kresowej ksi\u0105dz Tadeusz Isakowicz-Zaleski skomentowa\u0142 wsp\u00f3ln\u0105 deklaracj\u0119 prezydent\u00f3w Polski i Ukrainy podpisan\u0105 dzi\u015b w Kijowie. Polsko-ukrai\u0144ska deklaracja na najwy\u017cszym szczeplu okre\u015bla &#8222;strategiczne&#8221; partnerstwo Polski i Ukraina jako &#8222;bezalternatywne&#8221;. Ksi\u0105dz Isakowicz-Zaleski skomnetowal j\u0105 na swojej stronie na portalu Facebook. &#8222;Ze smutkiem musz\u0119 stwierdzi\u0107, \u017ce zamiast prawdy o ludob\u00f3jstwie dokonanym na Polakach w latach [&hellip;]","protected":false},"author":1,"featured_media":0,"comment_status":"closed","ping_status":"closed","sticky":false,"template":"","format":"standard","meta":{"_acf_changed":false,"_monsterinsights_skip_tracking":false,"_monsterinsights_sitenote_active":false,"_monsterinsights_sitenote_note":"","_monsterinsights_sitenote_category":0,"ngg_post_thumbnail":0,"footnotes":"","_wp_rev_ctl_limit":""},"categories":[8],"tags":[349,98,167,17],"acf":[],"_links":{"self":[{"href":"https:\/\/www.bibula.com\/index.php?rest_route=\/wp\/v2\/posts\/89294"}],"collection":[{"href":"https:\/\/www.bibula.com\/index.php?rest_route=\/wp\/v2\/posts"}],"about":[{"href":"https:\/\/www.bibula.com\/index.php?rest_route=\/wp\/v2\/types\/post"}],"author":[{"embeddable":true,"href":"https:\/\/www.bibula.com\/index.php?rest_route=\/wp\/v2\/users\/1"}],"replies":[{"embeddable":true,"href":"https:\/\/www.bibula.com\/index.php?rest_route=%2Fwp%2Fv2%2Fcomments&post=89294"}],"version-history":[{"count":0,"href":"https:\/\/www.bibula.com\/index.php?rest_route=\/wp\/v2\/posts\/89294\/revisions"}],"wp:attachment":[{"href":"https:\/\/www.bibula.com\/index.php?rest_route=%2Fwp%2Fv2%2Fmedia&parent=89294"}],"wp:term":[{"taxonomy":"category","embeddable":true,"href":"https:\/\/www.bibula.com\/index.php?rest_route=%2Fwp%2Fv2%2Fcategories&post=89294"},{"taxonomy":"post_tag","embeddable":true,"href":"https:\/\/www.bibula.com\/index.php?rest_route=%2Fwp%2Fv2%2Ftags&post=89294"}],"curies":[{"name":"wp","href":"https:\/\/api.w.org\/{rel}","templated":true}]}}