{"id":89036,"date":"2016-08-15T16:46:38","date_gmt":"2016-08-15T20:46:38","guid":{"rendered":"http:\/\/www.bibula.com\/?p=89036"},"modified":"2016-08-16T16:47:10","modified_gmt":"2016-08-16T20:47:10","slug":"cos-chlodzacego-na-kanikuly-stanislaw-michalkiewicz","status":"publish","type":"post","link":"https:\/\/www.bibula.com\/?p=89036","title":{"rendered":"Co\u015b ch\u0142odz\u0105cego na kaniku\u0142y &#8211; <em>Stanis\u0142aw Michalkiewicz<\/em>"},"content":{"rendered":"<p>Wprawdzie tegoroczny sierpie\u0144 specjalnie upalny nie jest, przeciwnie &#8211; wygl\u0105da na to, \u017ce deszcz leje cz\u0119\u015bciej, ni\u017c w lipcu, co podobno nawet zagra\u017ca \u017cniwom, a\u017c \u0142za kr\u0119ci si\u0119 w oku, bo zaraz przypominaj\u0105 si\u0119 czasy pierwszej komuny, kiedy to nasz nieszcz\u0119\u015bliwy kraj regularnie nawiedza\u0142y dwie kl\u0119ski i cztery kataklizmy: kl\u0119ska urodzaju i kl\u0119ska nieurodzaju, a w charakterze kataklizm\u00f3w &#8211; wiosna, lato, jesie\u0144 i zima, z kt\u00f3rymi bohatersko walczy\u0142 PZPR Naszej Partii &#8211; wi\u0119c chocia\u017c \u0142za si\u0119 kr\u0119ci, to z drugiej strony niepodobna nie zauwa\u017cy\u0107, \u017ce mamy tak zwane \u201e<i>letnie kaniku\u0142y<\/i>\u201d, a w czasie letnich kaniku\u0142 (ja oczywi\u015bcie wiem, \u017ce kaniku\u0142y to dlatego, \u017ce S\u0142o\u0144ce jest w gwiazdozbiorze Psa czyli Canisa, o czym przypomina s\u0142ynny wierszyk: \u201e<i>id\u0119 sobie przez ulic\u0119, Canis na mnie szczeka, ja Canisa w \u0142eb lapisem, a Canis ucieka<\/i>\u201d) &#8211; wi\u0119c w czasie letnich kaniku\u0142 nie zaszkodzi mie\u0107 pod r\u0119k\u0105 co\u015b ch\u0142odz\u0105cego. Najwidoczniej z tego w\u0142a\u015bnie za\u0142o\u017cenia wyszed\u0142 pan prof. S\u0142awomir Cenckiewicz, bo w\u0142a\u015bnie zaaplikowa\u0142 opinii publicznej rewelacj\u0119 ju\u017c nie to, \u017ce ch\u0142odz\u0105c\u0105, ale wprost mro\u017c\u0105c\u0105 krew w \u017cy\u0142ach. Penetruj\u0105c archiwa natrafi\u0142 na dokument, z kt\u00f3rego wynika, i\u017c jakie\u015b kompromaty dotycz\u0105ce Kuku\u0144ka, czyli by\u0142ego prezydenta naszego nieszcz\u0119\u015bliwego kraju Lecha Wa\u0142\u0119sy, zosta\u0142y zarekwirowane w mieszkaniu by\u0142ego oficera SB Adama Hodysza, zaraz po wybuchu gazu 27 kwietnia 1995 roku w Gda\u0144sku, w nast\u0119pstwie kt\u00f3rego zgin\u0119\u0142y co najmniej 22 osoby, a budynek zosta\u0142 nast\u0119pnie wyburzony. Adam Hodysz, obecnie w stopniu podpu\u0142kownika w stanie spoczynku, za pierwszej komuny informowa\u0142 gda\u0144sk\u0105 opozycj\u0119 o operacjach SB przeciwko niej. Jedn\u0105 z os\u00f3b wtajemniczonych by\u0142 Aleksander Hall, kt\u00f3ry niestety wychlapa\u0142 to swojej \u00f3wczesnej narzeczonej, niejakiej Matyldzie Sobieskiej, b\u0119d\u0105cej konfidentk\u0105 SB o pseudonimie operacyjnym \u201e<i>Andrzej<\/i>\u201d. W rezultacie Adam Hodysz w pa\u017adzierniku 1984 roku zosta\u0142 aresztowany i skazany przez niezawis\u0142y s\u0105d w S\u0142upsku na 3 lata, ale niezawis\u0142y S\u0105d Najwy\u017cszy, najwyra\u017aniej podkr\u0119cony przez bezpiek\u0119, przysoli\u0142 mu a\u017c 6 lat. W 1988 roku zosta\u0142 zwolniony, a w 1990 &#8211; zrehabilitowany i mianowany na stanowisko szefa Delegatury UOP w Gda\u0144sku. Ale po 4 czerwca 1992 roku, nowy minister spraw wewn\u0119trznych Andrzej Milczanowski, na rozkaz Kuku\u0144ka, go odwo\u0142a\u0142. No a w 1995 roku, kiedy Kukuniek pr\u00f3bowa\u0142 ponownie kandydowa\u0107 na prezydenta i w zwi\u0105zku z tym &#8211; czy\u015bci\u0107 wszystkie \u201e<i>wstydliwe zak\u0105tki<\/i>\u201d, w bloku w kt\u00f3rym znajdowa\u0142o si\u0119 mieszkanie majora Hodysza wybuch\u0142 gaz.<\/p><p>Prof. Cenckiewicz twierdzi, \u017ce ten wybuch by\u0142 rodzajem wypadku przy pracy podczas akcji Urz\u0119du Ochrony Pa\u0144stwa; chodzi\u0142o jedynie o zamarkowanie niebezpiecze\u0144stwa wybuchu gazu, by ewakuowa\u0107 wszystkie mieszkania w bloku. Po ewakuacji agenci UOP weszliby do mieszkania majora Hodysza i przej\u0119li kwity kompromituj\u0105ce Kuku\u0144ka &#8211; ale jaki\u015b hebes co\u015b spartoli\u0142 i w rezultacie w powietrze wylecia\u0142 ca\u0142y blok, grzebi\u0105c pod gruzami 22 osoby. Ja akurat ch\u0119tnie w to wierz\u0119, bo ci bezpieczniacy, to przecie\u017c kupa g\u00f3wna; czego si\u0119 nie dotkn\u0105, to spartol\u0105, ale nie o to przede wszystkim chodzi. Rzecz w tym, \u017ce zabra\u0142 g\u0142os genera\u0142 Gromos\u0142aw Czempi\u0144ski, jeden z wa\u017cniejszych starych kiejkut\u00f3w, kt\u00f3ry karier\u0119 w SB robi\u0142 od 1972 roku jako dyplomata i w Genewie nawet zwerbowa\u0142 s\u0142ynnego agenta \u201e<i>wywiadu gospodarczego<\/i>\u201d w osobie pana doktora Andrzeja Olechowskiego, p\u00f3\u017aniejszej podpory naszej m\u0142odej demokracji. Podejrzewam, \u017ce podobnie jak inni ubowcy, w drugiej po\u0142owie lat 80-tych, przeszed\u0142 na s\u0142u\u017cb\u0119 u naszych obecnych sojusznik\u00f3w i dlatego w 1990 roku zosta\u0142 wysokim funkcjonariuszem UOP, a wkr\u00f3tce &#8211; jego szefem. Fama g\u0142osi, \u017ce dzi\u0119ki niemu w\u0142a\u015bnie bezpieczniacy zostali g\u0142\u00f3wnymi beneficjentami tak zwanej \u201e<i>prywatyzacji<\/i>\u201d, czyli rozkradania maj\u0105tku pa\u0144stwowego. Co\u015b musi by\u0107 na rzeczy, bo po przej\u015bciu w \u201e<i>stan spoczynku<\/i>\u201d zaj\u0105\u0142 si\u0119 \u201e<i>doradzaniem<\/i>\u201d tylu firmom, \u017ce chyba sam nie potrafi\u0142by ich zliczy\u0107. Ciekawe, czy odpala\u0142 co\u015b z tego Kuku\u0144kowi, czy ten, po staremu, musia\u0142 wygrywa\u0107 w totolotka? Oczywi\u015bcie ten \u201e<i>stan spoczynku<\/i>\u201d to poj\u0119cie umowne, bo jak tylko co\u015b ciekawego dzieje si\u0119 w naszym nieszcz\u0119\u015bliwym kraju, to zaraz resortowa \u201e<i>Stokrotka<\/i>\u201d wo\u0142a do telewizji genera\u0142a Czempi\u0144skiego, albo genera\u0142a Dukaczewskiego, ostatniego szefa \u201e<i>zlikwidowanych<\/i>\u201d Wojskowych S\u0142u\u017cb Informacyjnych, albo, w przypadku grubszego kalibru, obydwu razem, no a oni opowiadaj\u0105 nie tylko jak jest, ale r\u00f3wnie\u017c &#8211; jak b\u0119dzie. Znaczy &#8211; wszystko jest pod kontrol\u0105, podobnie, jak za pierwszej komuny. Na tym tle szczeg\u00f3lnie osobliwie brzmi deklaracja genera\u0142a Czempi\u0144skiego, \u017ce on o \u017cadnej takiej akcji nic nie wie, a gdyby UOP j\u0105 przeprowadza\u0142, to na pewno by wiedzia\u0142. Zatem \u201e<i>bzdura<\/i>\u201d, \u201e<i>absurd<\/i>\u201d i tak dalej. \u0179e owszem &#8211; agenci UOP weszli do mieszkania Adama Hodysza &#8211; ale \u017cadnego wybuchu nie spowodowali, a jak prof. Cenckiewicz nie wierzy, to niech idzie do niezawis\u0142ego s\u0105du. Warto zwr\u00f3ci\u0107 uwag\u0119, \u017ce tak\u0105 spraw\u0119 musia\u0142by rozpatrywa\u0107 niezawis\u0142y s\u0105d w Gda\u0144sku, a powszechnie wiadomo, \u017ce gdzie jak gdzie, ale w Gda\u0144sku s\u0105dy s\u0142yn\u0105 z niezawis\u0142o\u015bci na ca\u0142ym \u015bwiecie. Skoro gda\u0144ski okr\u0119g s\u0105dowy cieszy si\u0119 tak\u0105 reputacj\u0105 na ca\u0142ym \u015bwiecie, to by\u0142oby dziwne, gdyby takich rzeczy nie wiedzia\u0142 akurat genera\u0142 Czempi\u0144ski, wi\u0119c lepiej rozumiemy, \u017ce w\u0142a\u015bnie tam odsy\u0142a w\u015bcibskiego prof. Cenckiewicza. Ale tak, czy inaczej sprawa powinna tam trafi\u0107, bo mamy do czynienia z podejrzeniem powa\u017cnego przest\u0119pstwa &#8211; wielokrotnego zab\u00f3jstwa w zamiarze ewentualnym, a takie sprawy przedawniaj\u0105 si\u0119 dopiero po up\u0142ywie 30 lat. Je\u015bli iustitia jeszcze nie do ko\u0144ca zosta\u0142a zglajchszaltowana, to sprawa powinna zosta\u0107 wyja\u015bniona &#8211; r\u00f3wnie\u017c co do udzia\u0142u Kuku\u0144ka &#8211; czy zleci\u0142 operacj\u0119, czy tylko o niej wiedzia\u0142, a nie powiedzia\u0142 &#8211; bo jako urz\u0119duj\u0105cy prezydent mia\u0142 taki prawny obowi\u0105zek. B\u0119dzie to test, czy III Rzeczpospolita wykazuje jeszcze jakie\u015b cechy pa\u0144stwa, czy to ju\u017c tylko \u201e<i>ch&#8230;,d&#8230; i kamieni kupa<\/i>\u201d &#8211; jak w pods\u0142uchanej rozmowie scharakteryzowa\u0142 j\u0105 \u00f3wczesny minister spraw wewn\u0119trznych Bart\u0142omiej Sienkiewicz, kt\u00f3ry przecie\u017c co\u015b tam musia\u0142 o tym nieszcz\u0119snym pa\u0144stwie wiedzie\u0107. Ciekawe, \u017ce \u017cydowska gazeta dla Polak\u00f3w skomentowa\u0142a spraw\u0119 jedynie pi\u00f3rem pana red. Czuchnowskiego, w swoim czasie obdarzonego godno\u015bci\u0105 \u201e<i>hieny roku<\/i>\u201d, z kt\u00f3rej wprawdzie zosta\u0142 u\u0142askawiony, ale co si\u0119 odwlecze, to nie uciecze. Pan Czuchnowski twierdzi, \u017ce przeciwko Kuku\u0144kowi prowadzona jest \u201e<i>wojna hybrydowa<\/i>\u201d, ale merytorycznie jest niezwykle pow\u015bci\u0105gliwy. Najwyra\u017aniej Judenrat \u201e<i>Gazety Wyborczej<\/i>\u201d jeszcze nie wie, co my\u015bli i czeka na decyzj\u0119 Sanhedrynu, no a tedy pewnie da odp\u00f3r, bo preparatorzy \u201e<i>legend<\/i>\u201d z \u201e<i>legendarnymi postaciami<\/i>\u201d jad\u0105 przecie\u017c na jednym w\u00f3zku. Cicho siedzi te\u017c Kukuniek; wida\u0107 kto\u015b starszy i m\u0105drzejszy poradzi\u0142 mu, by p\u00f3ki co, nie wyskakiwa\u0142 z \u017cadnymi \u201e<i>koncepcjami<\/i>\u201d, bo skoro 22 osoby zgin\u0119\u0142y, a rzecz si\u0119 nie przedawni\u0142a, to tu nie ma \u017cart\u00f3w.<\/p><p><strong><em>Stanis\u0142aw Michalkiewicz<\/em><\/strong><\/p><p><i>Sta\u0142y komentarz Stanis\u0142awa Michalkiewicza ukazuje si\u0119 w ka\u017cdym numerze tygodnika \u201eGoniec\u201d (Toronto, Kanada).<\/i><\/p><p>Komentarz \u00a0<b>\u2022<\/b>\u00a0 tygodnik \u201eGoniec\u201d (Toronto) \u00a0<b>\u2022<\/b>\u00a0 14 sierpnia 2016<\/p>","protected":false},"excerpt":{"rendered":"Wprawdzie tegoroczny sierpie\u0144 specjalnie upalny nie jest, przeciwnie &#8211; wygl\u0105da na to, \u017ce deszcz leje cz\u0119\u015bciej, ni\u017c w lipcu, co podobno nawet zagra\u017ca \u017cniwom, a\u017c \u0142za kr\u0119ci si\u0119 w oku, bo zaraz przypominaj\u0105 si\u0119 czasy pierwszej komuny, kiedy to nasz nieszcz\u0119\u015bliwy kraj regularnie nawiedza\u0142y dwie kl\u0119ski i cztery kataklizmy: kl\u0119ska urodzaju i kl\u0119ska nieurodzaju, a [&hellip;]","protected":false},"author":1,"featured_media":0,"comment_status":"closed","ping_status":"closed","sticky":false,"template":"","format":"standard","meta":{"_acf_changed":false,"_monsterinsights_skip_tracking":false,"_monsterinsights_sitenote_active":false,"_monsterinsights_sitenote_note":"","_monsterinsights_sitenote_category":0,"ngg_post_thumbnail":0,"footnotes":"","_wp_rev_ctl_limit":""},"categories":[9],"tags":[114,92,34,36,73],"acf":[],"_links":{"self":[{"href":"https:\/\/www.bibula.com\/index.php?rest_route=\/wp\/v2\/posts\/89036"}],"collection":[{"href":"https:\/\/www.bibula.com\/index.php?rest_route=\/wp\/v2\/posts"}],"about":[{"href":"https:\/\/www.bibula.com\/index.php?rest_route=\/wp\/v2\/types\/post"}],"author":[{"embeddable":true,"href":"https:\/\/www.bibula.com\/index.php?rest_route=\/wp\/v2\/users\/1"}],"replies":[{"embeddable":true,"href":"https:\/\/www.bibula.com\/index.php?rest_route=%2Fwp%2Fv2%2Fcomments&post=89036"}],"version-history":[{"count":0,"href":"https:\/\/www.bibula.com\/index.php?rest_route=\/wp\/v2\/posts\/89036\/revisions"}],"wp:attachment":[{"href":"https:\/\/www.bibula.com\/index.php?rest_route=%2Fwp%2Fv2%2Fmedia&parent=89036"}],"wp:term":[{"taxonomy":"category","embeddable":true,"href":"https:\/\/www.bibula.com\/index.php?rest_route=%2Fwp%2Fv2%2Fcategories&post=89036"},{"taxonomy":"post_tag","embeddable":true,"href":"https:\/\/www.bibula.com\/index.php?rest_route=%2Fwp%2Fv2%2Ftags&post=89036"}],"curies":[{"name":"wp","href":"https:\/\/api.w.org\/{rel}","templated":true}]}}