{"id":890,"date":"2007-02-05T00:00:00","date_gmt":"2007-02-05T00:00:00","guid":{"rendered":""},"modified":"2017-02-05T16:26:04","modified_gmt":"2017-02-05T21:26:04","slug":"tropiciel-antysemityzmu-mianowany-nowym-dyrektorem-radia-wolna-europa","status":"publish","type":"post","link":"https:\/\/www.bibula.com\/?p=890","title":{"rendered":"&#8222;Tropiciel antysemityzmu&#8221; mianowany nowym dyrektorem Radia Wolna Europa"},"content":{"rendered":"<p>Jeffrey Gedmin, ameryka\u0144ski politolog zosta\u0142 mianowany nowym dyrektorem Radia Wolna Europa <em>Radio Free Europe\/Radio Liberty <\/em>z siedzib\u0105 w pradze czeskiej.<br>\r\n Do tej pory dr Jeffrey Gedmin by\u0142 dyrektorem neokonserwatywnej organizacji <em>The New Atlantic Initiative &#8211; NAI<\/em>, nale\u017c\u0105cej do wp\u0142ywowej <em>The American Enterprise Institute for Public Policy Research (AEI)<\/em>.<\/p>\r\n<p>Gedmin, jakkolwiek nie b\u0119d\u0105cy \u017bydem [co ch\u0119tnie zauwa\u017caj\u0105 agencje izraelskie, gdy\u017c dzia\u0142anie w charakterze <em>proxy<\/em> jest zawsze mile widziane &#8211; przyp. <em>BIBU\u0141A<\/em>] &#8211; znany jest z zaanga\u017cowania si\u0119 w tzw. monitorowanie antysemityzmu i antyizraelskiej aktywno\u015bci w Europie.<\/p>\r\n<p>Wielokrotnie wyr\u00f3\u017cni\u0142 si\u0119 stronniczo\u015bci\u0105 i proizraelsk\u0105 dzia\u0142alno\u015bci\u0105. Na przyk\u0142ad w wywiadzie z 2004 roku powiedzia\u0142, \u017ce antyizraelskie nastawienie w Europie wynika z jej korzeni antysemickich. &#8222;Za ka\u017cdym razem gdy jaki\u015b europejski redaktor, intelektualista czy polityk wskazuje na Palesty\u0144czyk\u00f3w jako ofiary, a Izraelczyk\u00f3w jako agresor\u00f3w, wychodzi z tych Europejczyk\u00f3w ich przesz\u0142o\u015b\u0107 [\u2026] W ich dyskryminuj\u0105cym nastawieniu w stosunku do Izraela, patologiczno-psychologiczne elementy dominuj\u0105 nad ideologicznymi.\u201d<\/p>\r\n<p>Jeffrey Gedmin zast\u0105pi od marca br. dotychczasowego dyrektora Radia Wolna Europa, Tom Dine, kt\u00f3ry przed obj\u0119ciem ten funkcji by\u0142 dyrektorem pro-izraelskiej, syjonistycznej organizacji lobbystycznej w Stanach Zjednoczonych <em>American Israel Public Affairs Committee<\/em>, a kt\u00f3ry zosta\u0142 teraz dyrektorem jednej z \u017cydowskich organizacji w San Francisco.<\/p>","protected":false},"excerpt":{"rendered":"Jeffrey Gedmin, ameryka\u0144ski politolog zosta\u0142 mianowany nowym dyrektorem Radia Wolna Europa Radio Free Europe\/Radio Liberty z siedzib\u0105 w pradze czeskiej. Do tej pory dr Jeffrey Gedmin by\u0142 dyrektorem neokonserwatywnej organizacji The New Atlantic Initiative &#8211; NAI, nale\u017c\u0105cej do wp\u0142ywowej The American Enterprise Institute for Public Policy Research (AEI). Gedmin, jakkolwiek nie b\u0119d\u0105cy \u017bydem [co ch\u0119tnie [&hellip;]","protected":false},"author":1,"featured_media":0,"comment_status":"closed","ping_status":"open","sticky":false,"template":"","format":"standard","meta":{"_acf_changed":false,"_monsterinsights_skip_tracking":false,"_monsterinsights_sitenote_active":false,"_monsterinsights_sitenote_note":"","_monsterinsights_sitenote_category":0,"ngg_post_thumbnail":0,"footnotes":"","_wp_rev_ctl_limit":""},"categories":[6],"tags":[227,53,159],"acf":[],"_links":{"self":[{"href":"https:\/\/www.bibula.com\/index.php?rest_route=\/wp\/v2\/posts\/890"}],"collection":[{"href":"https:\/\/www.bibula.com\/index.php?rest_route=\/wp\/v2\/posts"}],"about":[{"href":"https:\/\/www.bibula.com\/index.php?rest_route=\/wp\/v2\/types\/post"}],"author":[{"embeddable":true,"href":"https:\/\/www.bibula.com\/index.php?rest_route=\/wp\/v2\/users\/1"}],"replies":[{"embeddable":true,"href":"https:\/\/www.bibula.com\/index.php?rest_route=%2Fwp%2Fv2%2Fcomments&post=890"}],"version-history":[{"count":0,"href":"https:\/\/www.bibula.com\/index.php?rest_route=\/wp\/v2\/posts\/890\/revisions"}],"wp:attachment":[{"href":"https:\/\/www.bibula.com\/index.php?rest_route=%2Fwp%2Fv2%2Fmedia&parent=890"}],"wp:term":[{"taxonomy":"category","embeddable":true,"href":"https:\/\/www.bibula.com\/index.php?rest_route=%2Fwp%2Fv2%2Fcategories&post=890"},{"taxonomy":"post_tag","embeddable":true,"href":"https:\/\/www.bibula.com\/index.php?rest_route=%2Fwp%2Fv2%2Ftags&post=890"}],"curies":[{"name":"wp","href":"https:\/\/api.w.org\/{rel}","templated":true}]}}