{"id":88546,"date":"2016-07-15T10:59:48","date_gmt":"2016-07-15T14:59:48","guid":{"rendered":"http:\/\/www.bibula.com\/?p=88546"},"modified":"2016-07-15T10:59:48","modified_gmt":"2016-07-15T14:59:48","slug":"jestem-kresowianinem-nie-glosuje-na-pis-marcin-skalski","status":"publish","type":"post","link":"https:\/\/www.bibula.com\/?p=88546","title":{"rendered":"Jestem Kresowianinem \u2013 nie g\u0142osuj\u0119 na PiS &#8211; <em>Marcin Skalski<\/em>"},"content":{"rendered":"<p><strong>Nie ma takiej rzeczy, za kt\u00f3r\u0105 nie sta\u0142aby putinowsko-neostalinowska, totalitarna, imperialistyczna Rosja. Je\u015bli za\u015b s\u0105 takowe, to nie ma z kolei takiej rzeczy, na kt\u00f3rej Rosja by nie korzysta\u0142a.<\/strong><\/p><p>O ile do grona tych pierwszych zjawisk, za kt\u00f3re odpowiada Putin, zaliczymy powstanie Pa\u0144stwa Islamskiego, kryzys imigracyjny, Brexit czy rze\u017a wo\u0142y\u0144sk\u0105, to do tej drugiej nale\u017cy zaliczy\u0107 kwalifikacj\u0119 rzezi na Wo\u0142yniu i Ma\u0142opolsce Wschodniej jako ludob\u00f3jstwo czy te\u017c ultymatywne stawianie kwestii praw narodowych Polak\u00f3w na Litwie.<\/p><p>Wszystkie aspekty stosunk\u00f3w mi\u0119dzypa\u0144stwowych dziel\u0105 si\u0119 w\u0142a\u015bnie te dwie wspomniane kategorie &#8211; albo s\u0142u\u017c\u0105 Rosji, albo s\u0105 przez Rosj\u0119 prowokowane. Je\u015bli Putin nie macza w czym\u015b palc\u00f3w, to przynajmniej zaciera r\u0119ce. W\u0142a\u015bnie w takiej wizji porz\u0105dku mi\u0119dzynarodowego upatruj\u0119 \u017ar\u00f3de\u0142 s\u0142\u00f3w ministra Antoniego Macierewicza, kt\u00f3ry widzi w Rosji rzeczywistego sprawc\u0119 ludob\u00f3jstwa dokonanego przez ukrai\u0144skich nacjonalist\u00f3w na Polakach.<\/p><ul><li>ZOBACZ TE\u0179: <a href=\"http:\/\/www.kresy.pl\/wydarzenia,bezpieczenstwo-i-obrona?zobacz\/macierewicz-o-rzezi-wolynskiej-zrodlem-rzezi-wolynskiej-jest-rosja-video\"><strong>Macierewicz o rzezi wo\u0142y\u0144skiej: \u00c5\u00b9r\u00f3d\u0142em jest Rosja<\/strong><\/a> [+VIDEO]\u00a0<\/li><\/ul><p>O ile w szczero\u015b\u0107 s\u0142\u00f3w i przekona\u0144 ministra Macierewicza nie \u015bmiem w\u0105tpi\u0107 &#8211; gdy\u017c <strong>naprawd\u0119 wierz\u0119, \u017ce szef MON autentycznie widzi r\u0119k\u0119 Rosji je\u015bli nie we wszystkich, to przynajmniej w wi\u0119kszo\u015bci negatywnych zjawisk trapi\u0105cych Polsk\u0119 i \u015bwiat<\/strong> &#8211; to ju\u017c o tak\u0105 prostolinijno\u015b\u0107 nie podejrzewam innych polityk\u00f3w PiS-u. Ministrowi Macierewiczowi wszystko \u201egra i koliduje\u201d &#8211; z jednej strony niepodleg\u0142o\u015b\u0107, z drugiej strony obce wojska w Polsce jako synonim tej\u017ce niepodleg\u0142o\u015bci, przy okazji duma narodowa, ale zarazem do\u015b\u0107 nie\u015bmia\u0142e przeb\u0105kiwanie o Wo\u0142yniu, kt\u00f3ry wedle wszelkich ustale\u0144 by\u0142 zbrodni\u0105 dokonan\u0105 przez OUN-UPA. Sprzeczno\u015b\u0107 jest tylko pozorna, bo skoro za wszystko i tak odpowiada b\u0105d\u017a odpowiada\u0142a Rosja, to temu odwiecznemu zagro\u017ceniu mo\u017cna podporz\u0105dkowa\u0107 nie tylko w\u0142asn\u0105 przysz\u0142o\u015b\u0107, ale i nawet przesz\u0142o\u015b\u0107. Bo je\u015bli na Wo\u0142yniu dokona\u0142o si\u0119 ludob\u00f3jstwo i to nawet r\u0119kami ukrai\u0144skich nacjonalist\u00f3w, to kto udowodni, \u017ce nie stali za tym Rosjanie? No, w\u0142a\u015bnie &#8211; nikt. A wi\u0119c wszystko si\u0119 zgadza.\u00a0<\/p><ul><li>CZYTAJ R\u00d3WNIE\u017b: <a href=\"http:\/\/www.kresy.pl\/wydarzenia,%C5%82y-tu-wojska-nato\"><strong>Macierewicz: pokolenia Polak\u00f3w marzy\u0142y, by by\u0142y tu wojska NATO<\/strong><\/a><\/li><\/ul><p>Inni politycy rz\u0105dz\u0105cej formacji nie maj\u0105 ju\u017c a\u017c tak koherentnych pogl\u0105d\u00f3w. Trudno doprawdy uwierzy\u0107, by w\u015br\u00f3d historyk\u00f3w z wykszta\u0142cenia, jak wiceminister kultury Jaros\u0142aw Sellin czy posiadaj\u0105cy tytu\u0142 profesora (!) wicemarsza\u0142ek Sejmu Ryszard Terlecki, panowa\u0142a niewiedza co do \u017ar\u00f3de\u0142, sprawc\u00f3w i przebiegu ludob\u00f3jstwa dokonanego przez OUN-UPA. Prostackie pr\u00f3by zrzucenia odpowiedzialno\u015bci za t\u0119 fal\u0119 bestialskich mord\u00f3w na kogo\u015b innego wr\u0119cz nie przystoj\u0105 komu\u015b, kto ma w swojej karierze epizod akademicki.<\/p><ul><li>PATRZ TE\u0179: <a href=\"http:\/\/www.kresy.pl\/wydarzenia,polityka?zobacz\/sellin-wazniejsze-niz-upamietnienie-wolynia-jest-pomaganie-ukrainie\"><strong>Sellin: Nie koncentrujmy si\u0119 na winach Ukrai\u0144c\u00f3w, wskazujmy g\u0142\u00f3wnie na win\u0119 bolszewik\u00f3w<\/strong><\/a>\u00a0<\/li><li>SP\u00d3JRZ R\u00d3WNIE\u017b: <a href=\"http:\/\/www.kresy.pl\/wydarzenia,polityka?zobacz\/ryszard-terlecki-pis-mowi-o-bratobojczej-wojnie-na-wolyniu-i-w-malopolsce-wschodniej\"><strong>Ryszard Terlecki (PiS) m\u00f3wi o \u201ebratob\u00f3jczej wojnie na Wo\u0142yniu i w Ma\u0142opolsce Wschodniej\u201d<\/strong><\/a>\u00a0<\/li><li>CZYTAJ TAK\u0179E: <a href=\"http:\/\/www.kresy.pl\/publicystyka,opinie?zobacz\/czemu-minister-sellin-z-pis-musial-zrobic-z-siebie-durnia\"><strong>Czemu minister Sellin z PiS musia\u0142 zrobi\u0107 z siebie durnia<\/strong><\/a><strong>\u00a0<\/strong><\/li><\/ul><p>Podejrzewam zreszt\u0105, \u017ce tego typu zabiegi, na czele w\u0142a\u015bnie ze zrzucaniem win za Wo\u0142y\u0144 na Rosjan czy Sowiet\u00f3w, dokonywane s\u0105 przez wy\u017cej wymienionych prominent\u00f3w PiS zupe\u0142nie na zimno i ca\u0142kowicie bezwstydnie. Dlatego nawet przyj\u0119cie uchwa\u0142y wo\u0142y\u0144skiej przez Sejm, wcale nie ko\u0144czy sprawy. <strong>Nie ma co udawa\u0107, \u017ce nic si\u0119 nie sta\u0142o &#8211; PiS wcale nie chcia\u0142 podejmowa\u0107 sprawy ludob\u00f3jstwa na Wo\u0142yniu w spos\u00f3b, kt\u00f3ry nieuchronnie musi wywo\u0142a\u0107 okre\u015blone konsekwencje w stosunkach z Ukrain\u0105<\/strong>. W kwestii tej sukces odnios\u0142o spo\u0142eczno-polityczne lobby kresowe, kt\u00f3re wymusi\u0142o okre\u015blone kroki. W czasie wolnym od hucznych uroczysto\u015bci ku czci ofiar pogromu ubeckiego (\u201ekieleckiego\u201d) czy mordu w Jedwabnem, dokonanego przez nieznanych do dzi\u015b sprawc\u00f3w, znalaz\u0142a si\u0119 u rz\u0105dz\u0105cych chwila, by z ledwo skrywanym grymasem na twarzy uda\u0107 si\u0119 na Skwer Wo\u0142y\u0144ski w Warszawie, a nawet zmusi\u0107 si\u0119, by nie wspomnie\u0107 nic o ruskich.\u00a0<\/p><ul><li>CZYTAJ TAK\u0179E: <a href=\"http:\/\/www.kresy.pl\/publicystyka,opinie?zobacz\/honor-straciliscie-przyjazni-ukraincow-nie-zyskacie\"><strong>Honor stracili\u015bcie, przyja\u017ani Ukrai\u0144c\u00f3w nie zyskacie<\/strong>\u00a0<\/a><\/li><\/ul><p><strong>Dlaczego nie wierz\u0119 w szczero\u015b\u0107 tej przemiany?\u00a0<\/strong><\/p><p>Po pierwsze, obstawiony BOR-owikami na Marszu Wo\u0142y\u0144skim minister Jan Dziedziczak mo\u017ce sobie por\u00f3wnywa\u0107 banderyzm do hitleryzmu czy stalinizmu w przem\u00f3wieniu wyg\u0142oszonym do Kresowian, ale to w\u0142a\u015bnie on nieustraszenie broni nominacji Jana Piek\u0142o na ambasadora w Kijowie. Stosunek Jana Piek\u0142o do banderyzmu jest, delikatnie m\u00f3wi\u0105c, niejednoznaczny, a wi\u0119c minister Dziedziczak broni nominacji dla kogo\u015b, kto nie chce ustosunkowa\u0107 si\u0119 w nale\u017cyty spos\u00f3b do zjawiska por\u00f3wnywalnego z hitleryzmem i stalinizmem.<\/p><ul><li>CZYTAJ TE\u0179: <a href=\"http:\/\/www.kresy.pl\/wydarzenia,spoleczenstwo?zobacz\/jan-dziedziczak-nie-ma-zgody-na-propagowanie-hitleryzmu-stalinizmu-i-banderyzmu-video\"><strong>Jan Dziedziczak: Nie ma zgody na propagowanie hitleryzmu, stalinizmu i banderyzmu [+VIDEO]<\/strong><\/a>\u00a0<\/li><li>SP\u00d3JRZ TAK\u0179E: <a href=\"http:\/\/www.kresy.pl\/wydarzenia,spoleczenstwo?zobacz\/list-otwarty-w-sprawie-jana-pieklo\"><strong>List otwarty w sprawie Jana Piek\u0142o<\/strong>\u00a0<\/a><\/li><li>ZOBACZ R\u00d3WNIE\u017b: <a href=\"http:\/\/www.kresy.pl\/publicystyka,analizy?zobacz\/jan-pieklo-zobacz-kogo-pis-zrobil-ambasadorem-na-ukrainie\"><strong>Jan Piek\u0142o &#8211; zobacz kogo PiS zrobi\u0142 ambasadorem na Ukrainie\u00a0<\/strong><\/a><\/li><li>CZYTAJ R\u00d3WNIE\u017b: <a href=\"http:\/\/www.kresy.pl\/wydarzenia,polityka?zobacz\/msz-odpowiada-na-interpelacje-ws-nominacji-jana-pieklo-na-ambasadora-rp-w-kijowie\"><strong>MSZ odpowiada na interpelacj\u0119 ws. nominacji Jana Piek\u0142o na ambasadora RP w Kijowie<\/strong>\u00a0<\/a><\/li><\/ul><p>Ponadto, <strong>Prawo i Sprawiedliwo\u015b\u0107 nadal karmi naszymi (czyli podatnik\u00f3w) pieni\u0119dzmi takie postacie jak Agnieszka Romaszewska czy Przemys\u0142aw \u0179urawski vel Grajewski, finansuj\u0105c ich tyle\u017c bezsensown\u0105, co szkodliw\u0105 dzia\u0142alno\u015b\u0107<\/strong>. Po licznych interwencjach w sprawie r\u00f3\u017cnych wypowiedzi wspomnianych os\u00f3b nie podj\u0119to w rz\u0105dzie \u017cadnego dzia\u0142ania. Natomiast Ministerstwo Spraw Zagranicznych, kt\u00f3rego wiceszefem jest Jan Dziedziczak, poczu\u0142o si\u0119 w obowi\u0105zku wszcz\u0105\u0107 \u015bledztwo w sprawie pana Bogdana Kulasa, dzia\u0142acza polonijnego z Norwegii, kt\u00f3remu nieopatrznie wr\u0119czy\u0142 by\u0142 odznaczenie pa\u0144stwowe prezydent Andrzej Duda. Przyczyn\u0105 podj\u0119cia tego kroku wobec pana Kulasa by\u0142 \u201eantysemityzm\u201d i \u201eputinofilia\u201d(!).\u00a0<\/p><ul><li>CZYTAJ TE\u0179: <a href=\"http:\/\/www.kresy.pl\/wydarzenia,polityka?zobacz\/zurawski-vel-grajewski-banderyzm-na-ukrainie-to-wymysl-propagandy-rosyjskiej\"><strong>\u0179urawski vel Grajewski: banderyzm na Ukrainie to wymys\u0142 rosyjskiej propagandy<\/strong><\/a><\/li><li>ZOBACZ R\u00d3WNIE\u017b: <a href=\"http:\/\/www.kresy.pl\/wydarzenia,spoleczenstwo?zobacz\/niewazne-czy-ukraina-odda-nam-4-mld-zlotych-wysoki-urzednik-pis-owskiego-msz\"><strong>Niewa\u017cne, czy Ukraina odda nam 4 mld z\u0142otych &#8211; wysoki urz\u0119dnik PiS-owskiego MSZ<\/strong>\u00a0<\/a><\/li><li>PATRZ TAK\u0179E: <a href=\"http:\/\/www.kresy.pl\/wydarzenia,spoleczenstwo?zobacz\/doradca-szefa-polskiego-msz-za-orderem-dla-negacjonisty-wolynskiego\"><strong>Doradca szefa polskiego MSZ za orderem dla negacjonisty wo\u0142y\u0144skiego<\/strong>\u00a0<\/a><\/li><\/ul><p>Nie wnikaj\u0105c w to, czym te zjawiska s\u0105 naprawd\u0119, a czym s\u0105 wed\u0142ug medi\u00f3w &#8211; bo to dwie r\u00f3\u017cne rzeczy &#8211; to zasadnym jest pytanie: co polskie MSZ obchodzi stosunek zas\u0142u\u017conego dzia\u0142acza polonijnego wobec \u017byd\u00f3w czy W\u0142adimira Putina? <strong>G\u0142\u0119boko bulwersuje mnie fakt, \u017ce rz\u0105d marnuje nasze pieni\u0105dze nie tylko na Romaszewsk\u0105 czy \u201eEksperta Obojga Nazwisk\u201d, ale trwoni je tak\u017ce na g\u0142upawe dochodzenia wobec Polak\u00f3w naprawd\u0119 zas\u0142u\u017conych dla krzewienia naszej kultury i j\u0119zyka<\/strong>.\u00a0<\/p><ul><li>SP\u00d3JRZ TAK\u0179E: <a href=\"http:\/\/www.kresy.pl\/wydarzenia,spoleczenstwo?zobacz\/skandal-w-msz-resort-wydaje-ponad-24-razy-wiecej-na-bielsat-niz-na-media-polskie-na-bialorusi\"><strong>Skandal w MSZ. Resort wydaje ponad 24 razy wi\u0119cej na Bie\u0142sat ni\u017c na media polskie na Bia\u0142orusi<\/strong><\/a><\/li><li>CZYTAJ R\u00d3WNIE\u017b: <a href=\"http:\/\/www.kresy.pl\/wydarzenia,polityka?zobacz\/romaszewska-przeciw-prawdzie-o-kresowym-ludobojstwie\"><strong>Romaszewska przeciw prawdzie o kresowym ludob\u00f3jstwie<\/strong>\u00a0<\/a><\/li><li>ZOBACZ TE\u0179: <a href=\"http:\/\/www.kresy.pl\/wydarzenia,spoleczenstwo?zobacz\/romaszewska-nie-uzywam-slowa-kresy-bo-to-przeszkadza-ukraincom\"><strong>Romaszewska: nie u\u017cywam s\u0142owa \u201eKresy\u201d, bo to przeszkadza Ukrai\u0144com<\/strong><\/a><\/li><li>PATRZ TAK\u0179E: <a href=\"http:\/\/www.kresy.pl\/wydarzenia,polityka?zobacz\/romaszewska-kresypl-to-moskiewska-agentura\"><strong>Romaszewska: Kresy.pl to moskiewska agentura<\/strong>\u00a0<\/a><\/li><\/ul><p>Prawo i Sprawiedliwo\u015b\u0107 jest o krok do ty\u0142u za postulatami Kresowian i wspieraj\u0105cych ich ludzi dobrej woli. To, co mo\u017ce i by\u0142o satysfakcjonuj\u0105ce kilka lat temu, teraz jest co najwy\u017cej opcj\u0105 minimum. Kroki podejmowane obecnie przez parti\u0119 rz\u0105dz\u0105c\u0105, na czele z uchwa\u0142\u0105, zosta\u0142y wymuszone poprzez gro\u017ab\u0119 utraty poparcia. Gdyby uchwa\u0142a wo\u0142y\u0144ska by\u0142a g\u0142osowana wtedy, gdy Kresowianie nie byli jeszcze dono\u015bnym g\u0142osem w debacie publicznej, a ich punkt widzenia nie by\u0142 artyku\u0142owany z m\u00f3wnicy sejmowej, jak to ma miejsce dzisiaj, w\u00f3wczas PiS zas\u0142u\u017cenie dostawa\u0142by poparcie od tej grupy spo\u0142ecznej. PiS poparcie zreszt\u0105 w 2015 otrzyma\u0142, a <strong>postulaty Kresowian ignorowa\u0142 do momentu, a\u017c skalkulowa\u0142, \u017ce jest to nieop\u0142acalne<\/strong>.<\/p><ul><li>CZYTAJ: <a href=\"http:\/\/www.kresy.pl\/publicystyka,analizy?zobacz\/jak-prawo-i-sprawiedliwosc-oszukalo-i-zdradzilo-kresowian\"><strong>Jak Prawo i Sprawiedliwo\u015b\u0107 oszuka\u0142o i zdradzi\u0142o Kresowian<\/strong><\/a><\/li><\/ul><p>Tymczasem, jak ju\u017c wspomnia\u0142em, od lipca 2013 roku, czyli 70. rocznicy Krwawej Niedzieli na Wo\u0142yniu, zmieni\u0142o si\u0119 bardzo wiele. Pami\u0119\u0107 o Kresach Wschodnich postanowi\u0142o kultywowa\u0107 trzecie pokolenie Kresowian. To swoisty fenomen, bo przecie\u017c urodzili si\u0119 oni ju\u017c na innym terytorium, nie maj\u0105c nawet szans na poznanie historii ojczystych ziem inaczej, ni\u017c na w\u0142asn\u0105 r\u0119k\u0119. Docelowo zreszt\u0105 wszyscy Polacy powinni by\u0107 na sw\u00f3j spos\u00f3b Kresowianami &#8211; tak, by ten dorobek trwa\u0142 w nas samych i w pokoleniach, kt\u00f3re przyjd\u0105 po nas.<\/p><p>Pod tym wzgl\u0119dem PiS usi\u0142uje utrzymywa\u0107 spo\u0142ecze\u0144stwo w stanie narkozy. Kreuj\u0105c sw\u00f3j wizerunek opcji patriotycznej i niepodleg\u0142o\u015bciowej zarazem <strong>\u015bwiadomie pope\u0142nia szereg wykrocze\u0144 przeciwko polskiej racji stanu<\/strong>. Nawet uchwa\u0142a wo\u0142y\u0144ska przeg\u0142osowana w Sejmie przez pos\u0142\u00f3w tej partii niewiele zmieni, jesieni\u0105 wejdzie do kin film \u201eWo\u0142y\u0144\u201d Wojciech Smarzowskiego, co jest jednym z istotnych \u015bwiadectw zmieniaj\u0105cej si\u0119 dynamiki spo\u0142ecznej, za kt\u00f3r\u0105 wspomniana partia nie nad\u0105\u017ca. Sp\u00f3\u017anili\u015bcie si\u0119, Panie i Panowie z PiS.\u00a0<\/p><p>Osobi\u015bcie uchwa\u0142a wo\u0142y\u0144ska nie jest mi ju\u017c do niczego potrzebna. Ju\u017c nie teraz. Jej podj\u0119cie wynika z kalkulacji politycznych, poniewa\u017c poprzedzi\u0142 j\u0105 szereg haniebnych wypowiedzi czo\u0142owych polityk\u00f3w partii rz\u0105dz\u0105cej, a towarzyszy op\u0142acanie z naszych pieni\u0119dzy anty-kresowych paszkwilant\u00f3w. M\u00f3g\u0142bym si\u0119 cieszy\u0107, \u017ce pa\u0144stwo polskie wreszcie wyra\u017ca pewn\u0105 wol\u0119 polityczn\u0105, ale t\u0119 rado\u015b\u0107 wyra\u017ca\u0107 m\u00f3g\u0142bym co najwy\u017cej w roku 2013. Teraz spo\u0142ecze\u0144stwo powoli zaczyna dowiadywa\u0107 si\u0119 prawdy na temat Kres\u00f3w Wschodnich, wi\u0119c partia konsultuj\u0105ca swoje uchwa\u0142y chocia\u017cby z synami banderowskich zbrodniarzy mo\u017ce sobie je wsadzi\u0107 w buty.\u00a0<\/p><ul><li>CZYTAJ R\u00d3WNIE\u017b: <a href=\"http:\/\/www.kresy.pl\/wydarzenia,polityka?zobacz\/podczas-negocjacji-kuchcinskiego-ws-uchwaly-11-lipca-obecny-byl-syn-zbrodniarza-z-upa-foto\"><strong>Bobo\u0142owicz: Kuchci\u0144ski negocjowa\u0142 uchwa\u0142\u0119 ws. 11 lipca m.in. z synem zbrodniarza z UPA [+FOTO]\u00a0<\/strong><\/a><\/li><li>PATRZ TE\u0179: <a href=\"http:\/\/www.kresy.pl\/wydarzenia,polityka?zobacz\/uchwala-w-sprawie-kresowego-ludobojstwa-tydzien-pozniej\"><strong>Uchwa\u0142a w sprawie kresowego ludob\u00f3jstwa tydzie\u0144 p\u00f3\u017aniej<\/strong><\/a><\/li><li>ZOBACZ TAK\u0179E: <a href=\"http:\/\/www.kresy.pl\/wydarzenia,polityka?zobacz\/parubij-mamy-porozumienie-z-pis-ze-przed-szczytem-nato-nie-bedzie-uchwaly-w-sprawie-11-lipca\"><strong>Parubij: Kuchci\u0144ski obieca\u0142 nam, \u017ce przed szczytem NATO nie b\u0119dzie uchwa\u0142y w sprawie 11 lipca<\/strong><\/a><\/li><\/ul><p>Po drugie wreszcie, trzeba wspomnie\u0107 o r\u00f3wnie haniebnej postawie wobec ofiar zbrodni sowieckich. Nieudolne pr\u00f3by przykrycia Wo\u0142ynia tematem agresji ZSRR na Polsk\u0119 17 wrze\u015bnia \u201939 powinny da\u0107 do my\u015blenia, gdy\u017c pami\u0119\u0107 o ofiarach Sowiet\u00f3w najwyra\u017aniej jest traktowana w spos\u00f3b utylitarny, byle przykry\u0107 masakr\u0119 polskiej ludno\u015bci z r\u0105k OUN-UPA. Nie pierwszy raz okazuje si\u0119, \u017ce polityka pami\u0119ci historycznej, prowadzona przez PiS, jest zak\u0142adnikiem jego orientacji geopolitycznej. Finalnie rz\u0105dz\u0105cy nie tylko trac\u0105 twarz na \u201eodcinku wo\u0142y\u0144skim\u201d, ale te\u017c &#8211; nazwijmy go umownie &#8211; na \u201eodcinku katy\u0144skim\u201d.\u00a0<\/p><p>Niekt\u00f3rym wydaje si\u0119, \u017ce mo\u017cna zachowa\u0107 honor na jednym froncie walki o pami\u0119\u0107, trac\u0105c go na drugim. Pojawiaj\u0105 si\u0119 te\u017c g\u0142osy, <strong>jak np. Jaros\u0142awa Guzego z Klubu Atlantyckiego<\/strong> [ http:\/\/wpolityce.pl\/polityka\/300136-jaroslaw-guzy-w-czasie-szczytu-nato-toczyla-sie-wojna-informacyjna-tysiace-trolli-i-propagandowe-koktajle-putina-nasz-wywiad ], kt\u00f3re usi\u0142uj\u0105 rozlicza\u0107 patriotyzm Kresowian pod k\u0105tem ich stosunku do zbrodni Sowiet\u00f3w.<\/p><p>To bezczelne w gruncie rzeczy \u017c\u0105danie nie ma \u017cadnych podstaw ze strony \u015brodowisk, kt\u00f3re stawa\u0142y wr\u0119cz na g\u0142owie, by nie niszczy\u0107 jedno\u015bci \u201ewschodniej flanki\u201d jakim\u015b Wo\u0142yniem. Wbrew temu, co twierdz\u0105 np. <em>teoretycy holokaustu<\/em>, ka\u017cde ludob\u00f3jstwo jest wyj\u0105tkowe. <strong>\u0141\u0105czenie chocia\u017cby ofiar Operacji Polskiej NKWD z Wo\u0142yniem nosi znamiona kompletnego i zuchwa\u0142ego doprawdy cynizmu<\/strong>, zupe\u0142nego pomieszania porz\u0105dk\u00f3w, wbrew tej oczywistej prawdzie, i\u017c specjalnie traktowanie nale\u017cy si\u0119 ka\u017cdej ofierze z osobna bez wzgl\u0119du na bie\u017c\u0105ce konteksty polityczne czy mi\u0119dzynarodowe. Nie uwa\u017cam zreszt\u0105, by w\u0142asna godno\u015b\u0107 mog\u0142a by\u0107 walut\u0105 w stosunkach mi\u0119dzypa\u0144stwowych. Co bowiem uzyskuje si\u0119 w zamian?<\/p><p>Oczywi\u015bcie, Operacja Polska NKWD, Wo\u0142y\u0144 czy Ponary wpisuj\u0105 si\u0119 w dramatyczny i logiczny ci\u0105g zag\u0142ady Kres\u00f3w Wschodnich i ten wsp\u00f3lny mianownik powy\u017csze zbrodnie na pewno posiadaj\u0105. Rosjanie czy Sowieci r\u00f3wnie\u017c przy\u0142o\u017cyli do tego r\u0119k\u0119, nie ma co tego ukrywa\u0107. Z\u0142o\u015bliwie mo\u017cna by doda\u0107, \u017ce przodkowie naszych wsp\u00f3\u0142czesnych sojusznik\u00f3w ze \u201ewschodniej flanki\u201d wcale nie byli lepsi od \u201eruskich\u201d, tylko po co, skoro na zbrodniach innych ni\u017c rosyjskie lub sowieckie korzysta wy\u0142\u0105cznie Putin?\u00a0<\/p><p>W zwi\u0105zku z powy\u017cszym nie zale\u017cy mi ju\u017c tak\u017ce, by PiS przyk\u0142ada\u0142 swoj\u0105 r\u0119k\u0119 do jakiejkolwiek inicjatywy upami\u0119tniaj\u0105cej m\u0119cze\u0144stwo Kres\u00f3w z r\u0105k sowieckich. Skoro pami\u0119\u0107 o tych zbrodniach na Polakach ma s\u0142u\u017cy\u0107 wy\u0142\u0105cznie do uzasadniania wyboru swoich bie\u017c\u0105cych sojusznik\u00f3w i wrog\u00f3w w roku 2016, to lepiej, by zabrali si\u0119 za to ludzie szczerze przej\u0119ci ca\u0142okszta\u0142tem dziedzictwa i tragedii Kres\u00f3w.\u00a0<\/p><p>A wi\u0119c: <strong><em>\u201eto nie jest koniec, to nawet nie jest pocz\u0105tek ko\u0144ca, to dopiero koniec pocz\u0105tku\u201d<\/em><\/strong> &#8211; jak s\u0142usznie mawia\u0142 jeden z naszych sojusznik\u00f3w, kt\u00f3ry w zamian za podj\u0119cie si\u0119 w 1939 roli \u201ewschodniej flanki\u201d sprzeda\u0142 Polsk\u0119 w Ja\u0142cie wraz z Kresami Wschodnimi.<\/p><p><em><strong>Marcin Skalski\u00a0<\/strong><\/em><\/p>","protected":false},"excerpt":{"rendered":"Nie ma takiej rzeczy, za kt\u00f3r\u0105 nie sta\u0142aby putinowsko-neostalinowska, totalitarna, imperialistyczna Rosja. Je\u015bli za\u015b s\u0105 takowe, to nie ma z kolei takiej rzeczy, na kt\u00f3rej Rosja by nie korzysta\u0142a.O ile do grona tych pierwszych zjawisk, za kt\u00f3re odpowiada Putin, zaliczymy powstanie Pa\u0144stwa Islamskiego, kryzys imigracyjny, Brexit czy rze\u017a wo\u0142y\u0144sk\u0105, to do tej drugiej nale\u017cy zaliczy\u0107 [&hellip;]","protected":false},"author":1,"featured_media":0,"comment_status":"closed","ping_status":"closed","sticky":false,"template":"","format":"standard","meta":{"_acf_changed":false,"_monsterinsights_skip_tracking":false,"_monsterinsights_sitenote_active":false,"_monsterinsights_sitenote_note":"","_monsterinsights_sitenote_category":0,"ngg_post_thumbnail":0,"footnotes":"","_wp_rev_ctl_limit":""},"categories":[9],"tags":[98,188,141,20,17],"acf":[],"_links":{"self":[{"href":"https:\/\/www.bibula.com\/index.php?rest_route=\/wp\/v2\/posts\/88546"}],"collection":[{"href":"https:\/\/www.bibula.com\/index.php?rest_route=\/wp\/v2\/posts"}],"about":[{"href":"https:\/\/www.bibula.com\/index.php?rest_route=\/wp\/v2\/types\/post"}],"author":[{"embeddable":true,"href":"https:\/\/www.bibula.com\/index.php?rest_route=\/wp\/v2\/users\/1"}],"replies":[{"embeddable":true,"href":"https:\/\/www.bibula.com\/index.php?rest_route=%2Fwp%2Fv2%2Fcomments&post=88546"}],"version-history":[{"count":0,"href":"https:\/\/www.bibula.com\/index.php?rest_route=\/wp\/v2\/posts\/88546\/revisions"}],"wp:attachment":[{"href":"https:\/\/www.bibula.com\/index.php?rest_route=%2Fwp%2Fv2%2Fmedia&parent=88546"}],"wp:term":[{"taxonomy":"category","embeddable":true,"href":"https:\/\/www.bibula.com\/index.php?rest_route=%2Fwp%2Fv2%2Fcategories&post=88546"},{"taxonomy":"post_tag","embeddable":true,"href":"https:\/\/www.bibula.com\/index.php?rest_route=%2Fwp%2Fv2%2Ftags&post=88546"}],"curies":[{"name":"wp","href":"https:\/\/api.w.org\/{rel}","templated":true}]}}