{"id":88504,"date":"2016-07-14T10:58:35","date_gmt":"2016-07-14T14:58:35","guid":{"rendered":"http:\/\/www.bibula.com\/?p=88504"},"modified":"2016-07-14T10:58:35","modified_gmt":"2016-07-14T14:58:35","slug":"przedstawiciel-rosyjskich-zydow-potepil-macierewicza","status":"publish","type":"post","link":"https:\/\/www.bibula.com\/?p=88504","title":{"rendered":"Przedstawiciel rosyjskich \u017byd\u00f3w pot\u0119pi\u0142 Macierewicza"},"content":{"rendered":"<p><strong>Federacja Wsp\u00f3lnot \u017bydowskich Rosji ostro skrytykowa\u0142a szefa MON Antoniego Macierewicza, pot\u0119piaj\u0105c jego s\u0142owa dotycz\u0105ce rosyjskiej odpowiedzialno\u015bci za rze\u017a wo\u0142y\u0144sk\u0105 i zarzucaj\u0105c mu rusofobi\u0119.<\/strong><\/p><p><span style=\"text-decoration: underline;\"><a href=\"http:\/\/www.kresy.pl\/wydarzenia,bezpieczenstwo-i-obrona?zobacz\/macierewicz-o-rzezi-wolynskiej-zrodlem-rzezi-wolynskiej-jest-rosja-video\">W wywiadzie na antenie TVP Info<\/a><\/span> polski minister powiedzia\u0142, \u017ce u \u017ar\u00f3de\u0142 ludob\u00f3jstwa na Wo\u0142yniu le\u017cy Rosja, kt\u00f3ra jest prawdziwym wrogiem, kt\u00f3ry u\u017cy\u0142 cz\u0119\u015b\u0107 si\u0142 nacjonalistycznych do jego rozpocz\u0119cia.<\/p><p><strong><em>\u201eTakie wypowiedzi formu\u0142owali zwykle przedstawiciele politycznego marginesu, nie ludzie w\u0142adzy<\/em><\/strong>\u201d &#8211; powiedzia\u0142 szef wydzia\u0142u Public Relations Federacji Wsp\u00f3lnot \u017bydowskich Rosji, Boruch Gorin. <strong><em>\u201eW tym przypadku, pami\u0119\u0107 historyczna jest po\u015bwi\u0119cana na rzecz fa\u0142szywie interpretowanych cel\u00f3w politycznych. Taka falsyfikacja nie jest nieszkodliwa, gdy\u017c ca\u0142e narody i kraje s\u0105 w ten spos\u00f3b demonizowane, co prowadzi do wzrostu napi\u0119\u0107\u201d.<\/em><\/strong><\/p><p>Zdaniem Gorina, taka postawa powinna by\u0107 interpretowana jako <em>\u201eszeroko rozprzestrzeniony historyczny rewizjonizm i haniebny fenomen w krajach Europy \u015arodkowej\u201d. \u00a0<\/em>Doda\u0142, \u017ce jego organizacja cz\u0119sto dostrzega przypadki tego rodzaju rewizjonizmu <em>\u201eo charakterze antysemickim\u201d<\/em>, odnosz\u0105cym si\u0119 do Holokaustu. <strong><em>\u201eTutaj mamy pr\u00f3b\u0119 przepisywania historii z rusofobicznym odchyleniem\u201d<\/em><\/strong> &#8211; stwierdzi\u0142 rzecznik FW\u0179R.<\/p><p>Jak informowali\u015bmy, <span style=\"text-decoration: underline;\"><a href=\"http:\/\/www.kresy.pl\/wydarzenia,polityka?zobacz\/doradca-prezydenta-ukrainy-zachwycony-wypowiedzia-macierewicza-nt-rosji-i-wolynia\">s\u0142owa Antoniego Macierewicza zosta\u0142y bardzo pozytywnie odebrane w Kijowie<\/a><\/span>. Zadowolenie <span style=\"text-decoration: underline;\"><a href=\"http:\/\/www.kresy.pl\/wydarzenia,bezpieczenstwo-i-obrona?zobacz\/macierewicz-o-rzezi-wolynskiej-zrodlem-rzezi-wolynskiej-jest-rosja-video\">ze s\u0142\u00f3w Macierewicza<\/a><\/span> wyrazi\u0142 m.in. Oleg Miedwiediew, doradca ukrai\u0144skiego prezydenta Petra Poroszenki. <em>\u201eNowy zwrot w polsko-ukrai\u0144skiej dyskusji. Mnie si\u0119 podoba<\/em>\u201d &#8211; napisa\u0142 na Facebooku. <span style=\"text-decoration: underline;\"><a href=\"http:\/\/www.kresy.pl\/wydarzenia,polityka?zobacz\/moskwa-reaguje-na-slowa-macierewicza-o-rosyjskiej-odpowiedzialnosci-za-wolyn-\">Wypowied\u017a Macierewicza spotka\u0142a si\u0119 te\u017c z reakcj\u0105 Moskwy<\/a><\/span>, przede wszystkim rzeczniczki rosyjskiego MSZ, Marii Zacharowej.<\/p><ul><li><strong>Przeczytaj tak\u017ce: <a href=\"http:\/\/www.kresy.pl\/wydarzenia,spoleczenstwo?zobacz\/swiatowy-kongres-zydow-krytykuje-kijow-za-ulice-bandery\">\u015awiatowy Kongres \u017byd\u00f3w krytykuje Kij\u00f3w za ulic\u0119 Bandery<\/a><\/strong><\/li><\/ul><p>Interfax.ru \/ Kresy.pl<\/p><p class=\"zrodlo\">Za: <a href=\"http:\/\/www.kresy.pl\/wydarzenia,spoleczenstwo?zobacz\/przedstawiciel-rosyjskich-zydow-potepil-macierewicza\">Kresy.pl (<span class=\"date\">14 lipca 2016<\/span>)<\/a><\/p><blockquote><p><strong>KOMENTARZ <em>BIBU\u0141Y<\/em><\/strong>: Wyj\u0105tkowo zgadzamy si\u0119 z przes\u0142aniem \u017byd\u00f3w rosyjskich, kt\u00f3rzy obiektywnie patrz\u0105 na ten wycinek historii, kiedy to nazi\u015bci z UPA mordowali wszystkich stoj\u0105cych na ich drodze do &#8222;wielkiej Ukrainy&#8221;, skupiaj\u0105c si\u0119 na Polakach, \u017bydach, Rosjanach, uczciwych Ukrai\u0144cach&#8230; \u017bydzi pami\u0119taj\u0105 o swoich ofiarach, polskie elity za\u015b wykorzystuj\u0105 pami\u0119\u0107 historyczn\u0105 &#8222;po\u015bwi\u0119caj\u0105c j\u0105 na rzecz fa\u0142szywie interpretowanych cel\u00f3w politycznych&#8221;.\u00a0 <strong><em>\u201eTakie wypowiedzi formu\u0142owali zwykle przedstawiciele politycznego marginesu, nie ludzie w\u0142adzy<\/em><\/strong>\u201d &#8211; to wa\u017cne s\u0142owa i mamy nadziej\u0119, \u017ce obecny szef MON &#8211; kt\u00f3remu \u015bmia\u0142o mo\u017cna przypisa\u0107 pseudonim &#8222;Ob\u0142\u0119d&#8221;\u00a0 (Antoni &#8222;Ob\u0142\u0119d&#8221; Macierewicz) &#8211; przejdzie do marginesu politycznego i przestanie szkodzi\u0107 i fa\u0142szowa\u0107 histori\u0119.<\/p><\/blockquote><h4>\u00a0<\/h4><hr style=\"background-color: #000000; border-width: 0; color: #000000; height: 2px; line-height: 0; text-align: center; width: 100%;\" \/><h4>\u00a0<\/h4>","protected":false},"excerpt":{"rendered":"Federacja Wsp\u00f3lnot \u017bydowskich Rosji ostro skrytykowa\u0142a szefa MON Antoniego Macierewicza, pot\u0119piaj\u0105c jego s\u0142owa dotycz\u0105ce rosyjskiej odpowiedzialno\u015bci za rze\u017a wo\u0142y\u0144sk\u0105 i zarzucaj\u0105c mu rusofobi\u0119.W wywiadzie na antenie TVP Info polski minister powiedzia\u0142, \u017ce u \u017ar\u00f3de\u0142 ludob\u00f3jstwa na Wo\u0142yniu le\u017cy Rosja, kt\u00f3ra jest prawdziwym wrogiem, kt\u00f3ry u\u017cy\u0142 cz\u0119\u015b\u0107 si\u0142 nacjonalistycznych do jego rozpocz\u0119cia.\u201eTakie wypowiedzi formu\u0142owali zwykle przedstawiciele [&hellip;]","protected":false},"author":1,"featured_media":0,"comment_status":"closed","ping_status":"closed","sticky":false,"template":"","format":"standard","meta":{"_acf_changed":false,"_monsterinsights_skip_tracking":false,"_monsterinsights_sitenote_active":false,"_monsterinsights_sitenote_note":"","_monsterinsights_sitenote_category":0,"ngg_post_thumbnail":0,"footnotes":"","_wp_rev_ctl_limit":""},"categories":[6],"tags":[98,18,141,167,17],"acf":[],"_links":{"self":[{"href":"https:\/\/www.bibula.com\/index.php?rest_route=\/wp\/v2\/posts\/88504"}],"collection":[{"href":"https:\/\/www.bibula.com\/index.php?rest_route=\/wp\/v2\/posts"}],"about":[{"href":"https:\/\/www.bibula.com\/index.php?rest_route=\/wp\/v2\/types\/post"}],"author":[{"embeddable":true,"href":"https:\/\/www.bibula.com\/index.php?rest_route=\/wp\/v2\/users\/1"}],"replies":[{"embeddable":true,"href":"https:\/\/www.bibula.com\/index.php?rest_route=%2Fwp%2Fv2%2Fcomments&post=88504"}],"version-history":[{"count":0,"href":"https:\/\/www.bibula.com\/index.php?rest_route=\/wp\/v2\/posts\/88504\/revisions"}],"wp:attachment":[{"href":"https:\/\/www.bibula.com\/index.php?rest_route=%2Fwp%2Fv2%2Fmedia&parent=88504"}],"wp:term":[{"taxonomy":"category","embeddable":true,"href":"https:\/\/www.bibula.com\/index.php?rest_route=%2Fwp%2Fv2%2Fcategories&post=88504"},{"taxonomy":"post_tag","embeddable":true,"href":"https:\/\/www.bibula.com\/index.php?rest_route=%2Fwp%2Fv2%2Ftags&post=88504"}],"curies":[{"name":"wp","href":"https:\/\/api.w.org\/{rel}","templated":true}]}}