{"id":88487,"date":"2016-07-13T12:01:25","date_gmt":"2016-07-13T16:01:25","guid":{"rendered":"http:\/\/www.bibula.com\/?p=88487"},"modified":"2016-07-13T12:01:25","modified_gmt":"2016-07-13T16:01:25","slug":"ziemkiewicz-wolyn-klamstwo-katynskie-iii-rp","status":"publish","type":"post","link":"https:\/\/www.bibula.com\/?p=88487","title":{"rendered":"Ziemkiewicz: Wo\u0142y\u0144 \u2013 K\u0142amstwo katy\u0144skie III RP"},"content":{"rendered":"<p><strong><em>Rafa\u0142 Ziemkiewicz o ha\u0144bie III RP.<\/em> <\/strong><\/p><p><strong>&#8222;Niezrozumia\u0142a jest tch\u00f3rzliwo\u015b\u0107, z jak\u0105 Polska od \u0107wier\u0107 wieku wycofuje si\u0119 z ka\u017cdej pr\u00f3by powiedzenia na g\u0142os prawdy o losach Wo\u0142ynia i Wo\u0142yniak\u00f3w, a tak\u017ce o powi\u0105zanych z t\u0105 rzezi\u0105 zbrodniach OUN-UPA we wschodniej Ma\u0142opolsce&#8221; <\/strong>&#8211; pisze w najnowszym wydaniu tygodnika &#8222;Do Rzeczy&#8221; Rafa\u0142 Ziemkiewicz.<\/p><p><strong>&#8222;Wystarcz\u0105 zmarszczenie brwi ukrai\u0144skiego ambasadora, artyku\u0142 strofuj\u0105cy polski nacjonalizm albo gniewny pomruk, \u017ce kto &#8222;wbija klin&#8221; mi\u0119dzy Polak\u00f3w a Ukrai\u0144c\u00f3w, ten sprawia rado\u015b\u0107 Putinowi, i rocznicowa uchwa\u0142a spada z sejmowego porz\u0105dku obrad albo zamienia si\u0119 w bezpieczny be\u0142kot o &#8222;tragicznych zaj\u015bciach&#8221; oraz &#8222;wzajemnych krzywdach&#8221;, sala na planowanie spotkanie okazuje si\u0119 remontowa na albo z innego powodu niedost\u0119pna, a kalendarz wszystkich, nawet niskich rang\u0105 przedstawicieli w\u0142adzy &#8211; wype\u0142niony po brzegi&#8221;<\/strong> &#8211; pisze Rafa\u0142 Zimkiewicz.<\/p><p>Nasza uleg\u0142a postawa wobec s\u0142abszego i k\u0142opotliwego s\u0105siada nie ma \u017cadnego uzasadnienia.<\/p><p><strong>&#8222;Mo\u017cna by zrozumie\u0107 takie zachowania, gdyby Ukraina by\u0142a &#8211; tak jak Chiny czy Turcja &#8211; pot\u0119g\u0105, z kt\u00f3r\u0105 kontakty gospodarcze s\u0105 zbyt zyskowne, aby je pochopnie nara\u017ca\u0107 na szwank. M\u00f3wimy jednak o pa\u0144stwie, kt\u00f3re &#8211; przy ca\u0142ej zrozumia\u0142ej sympatii dla jego niepodleg\u0142o\u015bciowych d\u0105\u017ce\u0144 &#8211; nie zdo\u0142a\u0142o jak dot\u0105d udowodni\u0107 swej zdolno\u015bci do samodzielnego bytu i trwa\u0142o\u015bci w stopniu wi\u0119kszym ni\u017c, dajmy na to, republika Naddniestrza czy Kosowo. Pa\u0144stwie, kt\u00f3re, wr\u0119cz przeciwnie, raczej potrzebuje pomocy i \u017cyczliwo\u015bci Polski ni\u017c Polska jego wzgl\u0119d\u00f3w&#8221;<\/strong> &#8211; uwa\u017ca Ziemkiewicz.<\/p><p>Winne wieloletnich zaniedba\u0144 i pi\u0119trz\u0105cych si\u0119 problem\u00f3w w stosunkach polsko-ukrai\u0144skich s\u0105 polskie elity polityczne.<\/p><p>&#8222;<strong>Mamy tu po prostu do czynienia z haniebn\u0105 niedojrza\u0142o\u015bci\u0105 polskiej polityki i w og\u00f3le polskiego sposobu my\u015blenia. Z magicznym przekonaniem, \u017ce je\u015bli si\u0119 o niewygodnych dla dzisiejszej polityki zbrodniach na Wo\u0142yniu nie b\u0119dzie m\u00f3wi\u0107, to problem zniknie<\/strong>&#8221; &#8211; stwierdza znany publicysta.<\/p><p>W relacjach z Ukrain\u0105 do \u017cadnego prze\u0142omu nie prowadzi tak\u017ce polityka obecnego rz\u0105du.<\/p><p>&#8222;<strong>Dyskurs, jakiego u\u017cywa dzi\u015b rz\u0105dz\u0105ce Prawo i Sprawiedliwo\u015b\u0107, nie r\u00f3\u017cni si\u0119 niestety od tego, co prezentowali wszyscy jego poprzednicy. Na jednym oddechu wmawiamy sobie, \u017ce dzisiejsi<br \/> Ukrai\u0144cy nie maj\u0105 z tradycj\u0105 zbrodniczego nacjonalizmu nic wsp\u00f3lnego i \u017ce uczczenie w Polsce ofiar tej zbrodniczej tradycji dniem pami\u0119ci, ustaw\u0105 czy rocznicow\u0105 uchwa\u0142\u0105 mo\u017ce tych niemaj\u0105cych z ni\u0105 nic wsp\u00f3lnego Ukrai\u0144c\u00f3w bole\u015bnie urazi\u0107 i nastroi\u0107 nieprzychylnie wobec Polski<\/strong>&#8221; &#8211; zauwa\u017ca Ziemkiewicz.<\/p><p>Zdaniem dziennikarza &#8222;trudno o bardziej krzycz\u0105cy nonsens&#8221;.<\/p><p>&#8222;<strong>Polskie milczenie o\u015bmiela neobanderowc\u00f3w do zachowa\u0144 coraz bardziej bezczelnych. Od historyk\u00f3w dowiadujemy si\u0119, \u017ce z ukrai\u0144skich archiw\u00f3w wyparowuj\u0105 dokumenty zbrodni. Atakowane s\u0105 konferencje naukowe, ekshumacje szcz\u0105tk\u00f3w ofiar, \u015bwiadkowie, kt\u00f3rzy kiedy\u015b zdecydowali si\u0119 opowiedzie\u0107 o tamtych czasach, dzwoni\u0105 do polskich autor\u00f3w, b\u0142agaj\u0105c o usuni\u0119cie z ksi\u0105\u017cek ich relacji i niezdradzanie, bro\u0144 Bo\u017ce, danych pozwalaj\u0105cych na identyfikacj\u0119<\/strong>&#8221; &#8211; relacjonuje Ziemkiewicz.<\/p><p>Autor por\u00f3wnuje t\u0119 sytuacj\u0119 z &#8222;<strong>wmawianiem sobie na pocz\u0105tku lat 30., \u017ce nie nale\u017cy przeszkadza\u0107 Hitlerowi w dochodzeniu do w\u0142adzy, bo wi\u0119kszo\u015b\u0107 Niemc\u00f3w to przecie\u017c porz\u0105dni, normalni ludzie i po co ich obra\u017ca\u0107 sugesti\u0105, \u017ce s\u0105 mi\u0119dzy nimi jacy\u015b nazi\u015bci<\/strong>&#8222;.<\/p><p>Dotychczasowa polityka III RP wywo\u0142uje skutki odwrotne od zamierzonych.<\/p><p><strong>&#8222;Polska, powt\u00f3rzmy jeszcze raz to s\u0142owo, tch\u00f3rzliwo\u015b\u0107, polska bezmy\u015blna wiara w moc g\u0142askania skutkuje sta\u0142ym wzrostem na wsp\u00f3\u0142czesnej Ukrainie kultu Bandery i poszerzaniem politycznych wp\u0142yw\u00f3w jego spadkobierc\u00f3w. &#8222;Normalni&#8221; Ukrai\u0144cy nie potrzebuj\u0105 naszego g\u0142askania &#8211; potrzebuj\u0105 w\u0142a\u015bnie jasnego sygna\u0142u, \u017ce banderowcy to nie \u017cadni herosi, ale zbrodniarze, \u017ce dla Ukrainy banderowskiej nie b\u0119dzie miejsca w\u015br\u00f3d narod\u00f3w cywilizowanych, \u017ce droga do demokracji<br \/> nie mo\u017ce wie\u015b\u0107 przez historyczne k\u0142amstwo i apologi\u0119 ludob\u00f3jstwa&#8221;<\/strong> &#8211; stwierdza Ziemkiewicz. \u00a0<\/p><p>Zdaniem znanego publicysty, dotychczasowa polityka mo\u017ce doprowadzi\u0107 do politycznej katastrofy.<\/p><p><strong>&#8222;Polskie elity, zar\u00f3wno te od Michnika, dla kt\u00f3rych Polska z za\u0142o\u017cenia zawsze jest najgorsza i najbardziej winna, jak i te od Rymkiewicza, kt\u00f3re &#8222;bardziej nienawidz\u0105 Rosji, ni\u017c kochaj\u0105 Polsk\u0119&#8221; b\u0142\u0105dz\u0105 straszliwie. To, \u017ce wolna, demokratyczna i cywilizowana Ukraina jest w naszym interesie, nie znaczy bynajmniej, \u017ce w naszym interesie jest ka\u017cda Ukraina. Je\u015bli si\u0119 oka\u017ce, \u017ce przez sw\u0105 g\u0142upi\u0105 polityk\u0119 wymienili\u015bmy skorumpowan\u0105, mafijn\u0105 satrapi\u0119 Janukowycza, jakich wiele w r\u00f3\u017cnych cz\u0119\u015bciach \u015bwiata, na pa\u0144stwo by\u0107 mo\u017ce bardziej niezale\u017cne od Moskwy, ale cho\u0107 w cz\u0119\u015bci wcielaj\u0105ce w \u017cycie ideologiczne postulaty tw\u00f3rc\u00f3w ukrai\u0144skiego nacjonalizmu, to b\u0119dzie to co\u015b jeszcze gorszego ni\u017c ha\u0144ba. Co do tej ostatniej w kontek\u015bcie traktowania przez pa\u0144stwo polskie pami\u0119ci o ofiarach Wo\u0142ynia nie ma w\u0105tpliwo\u015bci. Pytanie: Czy w \u015blad za ha\u0144b\u0105 nie przyjdzie polityczna katastrofa?&#8221;<\/strong> &#8211; ko\u0144czy Ziemkiewicz.<\/p><p>&#8222;Do Rzeczy&#8221;\/KRESY.PL<\/p>","protected":false},"excerpt":{"rendered":"Rafa\u0142 Ziemkiewicz o ha\u0144bie III RP. &#8222;Niezrozumia\u0142a jest tch\u00f3rzliwo\u015b\u0107, z jak\u0105 Polska od \u0107wier\u0107 wieku wycofuje si\u0119 z ka\u017cdej pr\u00f3by powiedzenia na g\u0142os prawdy o losach Wo\u0142ynia i Wo\u0142yniak\u00f3w, a tak\u017ce o powi\u0105zanych z t\u0105 rzezi\u0105 zbrodniach OUN-UPA we wschodniej Ma\u0142opolsce&#8221; &#8211; pisze w najnowszym wydaniu tygodnika &#8222;Do Rzeczy&#8221; Rafa\u0142 Ziemkiewicz.&#8222;Wystarcz\u0105 zmarszczenie brwi ukrai\u0144skiego ambasadora, [&hellip;]","protected":false},"author":1,"featured_media":0,"comment_status":"closed","ping_status":"closed","sticky":false,"template":"","format":"standard","meta":{"_acf_changed":false,"_monsterinsights_skip_tracking":false,"_monsterinsights_sitenote_active":false,"_monsterinsights_sitenote_note":"","_monsterinsights_sitenote_category":0,"ngg_post_thumbnail":0,"footnotes":"","_wp_rev_ctl_limit":""},"categories":[9],"tags":[92,98,167,17],"acf":[],"_links":{"self":[{"href":"https:\/\/www.bibula.com\/index.php?rest_route=\/wp\/v2\/posts\/88487"}],"collection":[{"href":"https:\/\/www.bibula.com\/index.php?rest_route=\/wp\/v2\/posts"}],"about":[{"href":"https:\/\/www.bibula.com\/index.php?rest_route=\/wp\/v2\/types\/post"}],"author":[{"embeddable":true,"href":"https:\/\/www.bibula.com\/index.php?rest_route=\/wp\/v2\/users\/1"}],"replies":[{"embeddable":true,"href":"https:\/\/www.bibula.com\/index.php?rest_route=%2Fwp%2Fv2%2Fcomments&post=88487"}],"version-history":[{"count":0,"href":"https:\/\/www.bibula.com\/index.php?rest_route=\/wp\/v2\/posts\/88487\/revisions"}],"wp:attachment":[{"href":"https:\/\/www.bibula.com\/index.php?rest_route=%2Fwp%2Fv2%2Fmedia&parent=88487"}],"wp:term":[{"taxonomy":"category","embeddable":true,"href":"https:\/\/www.bibula.com\/index.php?rest_route=%2Fwp%2Fv2%2Fcategories&post=88487"},{"taxonomy":"post_tag","embeddable":true,"href":"https:\/\/www.bibula.com\/index.php?rest_route=%2Fwp%2Fv2%2Ftags&post=88487"}],"curies":[{"name":"wp","href":"https:\/\/api.w.org\/{rel}","templated":true}]}}