{"id":88485,"date":"2016-07-13T09:09:41","date_gmt":"2016-07-13T13:09:41","guid":{"rendered":"http:\/\/www.bibula.com\/?p=88485"},"modified":"2016-07-13T09:09:41","modified_gmt":"2016-07-13T13:09:41","slug":"honor-straciliscie-przyjazni-ukraincow-nie-zyskacie","status":"publish","type":"post","link":"https:\/\/www.bibula.com\/?p=88485","title":{"rendered":"Honor stracili\u015bcie, przyja\u017ani Ukrai\u0144c\u00f3w nie zyskacie"},"content":{"rendered":"<p><strong>Zwa\u017cywszy na to, co wyprawia PiS, jak o \u201ebratob\u00f3jczej wojnie\u201d bredzi wicemarsza\u0142ek Sejmu Ryszard Terlecki, jak marsza\u0142ek Sejmu Marek Kuchci\u0144ski nie chce zwo\u0142a\u0107 posiedzenia parlamentu na 11 lipca, by uczci\u0107 zamordowanych Polak\u00f3w, jak konsultuje on kroki podejmowane przez w\u0142adze Rzeczypospolitej z Kijowem, zarzut wobec partii rz\u0105dz\u0105cej o prowadzenie \u201epolityki banderowskiej\u201d jest uprawniony &#8211; pisze Marcin Skalski.<\/strong><\/p><p>W sprawie upami\u0119tnienia ofiar ludob\u00f3jstwa na Wo\u0142yniu nadszed\u0142 w\u0142a\u015bnie moment, w kt\u00f3rym siedzenie okrakiem na barykadzie sta\u0142o si\u0119 niemo\u017cliwe. Dlatego arcyhaniebna postawa pos\u0142\u00f3w PiS i sekunduj\u0105cych mu publicyst\u00f3w wcale nie dziwi.\u00a0<\/p><p>Na \u0142amach portalu wPolityce.pl Piotr Zaremba nazwa\u0142 <span style=\"text-decoration: underline;\"><a href=\"http:\/\/www.kresy.pl\/wydarzenia,polityka?zobacz\/winnicki-pis-kolaboruje-z-banderyzmem\">zarzuty pos\u0142a Roberta Winnickiego wobec PiS<\/a><\/span> o prowadzenie \u201epolityki banderowskiej\u201d mianem <a href=\"http:\/\/wpolityce.pl\/polityka\/299769-w-sprawach-ukrainskich-pis-sie-miota-i-akurat-w-tej-sprawie-rozumiem-kaczynskiego-jak-w-malo-ktorej\"><span style=\"text-decoration: underline;\">\u201eapogeum niedobrej spirali<\/span>\u201d<\/a>. Samo zarzucanie komukolwiek, kto upomina si\u0119 o godne upami\u0119tnienie ofiar, i\u017c uczestniczy w takim samym stopniu co PiS w nakr\u0119caniu tego sporu, nie wymaga komentarza. Jak ju\u017c wspomnia\u0142em, w sprawie tej mo\u017cna si\u0119 opowiedzie\u0107 albo po jednej, albo po drugiej stronie. Nie ma w\u0105tpliwo\u015bci, po kt\u00f3rej opowiedzia\u0142a si\u0119 partia rz\u0105dz\u0105ca i popieraj\u0105cy j\u0105 publicy\u015bci.\u00a0<\/p><p>Jak czytamy, redaktora Zaremb\u0119 oburza, \u017ce <span style=\"text-decoration: underline;\"><a href=\"http:\/\/www.kresy.pl\/wydarzenia,spoleczenstwo?zobacz\/blokada-marszu-ukraincow-w-przemyslu-banderowskie-barwy-w-strzepach-foto\">\u201ekibole\u201d wyegzekwowali w Przemy\u015blu szacunek wobec polskiej pami\u0119ci historycznej<\/a><\/span>. Oburza go to, jak zaznacza, \u201eniezale\u017cnie od oceny, kto co na siebie w\u0142o\u017cy\u0142\u201d. \u00a0<\/p><p>Czasami obywatelska i patriotyczna postawa musi kosztowa\u0107, a tak b\u0119dzie zawsze, gdy b\u0119dzie ona sta\u0107 w sprzeczno\u015bci z obowi\u0105zuj\u0105cym prawem. Wobec prowokacji ze strony ukrai\u0144skiej to, \u017ce mog\u0142o doj\u015b\u0107 do z\u0142amania prawa, ma znaczenie drugorz\u0119dne. Je\u015bli kto\u015b jest got\u00f3w wzi\u0105\u0107 na siebie tego konsekwencje, to tak\u0105 postaw\u0119 nale\u017cy wr\u0119cz chwali\u0107. To w\u0142a\u015bnie fakt, \u017ce dzia\u0142ania kibic\u00f3w mog\u0142y by\u0107 rzekomo niezgodne z prawem, jest drugorz\u0119dny, nie za\u015b eksponowanie czerwono-czarnych barw w Polsce, co akurat ma tu znaczenie kluczowe. Bo nie jest mo\u017cliwe, by mieszka\u0107 w Przemy\u015blu i nie wiedzie\u0107, co te barwy oznaczaj\u0105 dla Polak\u00f3w. Policja zachowywa\u0142a si\u0119 niestety biernie, Ukrai\u0144cy &#8211; prowokuj\u0105co, a \u201ekibole\u201d &#8211; w\u0142a\u015bciwie.\u00a0<\/p><p>\u201eRozumiem emocje ludzi, kt\u00f3rzy stracili na Wo\u0142yniu bliskich, ale rozgrzanie tych emocji do bia\u0142o\u015bci akurat wtedy, gdy z ukrai\u0144skiej strony pojawi\u0142y si\u0119 jakie\u015b przymiarki do historycznego pojednania jawi\u0105 mi si\u0119 &#8211; wiem, \u017ce wywo\u0142am histeri\u0119 tych \u015brodowisk &#8211; jak wywo\u0142anie na zam\u00f3wienie\u201d &#8211; pisze Piotr Zaremba.<\/p><p>Nic Pan niestety nie rozumie, a ju\u017c szczeg\u00f3lnie emocji zwi\u0105zanych ze strat\u0105 bliskich na Wo\u0142yniu. Nie rozumie Pan, \u017ce niekt\u00f3rzy ocaleni czy krewni ofiar ju\u017c nigdy nie doczekaj\u0105 nale\u017cytego upami\u0119tnienia bliskich, bo nie do\u017cyli tego momentu. W powy\u017cszym fragmencie Zaremba nawet nie pr\u00f3buje udawa\u0107, \u017ce traktuje emocje Rodzin Wo\u0142y\u0144skich jako do\u015bwiadczenie, kt\u00f3re powinno by\u0107 wsp\u00f3lne ca\u0142emu narodowi polskiemu.\u00a0<\/p><p>Mo\u017ce niech\u0119\u0107 Zaremby do Roberta Winnickiego i kibic\u00f3w z Przemy\u015bla wynika w\u0142a\u015bnie st\u0105d, \u017ce ci postanowili przej\u0105\u0107 od minionych pokole\u0144 obowi\u0105zek upami\u0119tnienia ofiar wo\u0142y\u0144skich, \u017ce problem wcale nie odejdzie wraz ze \u015bwiadkami tamtych wydarze\u0144 i \u017ce b\u0119dziemy si\u0119 o jego rozwi\u0105zanie upomina\u0107 a\u017c do skutku?\u00a0<\/p><p>Zwa\u017cywszy na to, co wyprawia PiS, jak <span style=\"text-decoration: underline;\"><a href=\"http:\/\/www.kresy.pl\/wydarzenia,polityka?zobacz\/ryszard-terlecki-pis-mowi-o-bratobojczej-wojnie-na-wolyniu-i-w-malopolsce-wschodniej\">o \u201ebratob\u00f3jczej wojnie\u201d bredzi wicemarsza\u0142ek Sejmu Ryszard Terlecki<\/a><\/span>, jak marsza\u0142ek Sejmu Marek <span style=\"text-decoration: underline;\"><a href=\"http:\/\/www.kresy.pl\/wydarzenia,polityka?zobacz\/sejm-winnicki-i-jakubiak-chcieli-przerwy-ws-pikiety-kresowian-pis-i-kuchcinski-przeciw-video\">Kuchci\u0144ski nie chce zwo\u0142a\u0107 posiedzenia parlamentu na 11 lipca<\/a><\/span>, by uczci\u0107 zamordowanych Polak\u00f3w, jak <span style=\"text-decoration: underline;\"><a href=\"http:\/\/www.kresy.pl\/wydarzenia,polityka?zobacz\/parubij-mamy-porozumienie-z-pis-ze-przed-szczytem-nato-nie-bedzie-uchwaly-w-sprawie-11-lipca\">konsultuje on kroki podejmowane przez w\u0142adze Rzeczypospolitej z Kijowem<\/a><\/span>, zarzut wobec partii rz\u0105dz\u0105cej o prowadzenie \u201epolityki banderowskiej\u201d jest uprawniony. <span style=\"text-decoration: underline;\"><a href=\"http:\/\/www.kresy.pl\/wydarzenia,polityka?zobacz\/uchwala-w-sprawie-kresowego-ludobojstwa-tydzien-pozniej\">Sama uchwa\u0142a wo\u0142y\u0144ska, bo ju\u017c nawet nie ustawa, ma by\u0107 przyj\u0119ta ju\u017c po tegorocznej rocznicy<\/a><\/span>, co jest cwaniackim zabiegiem obliczonym na przeczekanie. Podejrzewam, \u017ce redaktor Zaremba i polityczni decydenci si\u0119 rozczaruj\u0105, bo \u201eantyukrai\u0144skie portale\u201d i \u015brodowiska nadal b\u0119d\u0105 funkcjonowa\u0107, a m\u0142odzi ludzie, kt\u00f3rzy swoj\u0105 pami\u0119ci\u0105 o Kresach, o w\u0142asnych przodkach dziel\u0105 si\u0119 w typowy dla siebie spos\u00f3b, czyli przez Internet, wcale nie znikn\u0105. Mog\u0119 te\u017c zapewni\u0107, \u017ce nie spoczniemy r\u00f3wnie\u017c, dop\u00f3ki Polacy na Wile\u0144szczy\u017anie nie otrzymaj\u0105 instytucjonalnych instrument\u00f3w egzekwowania swoich praw narodowych i \u017caden Kostrzewa-Zorbas czy \u0179urawski vel Grajewski, ze swoim zaprza\u0144stwem i \u201epo\u015bwi\u0119caniem\u201d rodak\u00f3w z Litwy na o\u0142tarzu tzw. dobros\u0105siedzkich stosunk\u00f3w, nie znajdzie u nas pos\u0142uchu.\u00a0<\/p><p>Podkre\u015blmy tak\u017ce &#8211; bo Piotr Zaremba myli dwie rzeczy &#8211; \u015brodowiska kresowe, patriotyczne, narodowe nie maj\u0105 nic przeciwko \u015bwi\u0119tu pa\u0144stwowemu obchodzonemu 17 wrze\u015bnia, gdy b\u0119dziemy wspomina\u0107 tragedi\u0119 i zag\u0142ad\u0119 Kres\u00f3w Wschodnich. Podnoszonym postulatem jest ustawowo umocowane \u015bwi\u0119to 11 lipca po\u015bwi\u0119cone ofiarom OUN-UPA i \u017cadna racja nie przemawia za tym, by takiego \u015bwi\u0119ta w polskim kalendarzu nie by\u0142o.\u00a0<\/p><p>Autor pisze, i\u017c \u201edla wielu Polak\u00f3w same te symbole [OUN-UPA &#8211; M.S.] maj\u0105 prawo by\u0107 czym\u015b dra\u017cni\u0105cym\u201d. Piotr Zaremba znowu nie rozumie, \u017ce dla Polak\u00f3w te symbole S\u0104 czym\u015b dra\u017cni\u0105cym, czego dow\u00f3d mieli\u015bmy w Przemy\u015blu. To jak w ko\u0144cu jest? Symbolika banderowska ma prawo nas dra\u017cni\u0107 czy nie? Bo jak ma, to sk\u0105d pretensje do kibic\u00f3w w Przemy\u015blu, \u017ce nale\u017cycie zareagowali?<\/p><p>Warto te\u017c zaznaczy\u0107 bardzo istotn\u0105 rzecz &#8211; \u015brodowiska kresowe wcale nie oczekuj\u0105, \u017ce Piotr Zaremba czy PiS dadz\u0105 im \u201eprawo\u201d do czegokolwiek, a ju\u017c szczeg\u00f3lnie do b\u00f3lu po zamordowanych rodakach. Kresowianie nie szukaj\u0105 ani ich akceptacji, ani jakiegokolwiek poklasku. To wy\u0142\u0105cznie problem Zaremby, \u017ce jego percepcja to\u017csamo\u015bci narodowej jest ograniczona. Natomiast PiS doszed\u0142 do w\u0142adzy w\u0142a\u015bnie po to, by realizowa\u0107 polityk\u0119 pami\u0119ci zgodn\u0105 z polskim punktem widzenia, wi\u0119c realizacja agendy kresowej jest po prostu obowi\u0105zkiem tej partii, za kt\u00f3ry nawet nie powinna oczekiwa\u0107 niczego w zamian.<\/p><p>U Zaremby oczywi\u015bcie musia\u0142o si\u0119 te\u017c pojawi\u0107 <em>reductio ad Putinum<\/em>. Nie podejmuj\u0119 si\u0119 roli psychiatry wobec zbiorowego pacjenta, wszak argumentacja tego typu nie jest typowa jedynie dla Zaremby, wi\u0119c nie podejmuj\u0119 si\u0119 tak\u017ce ani polemiki, ani fachowej diagnozy stosownej jednostki chorobowej. Mog\u0119 tylko odczuwa\u0107 niedosyt, \u017ce nigdy nie dowiedzieli\u015bmy si\u0119 &#8211; r\u00f3wnie\u017c i od Piotra Zaremby &#8211; w jaki spos\u00f3b milczenie o ludob\u00f3jstwie dokonanym na Polakach ma zatrzyma\u0107 czo\u0142gi strasznego Putina mkn\u0105ce ku wybrze\u017cu Atlantyku po trupie Ukrainy czy Polski? A mo\u017ce Piotr Zaremba powinien zapozna\u0107 si\u0119 z wypowiedzi\u0105 niejakiego Jaros\u0142awa Kaczy\u0144skiego, kt\u00f3ry m\u00f3wi\u0142, \u017ce \u201enie nale\u017cy Polak\u00f3w straszy\u0107 Rosj\u0105\u201d?\u00a0<\/p><ul><li>ZOBACZ TE\u0179: <a href=\"http:\/\/www.kresy.pl\/wydarzenia,polityka?zobacz\/kaczynski-nie-nalezy-polakow-straszyc-rosja-video\">Kaczy\u0144ski: nie nale\u017cy Polak\u00f3w straszy\u0107 Rosj\u0105 [+VIDEO]<\/a><\/li><\/ul><p>Abstrahuj\u0105c od strasznego i z\u0142ego Putina &#8211; <span style=\"text-decoration: underline;\"><a href=\"http:\/\/www.kresy.pl\/wydarzenia,spoleczenstwo?zobacz\/ulica-stepana-bandery-oficjalnie-w-kijowie-nastepny-szuchewycz\">Ukrai\u0144cy w\u0142a\u015bnie uhonorowali w Kijowie Stepana Bander\u0119 w\u0142asn\u0105 ulic\u0105<\/a><\/span>. To i tak tylko wierzcho\u0142ek g\u00f3ry lodowej, gloryfikacja banderyzmu ma na Ukrainie miejsce, odk\u0105d ten tylko sta\u0142 si\u0119 \u201dmarginesem\u201d po obj\u0119ciu rz\u0105d\u00f3w przez post-majdanow\u0105 ekip\u0119. \u00a0<\/p><p>Tak oto wygl\u0105daj\u0105 skutki odraczania w niesko\u0144czono\u015b\u0107 tego, co powinno by\u0107 powiedziane ju\u017c dawno. Pokolenie Jaros\u0142awa Kaczy\u0144skiego czy Piotra Zaremby nie zrobi\u0142o tego wy\u0142\u0105cznie z sobie znanych przyczyn. W ten w\u0142a\u015bnie spos\u00f3b ca\u0142a ta formacja straci\u0142a honor, w zamian nie dostaj\u0105c od Ukrai\u0144c\u00f3w zupe\u0142nie nic. Widocznie tyle ich honor by\u0142 wart.\u00a0<\/p><p><em><strong>Marcin Skalski<\/strong><\/em><\/p>","protected":false},"excerpt":{"rendered":"Zwa\u017cywszy na to, co wyprawia PiS, jak o \u201ebratob\u00f3jczej wojnie\u201d bredzi wicemarsza\u0142ek Sejmu Ryszard Terlecki, jak marsza\u0142ek Sejmu Marek Kuchci\u0144ski nie chce zwo\u0142a\u0107 posiedzenia parlamentu na 11 lipca, by uczci\u0107 zamordowanych Polak\u00f3w, jak konsultuje on kroki podejmowane przez w\u0142adze Rzeczypospolitej z Kijowem, zarzut wobec partii rz\u0105dz\u0105cej o prowadzenie \u201epolityki banderowskiej\u201d jest uprawniony &#8211; pisze Marcin [&hellip;]","protected":false},"author":1,"featured_media":0,"comment_status":"closed","ping_status":"closed","sticky":false,"template":"","format":"standard","meta":{"_acf_changed":false,"_monsterinsights_skip_tracking":false,"_monsterinsights_sitenote_active":false,"_monsterinsights_sitenote_note":"","_monsterinsights_sitenote_category":0,"ngg_post_thumbnail":0,"footnotes":"","_wp_rev_ctl_limit":""},"categories":[8],"tags":[98,167,17],"acf":[],"_links":{"self":[{"href":"https:\/\/www.bibula.com\/index.php?rest_route=\/wp\/v2\/posts\/88485"}],"collection":[{"href":"https:\/\/www.bibula.com\/index.php?rest_route=\/wp\/v2\/posts"}],"about":[{"href":"https:\/\/www.bibula.com\/index.php?rest_route=\/wp\/v2\/types\/post"}],"author":[{"embeddable":true,"href":"https:\/\/www.bibula.com\/index.php?rest_route=\/wp\/v2\/users\/1"}],"replies":[{"embeddable":true,"href":"https:\/\/www.bibula.com\/index.php?rest_route=%2Fwp%2Fv2%2Fcomments&post=88485"}],"version-history":[{"count":0,"href":"https:\/\/www.bibula.com\/index.php?rest_route=\/wp\/v2\/posts\/88485\/revisions"}],"wp:attachment":[{"href":"https:\/\/www.bibula.com\/index.php?rest_route=%2Fwp%2Fv2%2Fmedia&parent=88485"}],"wp:term":[{"taxonomy":"category","embeddable":true,"href":"https:\/\/www.bibula.com\/index.php?rest_route=%2Fwp%2Fv2%2Fcategories&post=88485"},{"taxonomy":"post_tag","embeddable":true,"href":"https:\/\/www.bibula.com\/index.php?rest_route=%2Fwp%2Fv2%2Ftags&post=88485"}],"curies":[{"name":"wp","href":"https:\/\/api.w.org\/{rel}","templated":true}]}}