{"id":88455,"date":"2016-07-12T16:32:56","date_gmt":"2016-07-12T20:32:56","guid":{"rendered":"http:\/\/www.bibula.com\/?p=88455"},"modified":"2016-07-12T17:07:49","modified_gmt":"2016-07-12T21:07:49","slug":"jan-dziedziczak-nie-ma-zgody-na-propagowanie-hitleryzmu-stalinizmu-i-banderyzmu","status":"publish","type":"post","link":"https:\/\/www.bibula.com\/?p=88455","title":{"rendered":"Jan Dziedziczak: Nie ma zgody na propagowanie hitleryzmu, stalinizmu i banderyzmu"},"content":{"rendered":"<p><strong>Wiceminister Jan Dziedziczak podczas spotkania z kresowianami przyr\u00f3wna\u0142 banderyzm do stalinizmu i hitleryzmu i podkre\u015bli\u0142, \u017ce nie ma zgody na propagowanie tych ideologii.<\/strong><\/p><p>Wiceminister Jan Dziedziczak podkre\u015bli\u0142, \u017ce rz\u0105dowi zale\u017cy na dobrych relacjach z Ukrain\u0105 jednak stosunki te mo\u017cna budowa\u0107 jedynie w oparciu o prawd\u0119. Stwierdzi\u0142, \u017ce Ukraina nie powinna budowa\u0107 swojej to\u017csamo\u015bci na to\u017csamo\u015bci banderowskiej.<\/p><p>Dziedziczak zauwa\u017cy\u0142 tak\u017ce, \u017ce to w\u0142a\u015bnie rz\u0105d PiS zareagowa\u0142 na promowanie banderyzmu przez m\u0142odzie\u017c z Ukrainy posiadaj\u0105cej Karty Polaka.<\/p><p><em>Tak dla Ukrainy b\u0142\u0119kitno-\u017c\u00f3\u0142tej ale nie dla Ukrainy czarno-czerwonej <\/em>&#8211; powiedzia\u0142 wiceminister spraw zagranicznych.<\/p><p><iframe src=\"http:\/\/www.youtube.com\/embed\/cNtAtIFZN4U\" width=\"600\" height=\"400\" frameborder=\"0\" allowfullscreen=\"allowfullscreen\"><\/iframe><\/p><p>KRESY.PL<\/p><p class=\"zrodlo\">Za: <a href=\"http:\/\/www.kresy.pl\/wydarzenia,spoleczenstwo?zobacz\/jan-dziedziczak-nie-ma-zgody-na-propagowanie-hitleryzmu-stalinizmu-i-banderyzmu-video\">Kresy.pl (12 lipca 2016)<\/a><\/p><h4>\u00a0<\/h4><hr style=\"background-color: #000000; border-width: 0; color: #000000; height: 2px; line-height: 0; text-align: center; width: 100%;\" \/><h4>\u00a0<\/h4><h2>Zbigniew Ziobro z mocnym o\u015bwiadczeniem w sprawie Wo\u0142ynia. \u0179aden inny minister nie wyda\u0142 podobnego<\/h2><p><strong>Zbigniew Ziobro uwa\u017ca, \u017ce 11 lipca powinien zosta\u0107 ustanowiony Narodowym Dniem Pami\u0119ci Ofiar Ludob\u00f3jstwa. Jest to jedyny minister obecnego rz\u0105du, kt\u00f3ry popar\u0142 te inicjatyw\u0119.<\/strong><\/p><p>W polskim parlamencie nadal trwa sp\u00f3r o Rze\u017a Wo\u0142y\u0144sk\u0105. Kukiz\u201915 zarzuca stronie rz\u0105dowej bierno\u015b\u0107 w tej sprawie. PiS nie chce upami\u0119tnienia ofiar zbrodni 11 lipca, partia rz\u0105dz\u0105ca chce ustanowi\u0107 dzie\u0144 17 wrze\u015bnia jako dat\u0119 \u015bwi\u0119ta upami\u0119tniaj\u0105cego m\u0119cze\u0144stwo kresowian. Politycy rz\u0105dz\u0105cej partii uwa\u017caj\u0105, \u017ce u \u017ar\u00f3de\u0142 ludob\u00f3jstwa na Wo\u0142yniu le\u017cy dzia\u0142anie Rosjan.<\/p><p>Tymczasem Zbigniew Ziobro wystosowa\u0142 o\u015bwiadczenie w tej sprawie.<\/p><p><em>Ta masowa i\u00a0straszna zbrodnia pope\u0142niona przez Organizacj\u0119 Ukrai\u0144skich Nacjonalist\u00f3w (OUN) i\u00a0Ukrai\u0144sk\u0105 Powsta\u0144cz\u0105 Armi\u0119 (UPA) przez dziesi\u0105tki lat nie\u00a0zosta\u0142a oficjalnie nazwana\u00a0&#8211; zgodnie z\u00a0prawd\u0105 historyczn\u0105 &#8211;\u00a0Ludob\u00f3jstwem. Jeste\u015bmy przekonani, \u017ce\u00a0dzie\u0144 11\u00a0lipca zostanie Narodowym Dniem Pami\u0119ci Ofiar Ludob\u00f3jstwa dokonanego przez ukrai\u0144skich nacjonalist\u00f3w na\u00a0ludno\u015bci polskiej II Rzeczpospolitej<\/em> &#8211; napisa\u0142 minister sprawiedliwo\u015bci w o\u015bwiadczeniu. Podkre\u015bli\u0142, \u017ce relacje z niepodleg\u0142\u0105 Ukrain\u0105 Polska powinna budowa\u0107 na prawdzie i \u017ce jest to jedyna droga do rzeczywistego pojednania.<\/p><p>Minister Ziobro podpisa\u0142 si\u0119 pod listem jako Prezes Zarz\u0105du G\u0142\u00f3wnego Solidarnej Polski. \u0179aden inny minister z rz\u0105du Beaty Szyd\u0142o nie z\u0142o\u017cy\u0142 podobnej deklaracji.<\/p><p><strong>Czytaj tak\u017ce:<\/strong><\/p><ul><li><strong><a href=\"http:\/\/www.kresy.pl\/wydarzenia,polityka?zobacz\/kaczynski-to-bylo-ludobojstwo-chce-to-mocno-podkreslic\">Kaczy\u0144ski: To by\u0142o ludob\u00f3jstwo. Chc\u0119 to mocno podkre\u015bli\u0107<\/a><\/strong><\/li><li><strong><a href=\"http:\/\/www.kresy.pl\/publicystyka,wywiady?zobacz\/w-bakun-dla-kresowpl-stanowisko-pis-ws-wolynia-to-skandal-i-hipokryzja\">Bakun (Kukiz 15) dla Kres\u00f3w.pl: stanowisko PiS ws. Wo\u0142ynia to skandal i hipokryzja<\/a><\/strong><\/li><li><strong><a href=\"http:\/\/www.kresy.pl\/wydarzenia,ukraina?zobacz\/73-rocznica-rzezi-wolynskiej\">73. rocznica Rzezi Wo\u0142y\u0144skiej<\/a><\/strong><\/li><\/ul><p>Wprost\/KRESY.PL<\/p><p class=\"zrodlo\">Za: <a href=\"http:\/\/www.kresy.pl\/wydarzenia,spoleczenstwo?zobacz\/zginiew-ziobro-z-mocnym-oswiadczeniem-w-sprawie-wolynia-zaden-inny-minister-nie-wydal-podobnego\">Kresy.pl (12 lipca 2016)<\/a><\/p><h4>\u00a0<\/h4><hr style=\"background-color: #000000; border-width: 0; color: #000000; height: 2px; line-height: 0; text-align: center; width: 100%;\" \/><h4>\u00a0<\/h4><h2>Miller o ludob\u00f3jstwie na Wo\u0142yniu: Mamy do czynienie z mordem za\u0142o\u017cycielskim<\/h2><p><strong>\u201eMamy do czynienie z mordem za\u0142o\u017cycielskim. (\u2026) Trzeba wymaga\u0107 od Ukrainy, by \u015bcigali zbrodniarzy i nie budowali to\u017csamo\u015bci na polskiej krwi\u201d &#8211; powiedzia\u0142 by\u0142y premier Leszek Miller.<\/strong><\/p><p>Miller bardzo krytycznie odni\u00f3s\u0142 si\u0119 do\u00a0probanderowskich ruch\u00f3w na\u00a0Ukrainie. Jego zdaniem, polskie w\u0142adze podchodz\u0105 do tej kwestii zbyt \u0142agodnie.<\/p><p><strong><em>\u201eMamy do\u00a0czynienie z\u00a0mordem za\u0142o\u017cycielskim. I\u00a0je\u017celi Andrzej Duda pojedzie do\u00a0Kijowa &#8211; <a href=\"http:\/\/www.kresy.pl\/wydarzenia,spoleczenstwo?zobacz\/ulica-stepana-bandery-oficjalnie-w-kijowie-nastepny-szuchewycz\">b\u0119dzie m\u00f3g\u0142 si\u0119 przej\u015b\u0107 i\u00a0zobaczy\u0107 tablice Bandery<\/a>. Jak pojedzie do\u00a0Lwowa &#8211; zobaczy pomnik Szuchewycza, kt\u00f3ry powiedzia\u0142, \u017ce\u00a0ka\u017cdy zabity Polak to\u00a0metr wolnej\u00a0Ukrainy\u201d<\/em><\/strong> &#8211; powiedzia\u0142 lider SLD na antenie TVN.<\/p><ul><li>PRZECZYTAJ: <a href=\"http:\/\/www.kresy.pl\/wydarzenia,spoleczenstwo?zobacz\/ulica-stepana-bandery-oficjalnie-w-kijowie-nastepny-szuchewycz\"><strong>Ulica Stepana Bandery oficjalnie w Kijowie. \u201eNast\u0119pny &#8211; Szuchewycz!\u201d<\/strong><\/a><\/li><\/ul><p><strong><em>\u201eTrzeba wymaga\u0107 od\u00a0Ukrainy, by\u00a0\u015bcigali zbrodniarzy i\u00a0 nie budowali to\u017csamo\u015bci na\u00a0polskiej krwi. Trzeba domaga\u0107 si\u0119 uczciwego podej\u015bcia do\u00a0w\u0142asnej\u00a0historii\u201d <\/em><\/strong>&#8211; zaznaczy\u0142 Miller.<\/p><p style=\"padding-left: 30px;\">PRZECZYTAJ:<\/p><ul><li><a href=\"http:\/\/www.kresy.pl\/wydarzenia,polityka?zobacz\/prezydent-ukrainy-jest-dumny-z-upa\"><strong>Prezydent Ukrainy jest dumny z UPA<\/strong><\/a><\/li><li><a href=\"http:\/\/www.kresy.pl\/wydarzenia,spoleczenstwo?zobacz\/petro-poroszenko-oun-upa-przykladem-bohaterstwa-czas-rozpatrzyc-nadanie-statusu-kombatantow-jej-zolnierzom\"><strong>Petro Poroszenko: OUN-UPA przyk\u0142adem bohaterstwa. Czas rozpatrzy\u0107 nadanie statusu kombatant\u00f3w jej \u017co\u0142nierzom<\/strong><\/a><\/li><li><a href=\"http:\/\/www.kresy.pl\/wydarzenia,spoleczenstwo?zobacz\/poroszenko-pozdrowil-czlonkow-upa-w-parlamencie-i-zrobil-sobie-z-nimi-zdjecie-foto\"><strong>Poroszenko pozdrowi\u0142 cz\u0142onk\u00f3w UPA w parlamencie i zrobi\u0142 sobie z nimi zdj\u0119cie [+FOTO]<\/strong><\/a><\/li><\/ul><p>By\u0142y premier uwa\u017ca, \u017ce Jaros\u0142aw Kaczy\u0144ski nieprzypadkowo pomin\u0105\u0142 nazwisko prezydenta Dudy na na\u00a0li\u015bcie podzi\u0119kowa\u0144 ws. szczytu NATO nazwiska prezydenta Dudy nie by\u0142o\u00a0przypadkiem.<\/p><p><em>\u201eNiew\u0105tpliwie pan prezes Kaczy\u0144ski celowo pomin\u0105\u0142 nazwisko prezydenta. Sprawy zasz\u0142y\u00a0za\u00a0daleko\u201d<\/em> &#8211; oceni\u0142 Miller. Doda\u0142, \u017ce jest to przejaw sk\u0142onno\u015bci lidera PiS do wywy\u017cszania pozycji <a href=\"http:\/\/www.kresy.pl\/wydarzenia,polityka?zobacz\/macierewicz-nie-mozna-laczyc-polityki-historycznej-z-polityka-bezpieczenstwa\">Antoniego Macierewicza<\/a>.<em> \u201eWidocznie do\u00a0jakich\u015b przysz\u0142ych cel\u00f3w jest to\u00a0Kaczy\u0144skiemu\u00a0potrzebne\u201d<\/em> &#8211; stwierdzi\u0142.<\/p><p>TVN \/ wpolityce.pl \/ Kresy.pl<\/p><p class=\"zrodlo\">Za: <a href=\"http:\/\/www.kresy.pl\/wydarzenia,polityka?zobacz\/miller-o-ludobojstwie-na-wolyniu-mamy-do-czynienie-z-mordem-zalozycielskim\">Kresy.pl (12 lipca 2016)<\/a><\/p><h4>\u00a0<\/h4><hr style=\"background-color: #000000; border-width: 0; color: #000000; height: 2px; line-height: 0; text-align: center; width: 100%;\" \/><h4>\u00a0<\/h4><p><em>No i co\u015b prosto z domu wariat\u00f3w&#8230;<\/em><\/p><h2>Macierewicz o rzezi wo\u0142y\u0144skiej: \u00c5\u00b9r\u00f3d\u0142em jest Rosja [+VIDEO]<\/h2><p>Minister Obrony Narodowej Antoni Macierewicz udzieli\u0142 wywiadu w programie Micha\u0142a Rachonia \u201eMin\u0119\u0142a 20\u201d. Powiedzia\u0142 w nim, \u017ce u \u017ar\u00f3de\u0142 ludob\u00f3jstwa na Wo\u0142yniu le\u017cy Rosja, kt\u00f3ra jest prawdziwym wrogiem, kt\u00f3ry u\u017cy\u0142 cz\u0119\u015b\u0107 si\u0142 nacjonalistycznych do jego rozpocz\u0119cia.<\/p><p>Rozmowa obraca\u0142a si\u0119 wok\u00f3\u0142 tematu Rosji i Ukrainy. Minister przyzna\u0142, \u017ce wydarzenia na Wo\u0142yniu by\u0142y ludob\u00f3jstwem. Stwierdzi\u0142 tak\u017ce, \u017ce nale\u017cy wymaga\u0107 od Ukrainy m\u00f3wienia prawdy. Skrytykowa\u0142 ponadto poprzednie rz\u0105dy, kt\u00f3re jego zdaniem zaniecha\u0142y m\u00f3wienia prawdy o Wo\u0142yniu.<\/p><p>Zdaniem Macierewicza odbudowa pa\u0144stwa Ukrai\u0144skiego le\u017cy w interesie Polski. Doda\u0142, \u017ce prawdziwym wrogiem byli Rosjanie, kt\u00f3rzy \u201eu\u017cyli\u201d nacjonalist\u00f3w ukrai\u0144skich do organizacji ludob\u00f3jstwa. Przypomina to narracj\u0119 ukrai\u0144sk\u0105, wedle kt\u00f3rej to NKWD jest odpowiedzialne za Wo\u0142y\u0144.<\/p><p>Dalej dyskusja toczy\u0142a si\u0119 g\u0142\u00f3wnie wok\u00f3\u0142 zako\u0144czonego szczytu NATO. Minister Macierewicz stwierdzi\u0142, \u017ce jest on ogromnym sukcesem Polski w sensie polityczno-militarnym.<\/p><p>Poni\u017cej video:<\/p><p><iframe src=\"http:\/\/www.youtube.com\/embed\/-ofk6JVAT4k\" width=\"600\" height=\"400\" frameborder=\"0\" allowfullscreen=\"allowfullscreen\"><\/iframe><\/p><p>Czytaj tak\u017ce:<\/p><p><a href=\"http:\/\/www.kresy.pl\/wydarzenia,spoleczenstwo?zobacz\/zginiew-ziobro-z-mocnym-oswiadczeniem-w-sprawie-wolynia-zaden-inny-minister-nie-wydal-podobnego\"><strong>Zbigniew Ziobro z mocnym o\u015bwiadczeniem w sprawie Wo\u0142ynia. \u0179aden inny minister nie wyda\u0142 podobnego<\/strong><\/a><\/p><p><strong>KRESY.PL<\/strong><\/p><p>Za: <a href=\"http:\/\/www.kresy.pl\/wydarzenia,bezpieczenstwo-i-obrona?zobacz\/macierewicz-o-rzezi-wolynskiej-zrodlem-rzezi-wolynskiej-jest-rosja-video\">Kresy.pl (11 lipca 2016)<\/a><\/p><blockquote><p><strong>[Wybrane komentarze internaut\u00f3w pod w\/w tekstem na stronie \u017ar\u00f3d\u0142owej:]<\/strong><\/p><p><em>werle:<\/em><br \/> Chory czlowiek<\/p><p><em>rebeliant80:<\/em><br \/> Macierewicz dzia\u0142a wy\u0142\u0105cznie w interesie Amerykan\u00f3w, zrobi wszystko by wywo\u0142a\u0107 konflikt zbrojny z Rosj\u0105, kt\u00f3ry obecnie wydaje si\u0119 by\u0107 na r\u0119k\u0119 USA.<\/p><p><em>jaro7:<\/em><br \/> Tych dw\u00f3ch idiot\u00f3w ma cechy wsp\u00f3lne ,durny u\u015bmieszek i rusofobi\u0119.Wczoraj pani Siemaszko powiedzia\u0142a \u017ce Polacy byli bezpieczni od upai\u0144c\u00f3w tylko w czasie okupacji sowieckiej w latach 39-41,a to dlatego ze ruscy nie pozwolili na \u017cadn\u0105 dzia\u0142alno\u015b\u0107 upai\u0144com,w przeciwie\u0144stwie do Niemc\u00f3w.A po tym co PiS zrobi\u0142 NIC ju\u017c nie zmyje pi\u0119tna ha\u0144by z tej partii,\u017cadne propagand\u00f3wki TVPis nie pomog\u0105.Skompromitowali sie wszyscy od prezydenta,prezesa,rz\u0105du a\u017c po szeregowych pisior\u00f3w.<\/p><p><em>Poznaniak74:<\/em><br \/> Tak i Rosja stworzy\u0142a OUN i UPA. Dobra rada &#8222;panie&#8221; ministrze, PROSZ\u0118 S\u0118 ZACZ\u0104\u00c4\u2020 LECZY\u00c4\u2020 NA NOGI BO NA G\u0141OW\u0118 JU\u0179 ZA P\u00d3\u00c5\u00b9NO&#8230; Ps. &#8222;Panu&#8221; Antoniemu radz\u0119 si\u0119 poduczy\u0107 historii, to wtedy si\u0119 dowie \u017ce za organizacjami ukrai\u0144skich nacjonalist\u00f3w sta\u0142y wywiady, niemiecki (najpierw Republiki Weimarskiej, a potem III Rzeszy) oraz&#8230;Czechos\u0142owacji&#8230;obserwator:<br \/> <br \/> <em><span class=\"login\">obserwator:<\/span><\/em><br \/> Pan minister m\u00f3wi brednie. Ukrai\u0144cy s\u0105 wi\u0119kszymi wrogami ni\u017c Rosjanie<\/p><p><em>lucas4400:<\/em><br \/> mam wra\u017cenie ze ten czlowiek to agent USA lub Ukrainski jego dzia\u0142ania szkodz\u0105 Polsce<\/p><\/blockquote><h4>\u00a0<\/h4><hr style=\"background-color: #000000; border-width: 0; color: #000000; height: 2px; line-height: 0; text-align: center; width: 100%;\" \/><h4>\u00a0<\/h4><\/div>","protected":false},"excerpt":{"rendered":"Wiceminister Jan Dziedziczak podczas spotkania z kresowianami przyr\u00f3wna\u0142 banderyzm do stalinizmu i hitleryzmu i podkre\u015bli\u0142, \u017ce nie ma zgody na propagowanie tych ideologii.Wiceminister Jan Dziedziczak podkre\u015bli\u0142, \u017ce rz\u0105dowi zale\u017cy na dobrych relacjach z Ukrain\u0105 jednak stosunki te mo\u017cna budowa\u0107 jedynie w oparciu o prawd\u0119. Stwierdzi\u0142, \u017ce Ukraina nie powinna budowa\u0107 swojej to\u017csamo\u015bci na to\u017csamo\u015bci banderowskiej.Dziedziczak [&hellip;]","protected":false},"author":1,"featured_media":0,"comment_status":"closed","ping_status":"closed","sticky":false,"template":"","format":"standard","meta":{"_acf_changed":false,"_monsterinsights_skip_tracking":false,"_monsterinsights_sitenote_active":false,"_monsterinsights_sitenote_note":"","_monsterinsights_sitenote_category":0,"ngg_post_thumbnail":0,"footnotes":"","_wp_rev_ctl_limit":""},"categories":[8],"tags":[98,167,17],"acf":[],"_links":{"self":[{"href":"https:\/\/www.bibula.com\/index.php?rest_route=\/wp\/v2\/posts\/88455"}],"collection":[{"href":"https:\/\/www.bibula.com\/index.php?rest_route=\/wp\/v2\/posts"}],"about":[{"href":"https:\/\/www.bibula.com\/index.php?rest_route=\/wp\/v2\/types\/post"}],"author":[{"embeddable":true,"href":"https:\/\/www.bibula.com\/index.php?rest_route=\/wp\/v2\/users\/1"}],"replies":[{"embeddable":true,"href":"https:\/\/www.bibula.com\/index.php?rest_route=%2Fwp%2Fv2%2Fcomments&post=88455"}],"version-history":[{"count":0,"href":"https:\/\/www.bibula.com\/index.php?rest_route=\/wp\/v2\/posts\/88455\/revisions"}],"wp:attachment":[{"href":"https:\/\/www.bibula.com\/index.php?rest_route=%2Fwp%2Fv2%2Fmedia&parent=88455"}],"wp:term":[{"taxonomy":"category","embeddable":true,"href":"https:\/\/www.bibula.com\/index.php?rest_route=%2Fwp%2Fv2%2Fcategories&post=88455"},{"taxonomy":"post_tag","embeddable":true,"href":"https:\/\/www.bibula.com\/index.php?rest_route=%2Fwp%2Fv2%2Ftags&post=88455"}],"curies":[{"name":"wp","href":"https:\/\/api.w.org\/{rel}","templated":true}]}}