{"id":88399,"date":"2016-07-10T16:07:54","date_gmt":"2016-07-10T20:07:54","guid":{"rendered":"http:\/\/www.bibula.com\/?p=88399"},"modified":"2016-07-10T16:07:54","modified_gmt":"2016-07-10T20:07:54","slug":"obama-z-putinem-stworza-banderolin-stanislaw-michalkiewicz","status":"publish","type":"post","link":"https:\/\/www.bibula.com\/?p=88399","title":{"rendered":"Obama z Putinem stworz\u0105 Banderolin? &#8211; <em>Stanis\u0142aw Michalkiewicz<\/em>"},"content":{"rendered":"<p>Jeszcze nie rozpocz\u0105\u0142 si\u0119 oczekiwany z tak\u0105 niecierpliwo\u015bci\u0105 szczyt NATO w Warszawie, a ju\u017c nad stolic\u0105 naszego nieszcz\u0119\u015bliwego kraju, to znaczy pardon &#8211; oczywi\u015bcie najszcz\u0119\u015bliwszego kraju na ca\u0142ym \u015bwiecie, a w ka\u017cdym razie &#8211; w Europie \u015arodkowej &#8211; raz po raz przelatuj\u0105 samoloty F-16. Jak to dobrze, \u017ce nie &#8211; dajmy na to &#8211; MiG-i, czy inne Su, nie m\u00f3wi\u0105c ju\u017c o &#8211; nie daj Bo\u017ce! &#8211; Tu-95. No ale Tu-95 to mog\u0105 sobie lata\u0107 nad Syri\u0105, a nie nad Warszaw\u0105. Nad Warszaw\u0105 to latali Niemcy i nawet skomponowali bardzo \u0142adny marsz pod tytu\u0142em \u201e<i>Lecimy nad Warszaw\u0105<\/i>\u201d, ale teraz Niemcy s\u0105 naszymi sojusznikami, a w ka\u017cdym razie &#8211; sojusznikami naszych sojusznik\u00f3w, wi\u0119c nie ma co snu\u0107 jakich\u015b rozpami\u0119tywa\u0144, zw\u0142aszcza \u017ce te przeloty, to pr\u00f3ba generalna przed zaplanowan\u0105 na pi\u0105tek defilad\u0105, podczas kt\u00f3rej zaprezentujemy zimnemu ruskiemu czeki\u015bcie Putinowi nasz\u0105 umiej\u0119tno\u015b\u0107 pr\u0119\u017cenia cudzych musku\u0142\u00f3w. Polska jednym susem wskakuje do grona mocarstw \u015bwiatowych, o czym \u015bwiadczy r\u00f3wnie\u017c rozmowa, jak\u0105 w cztery oczy ma przeprowadzi\u0107 ameryka\u0144ski prezydent Obama z prezydentem Dud\u0105. Wprawdzie strona ameryka\u0144ska ujawni\u0142a, \u017ce podczas tej rozmowy prezydent Obama da wyraz swemu \u201e<i>zaniepokojeniu przed\u0142u\u017caj\u0105cym si\u0119 sporem o Trybuna\u0142 Konstytucyjny<\/i>\u201d, czyli kr\u00f3tko m\u00f3wi\u0105c &#8211; obsztorcuje prezydenta Dud\u0119, ale uczyni to podczas rozmowy w cztery oczy, wi\u0119c nie ma co grymasi\u0107. Tym bardziej, \u017ce w\u0142a\u015bnie Sejm uchwali\u0142 ustaw\u0119 o nieszcz\u0119snym Trybunale, kt\u00f3r\u0105 Platforma Obywatelska zamierza niezw\u0142ocznie do Trybuna\u0142u zaskar\u017cy\u0107. Nie ulega tedy w\u0105tpliwo\u015bci (\u201e<i>nie ulega w\u0105tpliwo\u015bci, jak mawia\u0142a stara niania; lepiej&#8230;<\/i>\u201d &#8211; no, mniejsza z tym), \u017ce Trybuna\u0142 uzna ustaw\u0119 za sprzeczn\u0105 z konstytucj\u0105, najlepiej z art. 2, stanowi\u0105cym, \u017ce \u201e<i>Rzeczpospolita Polska jest demokratycznym pa\u0144stwem prawnym, urzeczywistniaj\u0105cym zasady sprawiedliwo\u015bci spo\u0142ecznej<\/i>\u201d. Z tak\u0105 piramidaln\u0105 bzdur\u0105 wszystko mo\u017ce okaza\u0107 si\u0119 niezgodne, albo przeciwnie &#8211; zgodne, w zale\u017cno\u015bci od politycznego zapotrzebowania i m\u0105dro\u015bci etapu. Jest to znakomita ilustracja s\u0142uszno\u015bci tzw. \u201e<i>prawa Dunsa Szkota<\/i>\u201d, m\u00f3wi\u0105cego o konsekwencjach przyj\u0119cia sprzeczno\u015bci &#8211; \u017ce ze zdania wewn\u0119trznie sprzecznego mo\u017ce wynika\u0107 cokolwiek.<\/p><p>Wracaj\u0105c do prezydenta Obamy, kt\u00f3ry z powodu tego nieszcz\u0119snego Trybuna\u0142u b\u0119dzie prezydenta Dud\u0119 sztorcowa\u0142, to prezes Jaros\u0142aw Kaczy\u0144ski musia\u0142 to przewidzie\u0107 i skalkulowa\u0107, skoro wspomniana ustawa zosta\u0142a ostentacyjnie uchwalona w przeddzie\u0144 szczytu NATO w Warszawie. Bo &#8211; powiedzmy sobie otwarcie i szczerze &#8211; Trybuna\u0142 &#8211; Trybuna\u0142em, ale opr\u00f3cz niego istniej\u0105 jeszcze inne, by\u0107 mo\u017ce nawet wa\u017cniejsze sprawy. Jak ju\u017c wspomina\u0142em, podczas uroczysto\u015bci w Bia\u0142ymstoku prezes Kaczy\u0144ski, wypowiadaj\u0105c nieub\u0142agan\u0105 wojn\u0119 antysemityzmowi &#8211; r\u00f3wnie\u017c temu \u201e<i>ukrytemu<\/i>\u201d &#8211; wyg\u0142osi\u0142 wiernopodda\u0144cz\u0105 deklaracj\u0119 wobec Izraela. Trzeba nam bowiem wiedzie\u0107, \u017ce antysemityzm ukryty oznacza ka\u017cd\u0105 krytyk\u0119 post\u0119powania Izraela. Je\u015bli tedy Izrael z prezesem Kaczy\u0144skim &#8211; kt\u00f3\u017c przeciwko niemu? Oczywi\u015bcie na deklaracjach si\u0119 nie sko\u0144czy, bo pr\u0119dzej, czy p\u00f3\u017aniej Izrael za\u017c\u0105da od prezesa Kaczy\u0144skiego tak zwanego \u201e<i>dowodu mi\u0142o\u015bci<\/i>\u201d, podobnie, jak sodomici od papie\u017ca Franciszka, kt\u00f3ry w\u0142a\u015bnie wpad\u0142 na pomys\u0142, \u017ce Ko\u015bci\u00f3\u0142 powinien sodomit\u00f3w \u201e<i>przeprosi\u0107<\/i>\u201d. Warto doda\u0107, \u017ce prezydent Duda, podczas rocznicowych uroczysto\u015bci w Kielcach wypowiedzia\u0142 si\u0119 w podobnym tonie, a nawet wykluczy\u0142 antysemityzm z chwalebnego pluralismusa. Ciekawe, \u017ce na podobny pomys\u0142 wpad\u0142 Henry Ford deklaruj\u0105c, \u017ce u niego mo\u017cna kupi\u0107 sobie samoch\u00f3d w dowolnym kolorze pod warunkiem, \u017ce b\u0119dzie ona czarny. Praktyczn\u0105 konsekwencj\u0105 mo\u017ce by\u0107 powierzenie polityki kadrowej w naszym nieszcz\u0119\u015bliwym kraju panu redaktorowi Michnikowi, bo ju\u017cci &#8211; kt\u00f3\u017c u nas mo\u017ce mie\u0107 do antysemit\u00f3w lepszego nosa?<\/p><p>Ale to jeszcze nic, bo do listy naszych priorytet\u00f3w politycznych, obok wystawienia mo\u017cliwie wsz\u0119dzie pomnik\u00f3w smole\u0144skich, wytarzania w smole i pierzu Donalda Tuska oraz \u201e<i>d\u0105\u017cenia do prawdy<\/i>\u201d w sprawie katastrofy smole\u0144skiej, doszed\u0142 jeszcze jeden. Prezes Kaczy\u0144ski wyda\u0142 mianowicie nieub\u0142agan\u0105 wojn\u0119 szkodnikowi-paskudnikowi Leszkowi Balcerowiczowi &#8211; \u017ce \u201e<i>musi odej\u015b\u0107<\/i>\u201d i w og\u00f3le. Na pierwszy rzut oka przyczyn\u0105 wojny ze szkodnikiem-paskudnikiem jest odkrycie przez Prawo i Sprawiedliwo\u015b\u0107 w\u0142asnego Balcerowicza w osobie pana wicepremiera Mateusza Morawieckiego. Nasz Balcerowicz jest lepszy &#8211; przekonuje swoich wyznawc\u00f3w pan prezes Jaros\u0142aw Kaczy\u0144ski &#8211; ale wy\u017cszo\u015b\u0107 \u201e<i>naszego<\/i>\u201d Balcerowicza nad Balcerowiczem jakim\u015b takim nie naszym, czyli &#8211; powiedzmy wprost &#8211; szkodnikiem-paskudnikiem, trzeba jako\u015b zilustrowa\u0107. Jest to tym bardziej wskazane, \u017ce pan wicepremier Morawiecki wprawdzie te\u017c og\u0142osi\u0142 \u201e<i>plan<\/i>\u201d, co prawda w postaci zaledwie szkicowej, ale nawet z tych szkic\u00f3w przebijaj\u0105 przeb\u0142yski genialno\u015bci.<\/p><p>Chodzi o zreformowanie przez rz\u0105d resztki pieni\u0119dzy z Otwartych Funduszy Emerytalnych, jaka tam pozosta\u0142a po zreformowaniu ich przez rz\u0105d premiera Tuska. Z 25 procent zreformowanych \u015brodk\u00f3w zostanie utworzony Fundusz Rezerwy Demograficznej, a z pozosta\u0142ych 75 procent &#8211; indywidualne konta emerytalne. Oczywi\u015bcie z tych \u201e<i>indywidualnych kont<\/i>\u201d emeryt nie b\u0119dzie m\u00f3g\u0142 swoich pieni\u0119dzy nawet pow\u0105cha\u0107, bo jeszcze w roku 1997 przyczyn\u0119 niedost\u0119pno\u015bci tych pieni\u0119dzy dla w\u0142a\u015bcicieli kont w prostych, \u017co\u0142nierskich s\u0142owach wyja\u015bni\u0142a mi pani pos\u0142anka Ewa Tomaszewska m\u00f3wi\u0105c, \u017ce \u201e<i>ka\u017cdy by tak chcia\u0142!<\/i>\u201d Gdyby zatem ka\u017cdemu tak pozwoli\u0107, to z tych indywidualnych kont w mgnieniu oka pozosta\u0142oby tylko wspomnienie &#8211; a w takim razie z czego rz\u0105d finansowa\u0142by zapowiadany szalony rozw\u00f3j gospodarczy? Jak to jeszcze za pierwszej komuny zauwa\u017cy\u0142 towarzysz Wies\u0142aw &#8211; \u201e<i>z pr\u00f3\u017cnego i Salamon nie naleje<\/i>\u201d, wi\u0119c i pieni\u0105dze z \u201e<i>indywidualnych kont<\/i>\u201d te\u017c na d\u0142ugo nie starcz\u0105, wi\u0119c reszt\u0119 szalonego rozwoju trzeba b\u0119dzie urz\u0105dza\u0107 za pieni\u0105dze po\u017cyczone &#8211; tak samo, jak za Gierka i by\u0107 mo\u017ce z identycznym skutkiem. Ale to si\u0119 wyja\u015bni nie wcze\u015bniej, ni\u017c za dziesi\u0119\u0107 lat, a co si\u0119 przez ten czas nazachwycamy \u201e<i>naszym<\/i>\u201d Balcerowiczem, tego \u017cadna przemoc, a zw\u0142aszcza &#8211; zimny ruski czekista Putin nam nie odbierze.<\/p><p>Ale wojna ze szkodnikiem-paskudnikiem ma i drugie dno. Jak bowiem wiadomo, z\u0142owrogi Balcerowicz zosta\u0142 zaproszony do udzia\u0142u w rz\u0105dzie Ukrainy, gdzie doradza prezydentowi Poroszence, jakie by tu zamarkowa\u0107 reformy, \u017ceby wszystko zosta\u0142o po staremu. Jak pami\u0119tamy, prezydent Poroszenko doprowadzi\u0142 do dymisji premiera Arszenika Jaceniuka, kt\u00f3ry by\u0142 zaledwie \u201e<i>podejrzewany<\/i>\u201d o \u017cydowskie pochodzenie, by na jego miejsce wsadzi\u0107 W\u0142odzimierza Hrojsmana, kt\u00f3ry ju\u017c o nic podejrzewany by\u0107 nie musi. Nie o pochodzenie jednak\u017ce tu chodzi, tylko o to, \u017ce premier Arszenik Jaceniuk by\u0142 popierany przez Juli\u0119 Tymoszenko, kt\u00f3rej z tego powodu mo\u017ce nie podoba\u0107 si\u0119 r\u00f3wnie\u017c szkodnik-paskudnik. Je\u015bli tak, to nie mo\u017cna wykluczy\u0107, \u017ce pan prezes Kaczy\u0144ski, nie daj\u0105c nic po sobie pozna\u0107, w g\u0142\u0119bi serca jednak piel\u0119gnuje projekt ma\u0142\u017ce\u0144stwa z Juli\u0105 Tymoszenko i za\u0142o\u017cenia dynastii, kt\u00f3ra &#8211; oczywi\u015bcie pod dyskretnym nadzorem starszych i m\u0105drzejszych &#8211; w\u0142ada\u0142aby Polsk\u0105 od morza do morza. To znaczy &#8211; oczywi\u015bcie nie Polsk\u0105, bo takie mocarstwo musia\u0142oby nazywa\u0107 si\u0119 jako\u015b inaczej. Jak? W\u0142a\u015bnie og\u0142osi\u0142em ludowy konkurs na nazw\u0119 przysz\u0142ej pot\u0119gi i na pierwsz\u0105 my\u015bl przysz\u0142a mi do g\u0142owy nazwa \u201e<i>Banderolin<\/i>\u201d, skupiaj\u0105ca w sobie dwa istotne cz\u0142ony: \u201e<i>Bandera<\/i>\u201d i \u201e<i>Polin<\/i>\u201d.<\/p><p>Jakby w sukurs tej koncepcji przyby\u0142a rewelacja przedstawiona 5 lipca przez pos\u0142a Prawa i Sprawiedliwo\u015bci Stanis\u0142awa Pi\u0119t\u0119, kt\u00f3ry opowiedzia\u0142 si\u0119 za wsp\u00f3lnym pa\u0144stwem z Ukrain\u0105. Jestem pewien, \u017ce ze strony pos\u0142a Pi\u0119ty nie by\u0142a to \u017cadna samowolka, a raczej pr\u00f3ba wysondowania, jak na ten temat zareaguje opinia publiczna, zw\u0142aszcza wyznawcy prezesa Jaros\u0142awa Kaczy\u0144skiego. Najwyra\u017aniej musi on wiedzie\u0107 co\u015b, czego my jeszcze nie wiemy, a mo\u017ce sz\u00f3stym zmys\u0142em wyczuwa intencje Naszego Najwa\u017cniejszego Sojusznika, dla kt\u00f3rego taka kombinacja by\u0142aby jakim\u015b wyj\u015bciem. Ciekawe, czy ta kombinacja b\u0119dzie omawiana na spotkaniu Rady NATO-Rosja, wyznaczonym na 13 lipca w Brukseli &#8211; no bo trudno sobie wyobrazi\u0107, \u017ceby w takiej sprawie zimny ruski czekista Putin nie zosta\u0142 skonsultowany. Zatem &#8211; najwa\u017cniejsze jeszcze przed nami, zw\u0142aszcza \u017ce i by\u0142y prezydent naszego nieszcz\u0119\u015bliwego, to znaczy pardon &#8211; oczywi\u015bcie najszcz\u0119\u015bliwszego kraju na \u015bwiecie, a w ka\u017cdym razie &#8211; w Europie \u015arodkowej, czyli Bronis\u0142aw Komorowski jeszcze w maju powiedzia\u0142, \u017ce \u201e<i>nowe fronty<\/i>\u201d b\u0119d\u0105 u nas otwarte dopiero po zako\u0144czeniu \u015awiatowych Dni M\u0142odzie\u017cy, podczas kt\u00f3rych, by\u0107 mo\u017ce, r\u00f3wnie\u017c sodomici dost\u0105pi\u0105 wreszcie satysfakcji.<\/p><p><strong><em>Stanis\u0142aw Michalkiewicz<\/em><\/strong><\/p><p><i>Sta\u0142y komentarz Stanis\u0142awa Michalkiewicza ukazuje si\u0119 w ka\u017cdym numerze tygodnika \u201eGoniec\u201d (Toronto, Kanada).<\/i><\/p>","protected":false},"excerpt":{"rendered":"Jeszcze nie rozpocz\u0105\u0142 si\u0119 oczekiwany z tak\u0105 niecierpliwo\u015bci\u0105 szczyt NATO w Warszawie, a ju\u017c nad stolic\u0105 naszego nieszcz\u0119\u015bliwego kraju, to znaczy pardon &#8211; oczywi\u015bcie najszcz\u0119\u015bliwszego kraju na ca\u0142ym \u015bwiecie, a w ka\u017cdym razie &#8211; w Europie \u015arodkowej &#8211; raz po raz przelatuj\u0105 samoloty F-16. Jak to dobrze, \u017ce nie &#8211; dajmy na to &#8211; MiG-i, [&hellip;]","protected":false},"author":1,"featured_media":0,"comment_status":"closed","ping_status":"closed","sticky":false,"template":"","format":"standard","meta":{"_acf_changed":false,"_monsterinsights_skip_tracking":false,"_monsterinsights_sitenote_active":false,"_monsterinsights_sitenote_note":"","_monsterinsights_sitenote_category":0,"ngg_post_thumbnail":0,"footnotes":"","_wp_rev_ctl_limit":""},"categories":[9],"tags":[84,98,101,37,34,21,167,17,221],"acf":[],"_links":{"self":[{"href":"https:\/\/www.bibula.com\/index.php?rest_route=\/wp\/v2\/posts\/88399"}],"collection":[{"href":"https:\/\/www.bibula.com\/index.php?rest_route=\/wp\/v2\/posts"}],"about":[{"href":"https:\/\/www.bibula.com\/index.php?rest_route=\/wp\/v2\/types\/post"}],"author":[{"embeddable":true,"href":"https:\/\/www.bibula.com\/index.php?rest_route=\/wp\/v2\/users\/1"}],"replies":[{"embeddable":true,"href":"https:\/\/www.bibula.com\/index.php?rest_route=%2Fwp%2Fv2%2Fcomments&post=88399"}],"version-history":[{"count":0,"href":"https:\/\/www.bibula.com\/index.php?rest_route=\/wp\/v2\/posts\/88399\/revisions"}],"wp:attachment":[{"href":"https:\/\/www.bibula.com\/index.php?rest_route=%2Fwp%2Fv2%2Fmedia&parent=88399"}],"wp:term":[{"taxonomy":"category","embeddable":true,"href":"https:\/\/www.bibula.com\/index.php?rest_route=%2Fwp%2Fv2%2Fcategories&post=88399"},{"taxonomy":"post_tag","embeddable":true,"href":"https:\/\/www.bibula.com\/index.php?rest_route=%2Fwp%2Fv2%2Ftags&post=88399"}],"curies":[{"name":"wp","href":"https:\/\/api.w.org\/{rel}","templated":true}]}}