{"id":88377,"date":"2016-07-08T12:18:45","date_gmt":"2016-07-08T16:18:45","guid":{"rendered":"http:\/\/www.bibula.com\/?p=88377"},"modified":"2016-07-08T12:18:45","modified_gmt":"2016-07-08T16:18:45","slug":"ukraina-wolna-od-banderyzmu-wrecz-przeciwnie-patronami-kijowskich-ulic-bandera-i-szuchewycz","status":"publish","type":"post","link":"https:\/\/www.bibula.com\/?p=88377","title":{"rendered":"Ukraina wolna od banderyzmu? Wr\u0119cz przeciwnie! Patronami kijowskich ulic Bandera i Szuchewycz"},"content":{"rendered":"<p><strong>Miejscy radni Kijowa zdecydowali o uhonorowaniu przyw\u00f3dc\u00f3w ukrai\u0144skiego nacjonalizmu, odpowiedzialnych za nienawi\u015b\u0107 do Polak\u00f3w i rze\u017a wo\u0142y\u0144sk\u0105. Marnym pocieszeniem jest fakt, \u017ce ulice Stepana Bandery i Romana Szuchewycza zast\u0105pi\u0105 nazwy odwo\u0142uj\u0105ce si\u0119 do rosyjskiej lub sowieckiej dominacji nad Ukrain\u0105. <br \/> <\/strong><\/p><p>Roman Szuchewycz by\u0142 naczelnym dow\u00f3dc\u0105 Ukrai\u0144skiej Powsta\u0144czej Armii, kt\u00f3ra w trakcie II Wojny \u015awiatowej i tu\u017c po niej dokona\u0142a ludob\u00f3jstwa na Polakach, Ormianach i \u017bydach zamieszkuj\u0105cych Wo\u0142y\u0144 i Ma\u0142opolsk\u0119 wschodni\u0105.<\/p><p>Wkr\u00f3tce bohater cz\u0119\u015bci wsp\u00f3\u0142czesnych Ukrai\u0144c\u00f3w zostanie patronem ulicy, kt\u00f3ra dot\u0105d nosi\u0142a miano sowieckiego genera\u0142a Miko\u0142aja Watutina.<\/p><p>Z kolei prospekt Bandery zast\u0105pi dotychczasowy prospekt moskiewski. Stepan Bandera by\u0142 g\u0142\u00f3wnym ideologiem Organizacji Ukrai\u0144skich Nacjonalist\u00f3w, kt\u00f3rej zbrojnym ramieniem by\u0142a w\u0142a\u015bnie UPA.<\/p><p>Stosowne decyzje podj\u0119li kijowscy radni. Za \u201eprospektem Bandery\u201d g\u0142osowa\u0142o 87 os\u00f3b z 97 radnych. Nikt si\u0119 nie sprzeciwi\u0142.<\/p><p>\u0179r\u00f3d\u0142o: TVP Info<\/p><p>MW\u0142<\/p><p class=\"zrodlo\">Za: <a href=\"http:\/\/www.pch24.pl\/ukraina-wolna-od-banderyzmu--wrecz-przeciwnie--patronami-kijowskich-ulic-bandera-i-szuchewycz,44487,i.html\">PoloniaChristiana &#8211; pch24.pl (2016-07-07)<\/a><\/p><h4>\u00a0<\/h4><hr style=\"background-color: #000000; border-width: 0; color: #000000; height: 2px; line-height: 0; text-align: center; width: 100%;\" \/><h4>\u00a0<\/h4><h2>Polka pobita na Ukrainie: grozili, \u017ce zrobi\u0105 nam powstanie i b\u0119d\u0105 nas wycina\u0107<\/h2><p><strong>Wed\u0142ug relacji dr hab. Marii S\u0119kowskiej, kt\u00f3ra wraz z grup\u0105 Polak\u00f3w zosta\u0142a zaatakowana na Ukrainie, napastnicy wznosili m.in. okrzyki nawi\u0105zuj\u0105ce do rzezi wo\u0142y\u0144skiej. Zaznacza, \u017ce nie ma o to pretensji do narodu ukrai\u0144skiego.<\/strong><\/p><p><a href=\"http:\/\/www.kresy.pl\/wydarzenia,ukraina?zobacz\/polacy-dotkliwie-pobici-na-granicy-z-ukraina\">Jak opisywali\u015bmy wcze\u015bniej<\/a>, w poniedzia\u0142ek 4 lipca polscy dziennikarze wracali do kraju w towarzystwie wyk\u0142adowc\u00f3w z wydzia\u0142u artystycznego Uniwersytetu Marii Curie-Sk\u0142odowskiej. Zostali jednak zatrzymani przez Ukrai\u0144c\u00f3w, protestuj\u0105cych przed przej\u015bciem granicznym w Rawie Ruskiej.<\/p><p>Portal <a href=\"http:\/\/m.onet.pl\/wiadomosci\/lublin,kt3els\">Onet.pl<\/a> przytacza relacj\u0119 dr hab. Marii S\u0119kowskiej. Wspomina, \u017ce wraz z innymi osobami jad\u0105cymi samochodem zwraca\u0142a si\u0119 o pomoc do ukrai\u0144skich milicjant\u00f3w i celnik\u00f3w, kt\u00f3rzy jednak nie zamierzali interweniowa\u0107. Protestuj\u0105cych przybywa\u0142o, a napi\u0119cie ros\u0142o coraz bardziej. Okazuje si\u0119, \u017ce niekt\u00f3rzy z protestuj\u0105cych zacz\u0119li wznosi\u0107 okrzyki nawi\u0105zuj\u0105ce do rzezi wo\u0142y\u0144skiej.<\/p><p><strong><em>\u201eDo Polak\u00f3w zacz\u0119\u0142y by\u0107 kierowane pogr\u00f3\u017cki, \u017ce &#8222;zrobi\u0105 nam powstanie i b\u0119d\u0105 nas wycina\u0107&#8221;. Pojawi\u0142y si\u0119 r\u00f3wnie\u017c inne zaczepki i prowokacje. Zacz\u0119to mnie szarpa\u0107 i popycha\u0107. W pewnym momencie podszed\u0142 do mnie jeden z osi\u0142k\u00f3w i powiedzia\u0142: ty s**o, z Ukrainy ju\u017c nie wyjedziesz. W\u00f3wczas natychmiast wskoczy\u0142am do samochodu\u201d<\/em><\/strong> &#8211; powiedzia\u0142a dr S\u0119kowska.<\/p><p>Gdy kierowca auta postanowi\u0142 zjecha\u0107 na pobocze chc\u0105c przepu\u015bci\u0107 samochody z dzie\u0107mi, cz\u0119\u015b\u0107 protestuj\u0105cych prawdopodobnie uzna\u0142a, \u017ce chce omin\u0105\u0107 barykad\u0119. Auto zosta\u0142o zaatakowane &#8211; kopano je, obrzucano ci\u0119\u017ckimi przedmiotami, przeci\u0119to opony. Jeden z m\u0119\u017cczyzn wskoczy\u0142 na mask\u0119 i ci\u0119\u017ckim narz\u0119dziem pr\u00f3bowa\u0142 wybi\u0107 przedni\u0105 szyb\u0119. Dr S\u0119kowska relacjonuje, \u017ce pasa\u017cer\u00f3w pr\u00f3bowano wyci\u0105gn\u0105\u0107 na zewn\u0105trz:<\/p><p><strong><em>\u201eW ko\u0144cu im si\u0119 to uda\u0142o. Jeden z Ukrai\u0144c\u00f3w pr\u00f3bowa\u0142 nas ratowa\u0107 i wci\u0105gn\u0105\u0142 nas do swojego samochodu\u201d.<\/em><\/strong><\/p><p>Zdaniem dr S\u0119kowskiej, napastnicy ulegli prowokacji. Podkre\u015bla, \u017ce \u017cycie zawdzi\u0119cza m.in. Ukrai\u0144com, kt\u00f3rzy pomogli Polakom.<strong><em> \u201eNie mam pretensji do narodu ukrai\u0144skiego\u201d<\/em><\/strong> &#8211; powiedzia\u0142a.<\/p><p>5 lipca wojewoda lubelski skierowa\u0142 oficjalne pismo do konsula generalnego Ukrainy w Lublinie, Wasyla Pawluka, w kt\u00f3rym wyrazi\u0142 przypuszczenie, \u017ce wsp\u00f3\u0142winnymi tego zdarzenia s\u0105 obywatele i s\u0142u\u017cby porz\u0105dkowe Ukrainy.<\/p><p>O sprawie zamieszek pisali\u015bmy wcze\u015bniej:<\/p><ul><li><a href=\"http:\/\/www.kresy.pl\/wydarzenia,spoleczenstwo?zobacz\/ukraincy-zniszczyli-samochod-polskiego-konsula-zamieszki-na-granicy-trwaja-foto-video\">Ukrai\u0144cy zniszczyli samoch\u00f3d polskiego konsula. Zamieszki na granicy trwaj\u0105 [+FOTO\/VIDEO]<\/a><\/li><li><a href=\"http:\/\/www.kresy.pl\/wydarzenia,spoleczenstwo?zobacz\/protesty-na-przejsciach-granicznych-z-ukraina\">Protesty na przej\u015bciach granicznych z Ukrain\u0105<\/a><\/li><\/ul><p><a href=\"http:\/\/m.onet.pl\/wiadomosci\/lublin,kt3els\">Onet.pl<\/a> \/ Kresy.pl<\/p><p class=\"zrodlo\">Za: <a href=\"http:\/\/www.kresy.pl\/wydarzenia,bezpieczenstwo-i-obrona?zobacz\/polka-pobita-na-ukrainie-grozili-ze-zrobia-nam-powstanie-i-beda-nas-wycinac\">Kresy.pl (08 lipca 2016)<\/a><\/p><h4>\u00a0<\/h4><hr style=\"background-color: #000000; border-width: 0; color: #000000; height: 2px; line-height: 0; text-align: center; width: 100%;\" \/><h4>\u00a0<\/h4><h2>Braun: rachunki za Wo\u0142y\u0144 nale\u017cy kierowa\u0107 do Kijowa, a tak\u017ce Berlina, Moskwy i Londynu [+VIDEO]<\/h2><p><strong>\u201e\u0179adnemu polskiemu politykowi nikt nie da\u0142 prawa do tego, \u017ceby u\u017cywa\u0107 pami\u0119ci historycznej jako waluty w jakichkolwiek politycznych transakcjach&#8221; &#8211; m\u00f3wi\u0142 podczas demonstracji pod Sejmem Grzegorz Braun.<\/strong><\/p><p>Grzegorz Braun <span style=\"text-decoration: underline;\"><a href=\"http:\/\/www.kresy.pl\/wydarzenia,spoleczenstwo?zobacz\/zadamy-prawdy-o-ludobojstwie-na-kresach-protest-pod-sejmem-video-foto\">podczas wyst\u0105pienia pod Sejmem<\/a><\/span> podkre\u015bla\u0142, \u017ce trzeba balansowa\u0107 w pewnej r\u00f3wnowadze. <strong><em>\u201eZ jednej strony nie wolno nam dopu\u015bci\u0107, \u017ceby nam zagranica po raz kolejny meblowa\u0142a parlament i zmienia\u0142a rz\u0105d. \u0179eby pod za\u0142ganymi has\u0142ami nast\u0105pi\u0142a interwencja zewn\u0119trzna na polskiej scenie politycznej. Ale z drugiej strony, nie mo\u017cemy dopu\u015bci\u0107 do tego, \u017ceby ten nowy uk\u0142ad w\u0142adzy wyst\u0105pi\u0142 w charakterze \u017cyranta cudzych roszcze\u0144 i uroszcze\u0144 wobec Polak\u00f3w &#8211; na gruncie polityki historycznej, jak i jakiejkolwiek innej\u201d <\/em><\/strong>&#8211; powiedzia\u0142 by\u0142y kandydat na prezydenta. Zaznacza\u0142, \u017ce przedstawiciele polskich w\u0142adz przejmuj\u0105 k\u0142amliw\u0105 narracj\u0119 w sprawie pogromu kieleckiego, a ponadto pozostaje bierny wobec apeli o upami\u0119tnienie ofiar rzezi wo\u0142y\u0144skiej.<\/p><p><strong><em>\u201eNie mo\u017ce nikt z zewn\u0105trz Polakom dyktowa\u0107, jakie maj\u0105 by\u0107 granice ich \u017ca\u0142oby, jakie formy i jak\u0105 ostro\u015b\u0107 ma przybiera\u0107 pami\u0119\u0107 historyczna. Na to nie wolno nam si\u0119 zgodzi\u0107\u201d<\/em><\/strong> &#8211; podkre\u015bli\u0142.<\/p><p>Braun pochwali\u0142 tak\u017ce propozycj\u0119 wprowadzenia poj\u0119cia \u201ek\u0142amstwa wo\u0142y\u0144skiego\u201d. <strong><em>\u201eRachunki za zbrodni\u0119 wo\u0142y\u0144sk\u0105 nale\u017cy kierowa\u0107 nie tylko do Kijowa, ale tak\u017ce do Berlina, bo to by\u0142a jurysdykcja pa\u0144stwa niemieckiego, ale tak\u017ce do Moskwy, kt\u00f3ra patronowa\u0142a eskalacji bestialstwa na tzw. froncie wschodnim\u201d <\/em><\/strong>&#8211; m\u00f3wi\u0142 podczas swojego wyst\u0105pienia przed Sejmem dodaj\u0105c, \u017ce nale\u017cy d\u0105\u017cy\u0107 do ods\u0142onienia prawdy o sowieckich prowokacjach i dzia\u0142aniach pozorowanych.<\/p><p><strong><em>\u201eTrzeci adres, pod kt\u00f3ry nale\u017cy kierowa\u0107 rachunki to jest Londyn, kt\u00f3ry tradycyjnie do swojej racji stanu zalicza od setek lat podpalanie Europy \u015arodkowej\u201d<\/em><\/strong> &#8211; podkre\u015bla\u0142 Braun dodaj\u0105c, \u017ce dzi\u015b Brytyjczycy zbroj\u0105 Ukrai\u0144c\u00f3w.<\/p><p><strong><em>\u201eNie wolno nam dopu\u015bci\u0107 do tego, by\u015bmy zostali wkr\u0119ceni w jak\u0105\u015b sytuacj\u0119, kt\u00f3ra potem w r\u00f3\u017cnych telewizjach b\u0119dzie pokazywana, jak jakie\u015b doniesienia z Bo\u015bni, \u017ce ci dzicy ludzie w Europie \u015arodkowej nie mog\u0105 doj\u015b\u0107 do \u0142adu sami ze sob\u0105, wi\u0119c trzeba starszych i m\u0105drzejszych, \u017ceby nimi zarz\u0105dzili\u201d<\/em><\/strong> &#8211; podkre\u015bli\u0142 re\u017cyser. Wzywa\u0142 do upominania si\u0119 o prawd\u0119 ws. Wo\u0142ynia. <strong><em>\u201e\u0179adnemu polskiemu politykowi (\u2026) nikt nie da\u0142 prawa do tego, \u017ceby u\u017cywali pami\u0119ci historycznej jako waluty w jakichkolwiek politycznych transakcjach. Nie wolno tej pami\u0119ci wyprzedawa\u0107\u201d <\/em><\/strong>&#8211; zaznaczy\u0142.<\/p><p><strong><em>\u201eCzas sko\u0144czy\u0107 z tym, \u017ce polska w\u0142adza &#8211; prezydent, premier, wi\u0119kszo\u015b\u0107 parlamentarna &#8211; wyst\u0119puj\u0105 w charakterze guwernantek, kt\u00f3re narodowi polskiemu b\u0119d\u0105 wyznacza\u0142y granice tego, jak maj\u0105 wspomina\u0107, co maj\u0105 pami\u0119ta\u0107 i jak maj\u0105 celebrowa\u0107 t\u0119 pami\u0119\u0107\u201d<\/em><\/strong> &#8211; powiedzia\u0142 Braun.<\/p><p><iframe src=\"http:\/\/www.youtube.com\/embed\/VbINrPkT94M\" width=\"600\" height=\"420\" frameborder=\"0\" allowfullscreen=\"allowfullscreen\"><\/iframe><\/p><p>Youtube.com \/ Kresy.pl \u00a0<\/p><p class=\"zrodlo\">Za: <a href=\"http:\/\/www.kresy.pl\/wydarzenia,europa-zachodnia?zobacz\/braun-rachunki-za-wolyn-nalezy-kierowac-do-kijowa-a-takze-berlina-moskwy-i-londynu-video\">Kresy.pl (08 lipca 2016)<\/a><\/p><h4>\u00a0<\/h4><hr style=\"background-color: #000000; border-width: 0; color: #000000; height: 2px; line-height: 0; text-align: center; width: 100%;\" \/><h4>\u00a0<\/h4>","protected":false},"excerpt":{"rendered":"Miejscy radni Kijowa zdecydowali o uhonorowaniu przyw\u00f3dc\u00f3w ukrai\u0144skiego nacjonalizmu, odpowiedzialnych za nienawi\u015b\u0107 do Polak\u00f3w i rze\u017a wo\u0142y\u0144sk\u0105. Marnym pocieszeniem jest fakt, \u017ce ulice Stepana Bandery i Romana Szuchewycza zast\u0105pi\u0105 nazwy odwo\u0142uj\u0105ce si\u0119 do rosyjskiej lub sowieckiej dominacji nad Ukrain\u0105. Roman Szuchewycz by\u0142 naczelnym dow\u00f3dc\u0105 Ukrai\u0144skiej Powsta\u0144czej Armii, kt\u00f3ra w trakcie II Wojny \u015awiatowej i tu\u017c [&hellip;]","protected":false},"author":1,"featured_media":0,"comment_status":"closed","ping_status":"closed","sticky":false,"template":"","format":"standard","meta":{"_acf_changed":false,"_monsterinsights_skip_tracking":false,"_monsterinsights_sitenote_active":false,"_monsterinsights_sitenote_note":"","_monsterinsights_sitenote_category":0,"ngg_post_thumbnail":0,"footnotes":"","_wp_rev_ctl_limit":""},"categories":[6],"tags":[65,344,98,167,17],"acf":[],"_links":{"self":[{"href":"https:\/\/www.bibula.com\/index.php?rest_route=\/wp\/v2\/posts\/88377"}],"collection":[{"href":"https:\/\/www.bibula.com\/index.php?rest_route=\/wp\/v2\/posts"}],"about":[{"href":"https:\/\/www.bibula.com\/index.php?rest_route=\/wp\/v2\/types\/post"}],"author":[{"embeddable":true,"href":"https:\/\/www.bibula.com\/index.php?rest_route=\/wp\/v2\/users\/1"}],"replies":[{"embeddable":true,"href":"https:\/\/www.bibula.com\/index.php?rest_route=%2Fwp%2Fv2%2Fcomments&post=88377"}],"version-history":[{"count":0,"href":"https:\/\/www.bibula.com\/index.php?rest_route=\/wp\/v2\/posts\/88377\/revisions"}],"wp:attachment":[{"href":"https:\/\/www.bibula.com\/index.php?rest_route=%2Fwp%2Fv2%2Fmedia&parent=88377"}],"wp:term":[{"taxonomy":"category","embeddable":true,"href":"https:\/\/www.bibula.com\/index.php?rest_route=%2Fwp%2Fv2%2Fcategories&post=88377"},{"taxonomy":"post_tag","embeddable":true,"href":"https:\/\/www.bibula.com\/index.php?rest_route=%2Fwp%2Fv2%2Ftags&post=88377"}],"curies":[{"name":"wp","href":"https:\/\/api.w.org\/{rel}","templated":true}]}}