{"id":88360,"date":"2016-07-06T13:33:43","date_gmt":"2016-07-06T17:33:43","guid":{"rendered":"http:\/\/www.bibula.com\/?p=88360"},"modified":"2016-07-06T13:36:51","modified_gmt":"2016-07-06T17:36:51","slug":"ks-isakowicz-zaleski-marszalkowie-kuchcinski-i-karczewski-lekaja-sie-prawdy-o-ludobojstwie","status":"publish","type":"post","link":"https:\/\/www.bibula.com\/?p=88360","title":{"rendered":"Ks. Isakowicz-Zaleski: Marsza\u0142kowie Kuchci\u0144ski i Karczewski l\u0119kaj\u0105 si\u0119 prawdy o ludob\u00f3jstwie"},"content":{"rendered":"<p><strong>\u201eTakie zachowanie obu marsza\u0142k\u00f3w polskich izb parlamentarnych to nie tylko uleg\u0142o\u015b\u0107, ale i \u017cenada\u201d &#8211; pisze na stronach internetowych RMF24.pl ks. Tadeusz Isakowicz-Zaleski.<\/strong><\/p><p>\u201eWbrew ubieg\u0142orocznym obietnicom wyborczym, wbrew tak\u017ce niedawnym obietnicom danym \u015brodowiskom kresowym i\u00a0rodzinom ofiar ludob\u00f3jstwa, parlamentarzy\u015bci Prawa i\u00a0Sprawiedliwo\u015b\u0107 wycofuj\u0105 si\u0119 rakiem z\u00a0w\u0142asnego projektu uchwa\u0142y, w\u00a0kt\u00f3rej miano wreszcie powiedzie\u0107 prawd\u0119 o\u00a0ludob\u00f3jstwie Polak\u00f3w i\u00a0obywateli polskich innych narodowo\u015bci, pomordowanych w\u00a0latach 1939 &#8211; 1947 przez zbrodniarzy z\u00a0Organizacji Ukrai\u0144skich Nacjonalist\u00f3w, Ukrai\u0144skiej Powsta\u0144czej Armii i\u00a0SS Galizien\u201d &#8211; pisze duchowny.<\/p><p>\u201eCo gorsze, marsza\u0142ek Marek Kuchci\u0144ski, sympatyzuj\u0105cy od lat z\u00a0nacjonalistami ukrai\u0144skimi, po spotkaniu w\u00a0poprzedni\u0105 niedziel\u0119 z\u00a0przewodnicz\u0105cym parlamentu w\u00a0Kijowie Andrijem Parubijem, uleg\u0142 presji swego rozm\u00f3wcy i\u00a0zablokowa\u0142 mo\u017cliwo\u015b\u0107 przeprowadzenia przed szczytem NATO g\u0142osowania w\u00a0Sejmie nad wspomnian\u0105 uchwa\u0142\u0105\u201d &#8211; dodaje zaznaczaj\u0105c, \u017ce \u201ejest to jest jawn\u0105 uleg\u0142o\u015bci\u0105 wobec nacisk\u00f3w w\u0142adz obcego pa\u0144stwa. I\u00a0to w\u00a0chwili, gdy z\u00a0kieszeni polskiego podatnika do dziurawego bud\u017cetu wschodniego s\u0105siada, zarz\u0105dzanego przez oligarch\u00f3w i\u00a0skorumpowanych urz\u0119dnik\u00f3w, \u00a0p\u0142ynie coraz wi\u0119kszy strumie\u0144 pieni\u0119dzy\u201d. Podobnie post\u0119puje r\u00f3wnie\u017c marsza\u0142ek Senatu Stanis\u0142aw Karczewski, kt\u00f3ry w\u00a0jednym z\u00a0wywiad\u00f3w nawo\u0142ywa\u0142 do &#8222;obni\u017cenia poprzeczki&#8221; w\u00a0upominaniu si\u0119 o\u00a0uczczenia ofiar UPA.<\/p><p>\u201eTakie zachowanie obu marsza\u0142k\u00f3w polskich izb parlamentarnych to nie tylko uleg\u0142o\u015b\u0107, ale i\u00a0\u017cenada. Dodam te\u017c, \u017ce pan prezydent Andrzej Duda, jak i\u00a0wspomniany marsza\u0142ek Karczewski, w\u00a0og\u00f3le nie odpisali na listy (wys\u0142ane poczt\u0105 polecan\u0105) skierowane do nich przez organizator\u00f3w XXII \u015awiatowego Zjazdu Kresowian na Jasnej G\u00f3rze. Nie zareagowali te\u017c na pro\u015bby o\u00a0obj\u0119cie honorowego patronatu. I\u00a0to ma by\u0107 szacunek wobec ludzi starszych, zw\u0142aszcza wobec tych, kt\u00f3rzy na Kresach Wschodnich przelewali krew za wierno\u015b\u0107 Rzeczypospolitej?\u201d &#8211; pyta ks. Isakowicz-Zaleski. Przypomnia\u0142 r\u00f3wnie\u017c, \u017ce rodziny ofiar UPA oraz organizacje kresowe i\u00a0patriotyczne zapraszaj\u0105 na protest pod Sejmem w czwartek \u00a0o\u00a0godzinie 13.<\/p><p>Ks. Isakowicz &#8211; Zaleski ju\u017c wielokrotnie zwraca\u0142 uwag\u0119 na zachowanie Kuchci\u0144skiego i Karczewski, a tak\u017ce innych czo\u0142owych polityk\u00f3w PiS w kwestii upami\u0119tnienia ofiar ukrai\u0144skiego ludob\u00f3jstwa na Wo\u0142yniu i w Ma\u0142opolsce Wschodniej. W rozmowie z Kresami.pl powiedzia\u0142, \u017ce kwestia uchwa\u0142y ws. 11 lipca b\u0119dzie testem dla PiS, Jaros\u0142awa Kaczy\u0144skiego i Andrzeja Dudy.<\/p><p>&#8222;Jestem g\u0142\u0119boko rozczarowany, \u017ce wbrew wcze\u015bniejszym obietnicom, cz\u0119\u015b\u0107 cz\u0142onk\u00f3w i pos\u0142\u00f3w PiS, jak i niestety kancelaria prezydenta Dudy, nie chce jasno i wyra\u017anie powiedzie\u0107 prawdy o ludob\u00f3jstwie na Wo\u0142yniu. Co wi\u0119cej, wycofuje si\u0119 ze swoich obietnic i ulega presji ze strony Ukrainy. Dla tej partii sojusz polityczny z Ukrain\u0105 jest wa\u017cniejszy od prawdy historycznej\u201d &#8211; <span style=\"text-decoration: underline;\"><a href=\"http:\/\/www.kresy.pl\/publicystyka,wywiady?zobacz\/ks-isakowicz-zaleski-dla-kresowpl-11-lipca-bedzie-testem-dla-pis-kaczynskiego-i-dudy\">m\u00f3wi\u0142 w rozmowie z Kresami.pl ks. Tadeusz Isakowicz-Zaleski<\/a><\/span>.<\/p><p><strong>Przeczytaj tak\u017ce:<\/strong><\/p><ul><li><a href=\"http:\/\/www.kresy.pl\/wydarzenia,polityka?zobacz\/uchwala-ws-11-lipca-znika-z-porzadku-obrad-sejmu-pis-boi-sie-naciskow-ukrainy-usa-lub-sorosa\">Uchwa\u0142a ws. 11 lipca znika z porz\u0105dku obrad Sejmu. \u201ePiS boi si\u0119 nacisk\u00f3w Ukrainy, USA lub Sorosa?\u201d<\/a><\/li><li><a href=\"http:\/\/www.kresy.pl\/wydarzenia,polityka?zobacz\/sellin-wazniejsze-niz-upamietnienie-wolynia-jest-pomaganie-ukrainie\">Sellin: wa\u017cniejsze ni\u017c upami\u0119tnienie Wo\u0142ynia jest pomaganie Ukrainie<\/a><\/li><li><a href=\"http:\/\/www.kresy.pl\/wydarzenia,polityka?zobacz\/winnicki-pis-kolaboruje-z-banderyzmem\">Winnicki: PiS kolaboruje z banderyzmem [+VIDEO]<\/a><\/li><\/ul><p><a href=\"http:\/\/www.rmf24.pl\/tylko-w-rmf24\/isakowicz-zaleski\/blogi\/news-marszalkowie-kuchcinski-i-karczewski-lekaja-sie-prawdy-o-lud,nId,2231031\">Rmf24.pl<\/a> \/ Kresy.pl<\/p><p class=\"zrodlo\">Za: <a href=\"http:\/\/www.kresy.pl\/wydarzenia,polityka?zobacz\/ks-isakowicz-zaleski-marszalkowie-kuchcinski-i-karczewski-lekaja-sie-prawdy-o-ludobojstwie-\">Kresy.pl (06 lipca 2016)<\/a><\/p><h4>\u00a0<\/h4><hr style=\"background-color: #000000; border-width: 0; color: #000000; height: 2px; line-height: 0; text-align: center; width: 100%;\" \/><h4>\u00a0<\/h4><h2>Sellin: wa\u017cniejsze ni\u017c upami\u0119tnienie Wo\u0142ynia jest pomaganie Ukrainie<\/h2><p><strong>Wiceminister Kultury i Dziedzictwa Narodowego Jaros\u0142aw Sellin w Sejmie poinformowa\u0142 otwarcie, \u017ce wiod\u0105cym projektem rz\u0105dowym b\u0119dzie ustawa dotycz\u0105ca 17 wrze\u015bnia, a nie 11 lipca. Jak stwierdzi\u0142, wa\u017cniejsze ni\u017c upami\u0119tnianie ofiar Wo\u0142ynia jest pomaganie Ukrainie, a Polska powinna akcentowa\u0107, \u017ce do ludob\u00f3jstwa doprowadzili Sowieci.<\/strong><\/p><p>Wed\u0142ug Sellina, zarzuty pod adresem PiS, kt\u00f3re formu\u0142owa\u0142 pose\u0142 Wojciech Bakun {Kukiz\u201915), s\u0105 niesprawiedliwe.<em> \u201eTrzy lata temu w okr\u0105g\u0142a 70. rocznic\u0119 Wo\u0142ynia, \u00a0PiS upomina\u0142o si\u0119 o sformu\u0142owanie ludob\u00f3jstwo<\/em>\u201d &#8211; twierdzi\u0142 polityk.<\/p><p><em>\u201eUwa\u017camy, \u017ce to by\u0142o ludob\u00f3jstwo. Takie sformu\u0142owania nasi przyjaciele z Ukrainy musz\u0105 pr\u0119dzej czy p\u00f3\u017aniej uzna\u0107, jak r\u00f3wnie\u017c to, \u017ce nie mo\u017cna na tym budowa\u0107 pa\u0144stwowo\u015bci ukrai\u0144skiej\u201d<\/em> &#8211; m\u00f3wi\u0142.<\/p><ul><li>ZOBACZ TAK\u0179E: <a href=\"http:\/\/www.kresy.pl\/publicystyka,analizy?zobacz\/jak-prawo-i-sprawiedliwosc-oszukalo-i-zdradzilo-kresowian\">Jak Prawo i Sprawiedliwo\u015b\u0107 oszuka\u0142o i zdradzi\u0142o Kresowian<\/a><\/li><\/ul><p>Sellin zaznaczy\u0142 jednak, \u017ce wa\u017cniejsze jest pomaganie Ukrainie w obliczu konfliktu na wschodzie tego kraju. <strong><em>\u201e<a href=\"http:\/\/www.kresy.pl\/publicystyka,wywiady?zobacz\/ks-isakowicz-zaleski-dla-kresowpl-11-lipca-bedzie-testem-dla-pis-kaczynskiego-i-dudy\">Wiarygodno\u015b\u0107 PiS polega te\u017c na tym<\/a>, \u017ce niezale\u017cnie od Wo\u0142ynia uwa\u017camy, \u017ce w dzisiejszej sytuacji trzeba pa\u0144stwu ukrai\u0144skiemu pom\u00f3c przetrwa\u0107 jako niepodleg\u0142emu pa\u0144stwu i obroni\u0107 je przed agresj\u0105\u201d<\/em><\/strong> &#8211; m\u00f3wi\u0142 wiceminister. Jego zdaniem, niczego sobie nie wyja\u015bnimy, je\u017celi niepodleg\u0142e pa\u0144stwo ukrai\u0144skie nie przetrwa.<strong><em> \u201eZ kim mamy dialogowa\u0107, je\u015bli nie przetrwa pa\u0144stwo ukrai\u0144skie?\u201d<\/em><\/strong> &#8211; pyta\u0142 z m\u00f3wnicy sejmowej.<\/p><ul><li>ZOBACZ TAK\u0179E: <a href=\"http:\/\/www.kresy.pl\/publicystyka,opinie?zobacz\/czy-pis-definitywnie-odetnie-sie-od-kresowian\">Czy PiS definitywnie odetnie si\u0119 od Kresowian<\/a><\/li><\/ul><p>Selin przyzna\u0142 r\u00f3wnie\u017c, \u017ce oficjalnym stanowiskiem rz\u0105du nie b\u0119dzie \u015bwi\u0119to 11 lipca, ale Dzie\u0144 Pami\u0119ci M\u0119cze\u0144stwa Kresowian, proponuj\u0105c jego dat\u0119 na 17 wrze\u015bnia. Jak argumentowa\u0142, wa\u017cniejsze jest wskazanie, \u017ce za rze\u017a wo\u0142y\u0144sk\u0105 odpowiadaj\u0105 dzia\u0142ania i polityka sowiet\u00f3w. <strong><em>\u201eNie by\u0142oby tego wszystkiego, gdyby pa\u0144stwa polskiego nie zlikwidowali sowieci i Niemcy\u201d<\/em><\/strong> &#8211; m\u00f3wi\u0142 Sellin.\u00a0 <strong><em>\u201eUznali\u015bmy, \u017ce jeszcze lepsz\u0105 dat\u0105 jest 17 wrze\u015bnia<\/em><\/strong>\u201d &#8211; m\u00f3wi\u0142 polityk PiS.<\/p><ul><li>ZOBACZ TAK\u0179E: <a href=\"http:\/\/www.kresy.pl\/publicystyka,opinie?zobacz\/jesli-banderowcy-na-ukrainie-to-margines-to-skad-problemy-z-uchwala-wolynska\">Je\u015bli banderowcy na Ukrainie to margines, to sk\u0105d problemy z uchwa\u0142\u0105 wo\u0142y\u0144sk\u0105?<\/a><\/li><\/ul><p><strong><em>\u201eG\u0142\u00f3wne stanowisko pa\u0144stwa polskiego w kwestii tego, kto jest winny, powinno by\u0107 skoncentrowane na sowietach (\u2026) nie koncentrujmy si\u0119 na winach Ukrai\u0144c\u00f3w, wskazujmy g\u0142\u00f3wnie na win\u0119 bolszewik\u00f3w i sowiet\u00f3w.(\u2026) Palcem powinno wskazywa\u0107 si\u0119 g\u0142\u00f3wnego winowajc\u0119, czyli pa\u0144stwo sowiet\u00f3w\u201d <\/em><\/strong>&#8211; twierdzi\u0142 Sellin.<\/p><ul><li>ZOBACZ TAK\u0179E: <a href=\"http:\/\/www.kresy.pl\/publicystyka,opinie?zobacz\/jesli-ukraina-chce-sie-spierac-o-wolyn-to-tym-gorzej-dla-ukrainy\">Je\u015bli Ukraina chce si\u0119 spiera\u0107 o Wo\u0142y\u0144, to tym gorzej dla Ukrainy<\/a><\/li><li>ZOBACZ NA \u0179YWO: <a href=\"http:\/\/www.kresy.pl\/wydarzenia,polityka?zobacz\/transmisja-na-zywo-z-wystapienia-poslow-kukiz15-ws-upamietnienia-ofiar-rzezi-wolynskiej\">Transmisja na \u017cywo z wyst\u0105pienia pos\u0142\u00f3w Kukiz\u201915 ws. upami\u0119tnienia ofiar rzezi wo\u0142y\u0144skiej<\/a><\/li><\/ul><p>KRESY.PL<\/p><p class=\"zrodlo\">Za: <a href=\"http:\/\/www.kresy.pl\/wydarzenia,polityka?zobacz\/sellin-wazniejsze-niz-upamietnienie-wolynia-jest-pomaganie-ukrainie\">Kresy.pl (06 lipca 2016)<\/a><\/p><h4>\u00a0<\/h4><hr style=\"background-color: #000000; border-width: 0; color: #000000; height: 2px; line-height: 0; text-align: center; width: 100%;\" \/><h4>\u00a0<\/h4><h2>Ks. Tadeusz Isakowicz-Zaleski w \u201eRzeczpospolitej\u201d: Wo\u0142y\u0144ski test na prawd\u0119<\/h2><p>\u201eTo ogromny test dla Jaros\u0142awa Kaczy\u0144skiego. Lider PiS wraz z Andrzejem Dud\u0105 w kampanii obiecywali, \u017ce \u015bwiat us\u0142yszy prawd\u0119 o ludob\u00f3jstwie na Wo\u0142yniu. (\u2026) Je\u015bli si\u0119 nie uda, to b\u0119dzie kompromitacja Kaczy\u0144skiego\u201d &#8211; m\u00f3wi w rozmowie z dziennikiem \u201eRzeczpospolita\u201d ks. Tadeusz Isakowicz-Zaleski.<\/p><p>Wed\u0142ug ksi\u0119dza Tadeusza Isakowicza-Zaleskiego, najbli\u017cszy prawdzie jest projekt Kukiz&#8217;15, dotycz\u0105cy upami\u0119tnienia ofiar ludob\u00f3jstwa dokonanego na Polakach przez OUN-UPA. <strong><em>\u201eNiemniej jednak w \u015brodowiskach kresowych s\u0105 r\u00f3\u017cne opinie. Natomiast wszystkie \u015brodowiska wsp\u00f3lnie 7 lipca o godzinie 13 organizuj\u0105 demonstracj\u0119 przed Sejmem, by domaga\u0107 si\u0119, \u017ceby to nie by\u0142a uchwa\u0142a, tylko ustawa\u201d <\/em><\/strong>&#8211; <a href=\"http:\/\/www.rp.pl\/Polityka\/307049873-Ks-Tadeusz-Isakowicz-Zaleski-Wolynski-test-na-prawde.html#ap-2\">powiedzial w rozmowie z Rzeczpospolit\u0105.<\/a><\/p><ul><li>PRZECZYTAJ: <a href=\"http:\/\/www.kresy.pl\/publicystyka,wywiady?zobacz\/ks-isakowicz-zaleski-dla-kresowpl-11-lipca-bedzie-testem-dla-pis-kaczynskiego-i-dudy\">Ks. Isakowicz-Zaleski dla Kres\u00f3w.pl: 11 lipca b\u0119dzie testem dla PiS, Kaczy\u0144skiego i Dudy<\/a><\/li><\/ul><p>Duchowny wskaza\u0142, \u017ce za brak przyj\u0119cia do tej pory \u017cadnej z ustaw czy uchwal dot. upami\u0119tnienie ludob\u00f3jstwa na Wo\u0142yniu i w Ma\u0142opolsce Wschodniej odpowiadaj\u0105 czo\u0142owi politycy PiS. \u201e<strong><em>Marsza\u0142ek Sejmu <a href=\"https:\/\/www.google.pl\/url?sa=t&amp;rct=j&amp;q=&amp;esrc=s&amp;source=web&amp;cd=1&amp;cad=rja&amp;uact=8&amp;ved=0ahUKEwiW9sz6qN3NAhWBNpoKHbooB_kQFggdMAA&amp;url=http%3A%2F%2Fwww.kresy.pl%2Fwydarzenia%2Cpolityka%3Fzobacz%2Fparubij-mamy-porozumienie-z-pis-ze-przed-szczytem-nato-nie-bedzie-uchwaly-w-sprawie-11-lipca&amp;usg=AFQjCNEZaxyWEDT3Fd4J2Jk8i0K0IyWfug&amp;sig2=C26zwoG3Zen-J--wcClIPQ\">Marek Kuchci\u0144ski spotka\u0142 si\u0119 w Truskawcu z szefem parlamentu ukrai\u0144skiego Andrijem Parubijem<\/a> oraz synem dow\u00f3dcy UPA Jurijem Szuchewyczem i tam ustalono, \u017ce przed szczytem NATO ustawa nie b\u0119dzie g\u0142osowana. Oburzenie wywo\u0142a\u0142 fakt, \u017ce marsza\u0142ek Kuchci\u0144ski z synem banderowca ustala kalendarz polskiego Sejmu\u201d <\/em><\/strong>&#8211; przypomnia\u0142 dodaj\u0105c, \u017ce pierwotnie ustawa PiS ws. 11 lipca mia\u0142a by\u0107 g\u0142osowana ju\u017c ponad tydzie\u0144 temu. Ks. Isakowicz-Zaleski zapowiada, \u017ce je\u015bli nie dojdzie do przyj\u0119cia ani uchwa\u0142y, ani ustawy, <em>\u201eto b\u0119d\u0105 protesty\u201d.<\/em><\/p><p><strong><em>\u201eTo ogromny test dla Jaros\u0142awa Kaczy\u0144skiego. Lider PiS wraz z Andrzejem Dud\u0105 w kampanii obiecywali, \u017ce \u015bwiat us\u0142yszy prawd\u0119 o ludob\u00f3jstwie na Wo\u0142yniu. Znam wypowiedzi Kaczy\u0144skiego i Dudy, zw\u0142aszcza mi\u0119dzy pierwsz\u0105 a drug\u0105 tur\u0105 wybor\u00f3w, kiedy wyra\u017anie do tej sprawy nawi\u0105zywano. Je\u015bli si\u0119 nie uda, to b\u0119dzie kompromitacja Kaczy\u0144skiego\u201d<\/em><\/strong> &#8211; powiedzia\u0142 duchowny. Zaznaczy\u0142 r\u00f3wnie\u017c, \u017ce prezydent Duda zapewnia\u0142, ze powie prawd\u0119 o ludob\u00f3jstwie, jednak podczas swojej grudniowej wizyty w Kijowie<em> \u201eani jednym s\u0142owem nie zaj\u0105kn\u0105\u0142 si\u0119 na ten temat\u201d.<\/em><\/p><p><strong><em>\u201eS\u0105 przygotowywane r\u00f3\u017cne wydarzenia rocznicowe w sprawie Wo\u0142ynia, w Warszawie i innych miejscach, i prezydent nie przyj\u0105\u0142 patronatu. Obaj panowie zaczynaj\u0105 si\u0119 wycofywa\u0107. Ale to jest ju\u017c ich problem. Problem ich wiarygodno\u015bci\u201d<\/em><\/strong> &#8211; m\u00f3wi ks. Isakowicz -Zaleski.<\/p><p><strong><em>\u201eTo skandal, \u017ceby polski Sejm podporz\u0105dkowywa\u0142 si\u0119 decyzji Kijowa. 11 lipca zobaczymy, jak si\u0119 zachowa pan prezes, pani premier, cz\u0142onkowie PiS i prezydent\u201d<\/em><\/strong>&#8211; dodaje.<\/p><ul><li>Przeczytaj: <a href=\"http:\/\/www.kresy.pl\/wydarzenia,polityka?zobacz\/7-lipca-pod-sejmem-zbierze-sie-protest-zadajacych-uchwaly-ws-ludobojstwa-na-wolyniu-video\">7 lipca pod Sejmem zbierze si\u0119 protest \u017c\u0105daj\u0105cych uchwa\u0142y ws. ludob\u00f3jstwa na Wo\u0142yniu [+VIDEO]<\/a><\/li><\/ul><p>Czytaj wi\u0119cej na <a href=\"http:\/\/www.rp.pl\/Polityka\/307049873-Ks-Tadeusz-Isakowicz-Zaleski-Wolynski-test-na-prawde.html#ap-2\">RP.pl.<\/a><\/p><p>Kresy.pl<\/p><p class=\"zrodlo\">Za: <a href=\"http:\/\/www.kresy.pl\/wydarzenia,spoleczenstwo?zobacz\/ks-tadeusz-isakowicz-zaleski-w-rzeczpospolitej-wolynski-test-na-prawde-\">Kresy.pl (06 lipca 2016)<\/a><\/p><h4>\u00a0<\/h4><hr style=\"background-color: #000000; border-width: 0; color: #000000; height: 2px; line-height: 0; text-align: center; width: 100%;\" \/><h4>\u00a0<\/h4>","protected":false},"excerpt":{"rendered":"\u201eTakie zachowanie obu marsza\u0142k\u00f3w polskich izb parlamentarnych to nie tylko uleg\u0142o\u015b\u0107, ale i \u017cenada\u201d &#8211; pisze na stronach internetowych RMF24.pl ks. Tadeusz Isakowicz-Zaleski.\u201eWbrew ubieg\u0142orocznym obietnicom wyborczym, wbrew tak\u017ce niedawnym obietnicom danym \u015brodowiskom kresowym i\u00a0rodzinom ofiar ludob\u00f3jstwa, parlamentarzy\u015bci Prawa i\u00a0Sprawiedliwo\u015b\u0107 wycofuj\u0105 si\u0119 rakiem z\u00a0w\u0142asnego projektu uchwa\u0142y, w\u00a0kt\u00f3rej miano wreszcie powiedzie\u0107 prawd\u0119 o\u00a0ludob\u00f3jstwie Polak\u00f3w i\u00a0obywateli polskich innych [&hellip;]","protected":false},"author":1,"featured_media":0,"comment_status":"closed","ping_status":"closed","sticky":false,"template":"","format":"standard","meta":{"_acf_changed":false,"_monsterinsights_skip_tracking":false,"_monsterinsights_sitenote_active":false,"_monsterinsights_sitenote_note":"","_monsterinsights_sitenote_category":0,"ngg_post_thumbnail":0,"footnotes":"","_wp_rev_ctl_limit":""},"categories":[8],"tags":[98,167,17],"acf":[],"_links":{"self":[{"href":"https:\/\/www.bibula.com\/index.php?rest_route=\/wp\/v2\/posts\/88360"}],"collection":[{"href":"https:\/\/www.bibula.com\/index.php?rest_route=\/wp\/v2\/posts"}],"about":[{"href":"https:\/\/www.bibula.com\/index.php?rest_route=\/wp\/v2\/types\/post"}],"author":[{"embeddable":true,"href":"https:\/\/www.bibula.com\/index.php?rest_route=\/wp\/v2\/users\/1"}],"replies":[{"embeddable":true,"href":"https:\/\/www.bibula.com\/index.php?rest_route=%2Fwp%2Fv2%2Fcomments&post=88360"}],"version-history":[{"count":0,"href":"https:\/\/www.bibula.com\/index.php?rest_route=\/wp\/v2\/posts\/88360\/revisions"}],"wp:attachment":[{"href":"https:\/\/www.bibula.com\/index.php?rest_route=%2Fwp%2Fv2%2Fmedia&parent=88360"}],"wp:term":[{"taxonomy":"category","embeddable":true,"href":"https:\/\/www.bibula.com\/index.php?rest_route=%2Fwp%2Fv2%2Fcategories&post=88360"},{"taxonomy":"post_tag","embeddable":true,"href":"https:\/\/www.bibula.com\/index.php?rest_route=%2Fwp%2Fv2%2Ftags&post=88360"}],"curies":[{"name":"wp","href":"https:\/\/api.w.org\/{rel}","templated":true}]}}