{"id":88313,"date":"2016-07-01T10:56:12","date_gmt":"2016-07-01T14:56:12","guid":{"rendered":"http:\/\/www.bibula.com\/?p=88313"},"modified":"2016-07-01T10:56:12","modified_gmt":"2016-07-01T14:56:12","slug":"facebook-usuwa-strone-marszu-niepodleglosci-za-rasistowskie-zdjecie-polskich-pilkarzy","status":"publish","type":"post","link":"https:\/\/www.bibula.com\/?p=88313","title":{"rendered":"Facebook usuwa stron\u0119 Marszu Niepodleg\u0142o\u015bci &#8211; za \u201erasistowskie&#8221; zdj\u0119cie polskich pi\u0142karzy"},"content":{"rendered":"<p><strong>Posiadaj\u0105ca ponad 260 tysi\u0119cy fan\u00f3w strona Marszu Niepodleg\u0142o\u015bci na Facebooku zosta\u0142a usuni\u0119ta za rzekomo rasistowsk\u0105 tre\u015b\u0107. Co tym razem wzburzy\u0142o administracj\u0119 spo\u0142eczno\u015bciowego monopolisty, \u017ce postanowiono ukara\u0107 w tak dobitny spos\u00f3b \u015brodowisko polskich narodowc\u00f3w i patriot\u00f3w? Zdj\u0119cie polskiej reprezentacji w garniturach z napisem &#8222;All different. All white&#8221; (wszyscy r\u00f3\u017cni, wszyscy biali).<\/strong><\/p><p><img fetchpriority=\"high\" decoding=\"async\" class=\"aligncenter\" src=\"http:\/\/www.pch24.pl\/images\/min_mid_big\/mid_44291.jpg\" alt=\"Facebook usuwa stron\u0119 Marszu Niepodleg\u0142o\u015bci - za \u201erasistowskie\u201d zdj\u0119cie polskich pi\u0142karzy\" width=\"594\" height=\"351\" \/><\/p><div class=\"podpisfoto\" style=\"text-align: center;\"><em>Ilustracja, kt\u00f3ra sta\u0142a si\u0119 przedmiotem nagonki na Marsz Niepodleg\u0142o\u015bc<\/em>i<\/div><p>Strona znikn\u0119\u0142a poniedzia\u0142ku na wtorek, ale pocz\u0105tkowo w zwi\u0105zku z tym nie pojawi\u0142 si\u0119 \u017cadny komunikat. Po czasie okaza\u0142o si\u0119, i\u017c do kontroli tre\u015bci na portalu spo\u0142eczno\u015bciowym Marka Zuckerberga po raz kolejny zaprz\u0119gni\u0119to polityczn\u0105 poprawno\u015b\u0107. Skupiaj\u0105cy ponad \u0107wier\u0107 miliona fan\u00f3w fanpage Marszu Niepodleg\u0142o\u015bci zosta\u0142 usuni\u0119ty z Facebooka.<\/p><p>Przypomnijmy, i\u017c administratorzy rozpatruj\u0105cy zg\u0142oszenia dotycz\u0105ce tre\u015bci niepo\u017c\u0105danych na Facebooku ka\u017cdorazowo maj\u0105 do dyspozycji palet\u0119 \u015brodk\u00f3w zaradczych &#8211; mog\u0105 napomnie\u0107 prowadz\u0105cych stron\u0119, mog\u0105 czasowo zbanowa\u0107 ich konta &#8211; co kilkukrotnie mia\u0142o miejsce m.in. w przypadku redaktor\u00f3w naszego portalu &#8211; a tak\u017ce, jako ostateczne i najbardziej dotkliwe rozwi\u0105zanie, mog\u0105 usun\u0105\u0107 stron\u0119 z serwisu. T\u0119 ostatni\u0105 sankcj\u0119 zastosowano wobec popularnego profilu, skupiaj\u0105cego uczestnik\u00f3w i sympatyk\u00f3w corocznego \u015awi\u0119ta Niepodleg\u0142o\u015bci w Warszawie.<\/p><p>Ch\u00f3r poparcia dla decyzji administrator\u00f3w Facebooka zainicjowa\u0142a ju\u017c &#8222;Gazeta Wyborcza&#8221;, informuj\u0105c, i\u017c M\u0142odzie\u017c Wszechpolska &#8222;zestawi\u0142a polskich pi\u0142karzy z rasistowskim has\u0142em <em>Wszyscy biali<\/em>&#8222;. Oczywi\u015bcie, mo\u017cna powa\u017cnie pow\u0105tpiewa\u0107 w to, czy organ prasowy z ul. Czerskiej w Warszawie, jak te\u017c i facebookowi autorzy wyrzucenia z serwisu Marszu Niepodleg\u0142o\u015bci r\u00f3wnie pieczo\u0142owicie tropiliby i pi\u0119tnowali analogiczne has\u0142a, prezentowane przez kogo\u015b, kto np. zestawi\u0142by jedenastk\u0119 pi\u0142karzy Senegalu z has\u0142em\u00a0<em>Wszyscy czarni.<\/em><\/p><p>Kolejne knebluj\u0105ce wolno\u015b\u0107 s\u0142owa posuni\u0119cia w\u0142odarzy Facebooka stawiaj\u0105 pod znakiem zapytania perspektywy rozwojowe koncernu Zuckerberga. Tym razem poszkodowano ju\u017c bardzo liczn\u0105 spo\u0142eczno\u015b\u0107, kt\u00f3rej cz\u0142onkowie zapewne przemy\u015bl\u0105 dalsze korzystanie z Facebooka. Podobne dzia\u0142ania i reakcja spo\u0142eczna w Stanach Zjednoczonych sk\u0142oni\u0142y szefostwo portalu do reorientacji polityki administracyjnej wobec prawicowych organizacji i medi\u00f3w &#8211; o tej sprawie pisali\u015bmy ju\u017c na PCh24.pl w artykule <a href=\"http:\/\/www.pch24.pl\/ustala-ktore-wpisy-sa-nienawistne--giganci-komputerowi-dogadali-sie-z-eurokratami,43654,i.html\"><span style=\"text-decoration: underline;\"><strong>Ustal\u0105 kt\u00f3re wpisy s\u0105 \u201enienawistne\u201d. Giganci komputerowi dogadali si\u0119 z eurokratami<\/strong><\/span>.<\/a>\u00a0Czy do analogicznych wniosk\u00f3w dojd\u0105 w Europie?<\/p><p>\u0179r\u00f3d\u0142o: Facebook, Gazeta.pl<br \/> Tom<\/p>","protected":false},"excerpt":{"rendered":"Posiadaj\u0105ca ponad 260 tysi\u0119cy fan\u00f3w strona Marszu Niepodleg\u0142o\u015bci na Facebooku zosta\u0142a usuni\u0119ta za rzekomo rasistowsk\u0105 tre\u015b\u0107. Co tym razem wzburzy\u0142o administracj\u0119 spo\u0142eczno\u015bciowego monopolisty, \u017ce postanowiono ukara\u0107 w tak dobitny spos\u00f3b \u015brodowisko polskich narodowc\u00f3w i patriot\u00f3w? Zdj\u0119cie polskiej reprezentacji w garniturach z napisem &#8222;All different. All white&#8221; (wszyscy r\u00f3\u017cni, wszyscy biali).Ilustracja, kt\u00f3ra sta\u0142a si\u0119 przedmiotem nagonki [&hellip;]","protected":false},"author":1,"featured_media":0,"comment_status":"closed","ping_status":"closed","sticky":false,"template":"","format":"standard","meta":{"_acf_changed":false,"_monsterinsights_skip_tracking":false,"ngg_post_thumbnail":0,"footnotes":"","_wp_rev_ctl_limit":""},"categories":[12],"tags":[16,155,98,31,213],"acf":[],"_links":{"self":[{"href":"https:\/\/www.bibula.com\/index.php?rest_route=\/wp\/v2\/posts\/88313"}],"collection":[{"href":"https:\/\/www.bibula.com\/index.php?rest_route=\/wp\/v2\/posts"}],"about":[{"href":"https:\/\/www.bibula.com\/index.php?rest_route=\/wp\/v2\/types\/post"}],"author":[{"embeddable":true,"href":"https:\/\/www.bibula.com\/index.php?rest_route=\/wp\/v2\/users\/1"}],"replies":[{"embeddable":true,"href":"https:\/\/www.bibula.com\/index.php?rest_route=%2Fwp%2Fv2%2Fcomments&post=88313"}],"version-history":[{"count":0,"href":"https:\/\/www.bibula.com\/index.php?rest_route=\/wp\/v2\/posts\/88313\/revisions"}],"wp:attachment":[{"href":"https:\/\/www.bibula.com\/index.php?rest_route=%2Fwp%2Fv2%2Fmedia&parent=88313"}],"wp:term":[{"taxonomy":"category","embeddable":true,"href":"https:\/\/www.bibula.com\/index.php?rest_route=%2Fwp%2Fv2%2Fcategories&post=88313"},{"taxonomy":"post_tag","embeddable":true,"href":"https:\/\/www.bibula.com\/index.php?rest_route=%2Fwp%2Fv2%2Ftags&post=88313"}],"curies":[{"name":"wp","href":"https:\/\/api.w.org\/{rel}","templated":true}]}}