{"id":88290,"date":"2016-06-30T10:30:58","date_gmt":"2016-06-30T14:30:58","guid":{"rendered":"http:\/\/www.bibula.com\/?p=88290"},"modified":"2016-06-30T10:30:58","modified_gmt":"2016-06-30T14:30:58","slug":"ksiadz-isakowicz-zaleski-wzywa-do-protestu-przeciw-polityce-historycznej-pis","status":"publish","type":"post","link":"https:\/\/www.bibula.com\/?p=88290","title":{"rendered":"Ksi\u0105dz Isakowicz-Zaleski wzywa do protestu przeciw polityce historycznej PiS"},"content":{"rendered":"<p><strong>Jak twierdzi kap\u0142an w sprawie upami\u0119tnienia ludob\u00f3jstwa dokonanego przez OUN-UPA partia rz\u0105dz\u0105ca ulega presji Ukrai\u0144c\u00f3w.<\/strong><\/p><p>W swoim artykule opublikowanym na portalu Onet.pl ksi\u0105dz Tadeusz Isakowicz-Zaleski przypomina, \u017ce\u00a0W&#8221;brew wcze\u015bniejszym zapewnieniom g\u0142osowanie nad uchwa\u0142\u0105 o oddaniu czci obywatelom Drugiej Rzeczypospolitej,\u00a0 pomordowanym w czasie banderowskiego ludob\u00f3jstwa na Kresach Wschodnich,\u00a0 zn\u00f3w zosta\u0142o\u00a0 przesuni\u0119te przez w\u0142adze PiS&#8221;. Krytykuje fakt, \u017ce &#8222;Opini\u0119 publiczn\u0105\u00a0 poinformowa\u0142y o tym jednak nie w\u0142adze partii czy Sejmu RP,\u00a0 ale &#8211; co jest bardzo szokuj\u0105ce &#8211; w\u0142adze Ukrainy&#8221;. Za bezpo\u015brednio winnego uwa\u017ca marsza\u0142ka Sejmu Marka Kuchci\u0144skiego, kt\u00f3ry konferowa\u0142 ze swoim ukrai\u0144skim odpowiednikiem w Truskawcu na Ukrainie. &#8222;Czy\u017cby pan Kuchci\u0144ski, kt\u00f3ry jest pos\u0142em PiS z Przemy\u015bla i kt\u00f3ry podczas kampanii wyborczej zapowiada\u0142 trosk\u0119 o upami\u0119tnienie bohater\u00f3w,\u00a0 po\u015bwi\u0119ci\u0142 r\u00f3wnie\u017c i t\u0119 spraw\u0119 na &#8222;o\u0142tarzu&#8221; dobrych relacji z nacjonalistami ukrai\u0144skimi?&#8221; &#8211; pyta kap\u0142an od wielu lat zaanga\u017cowany w upami\u0119tnienie ofiar kresowego ludob\u00f3jstwa.<\/p><p>Polityk\u0119 historyczn\u0105 PiS w tej kwestii ocenia jednoznacznie &#8211; &#8222;Przesuni\u0119cie g\u0142osowania to kolejny cios wymierzony w rodziny ofiar OUN-UPA i SS Galizien, kt\u00f3re przez polskich sympatyk\u00f3w UPA i wsp\u00f3\u0142czesnych banderowc\u00f3w s\u0105 ustawicznie poni\u017cane i wyzywane\u00a0 od &#8222;agent\u00f3w&#8221; i &#8222;m\u015bcicieli&#8221;. Dlatego apeluje o udzia\u0142 w demonstracji \u015brodowisk kresowych pod Sejmem jaka odb\u0119dzie si\u0119 dnia 7 lipca o godzinie 13.<\/p><p>onet.pl\/kresy.pl<\/p><p class=\"zrodlo\">Za: <a href=\"http:\/\/www.kresy.pl\/wydarzenia,ukraina?zobacz\/ksiadz-isakowicz-zaleski-wzywa-do-protestu-przeciw-polityce-historyczne-pis\">Kresy.pl (2016-06-30)<\/a><\/p><h4>\u00a0<\/h4><hr style=\"background-color: #000000; border-width: 0; color: #000000; height: 2px; line-height: 0; text-align: center; width: 100%;\" \/><h4>\u00a0<\/h4><h2>Karczewski (PiS): je\u015bli chcemy rozmawia\u0107 o Wo\u0142yniu, to nie mo\u017cemy od razu stawia\u0107 warunk\u00f3w<\/h2><p><strong>\u201eObni\u017cy\u0142bym poprzeczk\u0119 od ks. Isakowicza-Zaleskiego. Je\u015bli chcemy rozmawia\u0107, to nie mo\u017cemy od razu stawia\u0107 warunk\u00f3w\u201d &#8211; stwierdzi\u0142 marsza\u0142ek Senatu Stanis\u0142aw Karczewski (PiS).<\/strong><\/p><p>Marsza\u0142ek Senatu odnosz\u0105c si\u0119 do kwestii ludob\u00f3jstwa na Wo\u0142yniu i Ma\u0142opolsce Wschodniej oraz rozm\u00f3w z Ukrain\u0105 na ten temat przyzna\u0142, \u017ce podczas rozm\u00f3w Polacy wci\u0105\u017c staraj\u0105 si\u0119 poruszy\u0107 ten temat, ale jest to trudne. Uwa\u017ca, \u017ce najwa\u017cniejsze to rozmawia\u0107.<\/p><p><strong><em>\u201eNie jestem za tym, aby rozdrapywa\u0107 rany, ale dokona\u0107 dobrych rozm\u00f3w, takich, kt\u00f3re pozwol\u0105 na tak\u0105 \u015bcis\u0142\u0105 integracj\u0119 i dobr\u0105 wsp\u00f3\u0142prac\u0119 mi\u0119dzy narodami. Obni\u017cy\u0142bym poprzeczk\u0119 od ks. Isakowicza-Zaleskiego. Je\u015bli chcemy rozmawia\u0107, to nie mo\u017cemy od razu stawia\u0107 warunk\u00f3w. Musimy mie\u0107 swoje warunki i musimy o nie dba\u0107, ale to s\u0105 warunki, do kt\u00f3rych musimy doj\u015b\u0107. Na pewno to s\u0105 trudne rozmowy, ale powinno do nich doj\u015b\u0107\u201d &#8211;<\/em><\/strong> stwierdzi\u0142 Karczewski.<\/p><p>Marsza\u0142ek Senatu odni\u00f3s\u0142 si\u0119 w rozmowie do zacie\u015bniania wsp\u00f3\u0142pracy polsko-chi\u0144skiej:<\/p><p><em>\u201eNie chcia\u0142bym m\u00f3wi\u0107 zbyt optymistycznie, poczekajmy. Jestem przekonany, \u017ce b\u0119dzie dobrze, \u017ce polscy rolnicy b\u0119d\u0105 mogli sprzeda\u0107 swoje produkty\u201d.<\/em><\/p><p>Odnosz\u0105c si\u0119 do Brexitu polityk PiS podkre\u015bla, \u017ce zdecydowana wi\u0119kszo\u015b\u0107 Polak\u00f3w chce, by Polska by\u0142a cz\u0142onkiem Unii Europejskiej. <em>\u201eW tej chwili 60 proc. Polak\u00f3w chce by\u0107 w UE. To wysoki wynik, ale i tak spadek, r\u00f3wnie\u017c musimy si\u0119 nad tym zastanawia\u0107\u201d <\/em>&#8211; stwierdzi\u0142.<\/p><p>Telewizjarepublika.pl \/ Kresy.pl<\/p><p class=\"zrodlo\">Za: <a href=\"http:\/\/www.kresy.pl\/wydarzenia,europa-zachodnia?zobacz\/karczewski-jesli-chcemy-rozmawiac-o-wolyniu-to-nie-mozemy-od-razu-stawiac-warunkow\">Kresy.pl (30 czerwca 2016)<\/a><\/p><h4>\u00a0<\/h4><hr style=\"background-color: #000000; border-width: 0; color: #000000; height: 2px; line-height: 0; text-align: center; width: 100%;\" \/><h4>\u00a0<\/h4><h2>Pi\u0142ka: Kuchci\u0144ski do dymisji po kompromituj\u0105cych negocjacjach z Ukrai\u0144cami ws. uchwa\u0142y wo\u0142y\u0144skiej<\/h2><p><strong>Wed\u0142ug Mariana Pi\u0142ki dopuszczenie do negocjacji syna organizatora ludob\u00f3jstwa wo\u0142y\u0144skiego Romana Szuchewycza &#8211; Jurija to drwina z pami\u0119ci pomordowanych.<\/strong><\/p><p>Negocjacje jakie prowadzi polski rz\u0105d ws. uchwa\u0142y dotycz\u0105cej uczczenia ofiar ludob\u00f3jstwa na Wo\u0142yniu s\u0105 zdaniem Mariana Pi\u0142ki kompromituj\u0105ce. Wed\u0142ug polityka upami\u0119tnienie pami\u0119ci pomordowanyc &#8222;<strong><em>nie mo\u017ce zale\u017ce\u0107 w jakikolwiek spos\u00f3b od pogl\u0105d\u00f3w i polityki pa\u0144stwa, kt\u00f3rego ludno\u015b\u0107 by\u0142a odpowiedzialna za ten bestialski mord<\/em><\/strong>&#8222;. Jak wyja\u015bnia Pi\u0142ka: &#8222;<strong><em>Nie ma ona bowiem najmniejszego prawa wsp\u00f3\u0142decydowa\u0107 o polskich dzia\u0142aniach. Tym bardziej \u017ce pa\u0144stwo to nigdy nie ukara\u0142o sprawc\u00f3w tej zbrodni<\/em><\/strong>&#8222;.<\/p><p>Wiceprzewodnicz\u0105cy Przymierza Prawicy zauwa\u017ca: &#8222;<strong><em>dzi\u015b jeste\u015bmy \u015bwiadkami gloryfikacji zbrodniczej formacji odpowiedzialnej za to ludob\u00f3jstwo. Za\u015b jej wodz\u00f3w ustanowiono bohaterami pa\u0144stwa ukrai\u0144skiego. Banderyzm staje si\u0119 fundamentem ukrai\u0144skiej to\u017csamo\u015bci narodowej. Oznacza to \u017ce ukrai\u0144ska to\u017csamo\u015b\u0107 jest kszta\u0142towana nie tylko na trwa\u0142ym konflikcie z Polsk\u0105 , ale przede wszystkim na zbrodni<\/em><\/strong>&#8222;.<\/p><p>Wed\u0142ug Mariana Pi\u0142ki banderyzm stanowi zagro\u017cenie dla bezpiecze\u0144stwa narodowego Polski, a nasz kraj nie mo\u017ce by\u0107 wobec niego oboj\u0119tny. To jest zagro\u017cenie w d\u0142u\u017cszej perspektywie czasowej dla naszego bezpiecze\u0144stwa narodowego. Uwa\u017ca, \u017ce Polska powinna domaga\u0107 si\u0119 od Ukrainy pot\u0119pienia ludob\u00f3jstwa, samej UPA oraz wszelkich pr\u00f3b jej apoteozy, a tak\u017ce ukarania wszyskich \u017cyj\u0105cych sprawc\u00f3w zbrodni. Wed\u0142ug polityka &#8222;<strong><em>to powinien by\u0107 zasadniczy i jedyny temat negocjacji pa\u0144stwa polskiego ze stron\u0105 ukrai\u0144sk\u0105<\/em><\/strong>&#8222;. Jakiekolwiek negocjacje na temat sposobu uhonorowania swoich zamodowanych Polak\u00f3w oraz kwestie pot\u0119pienia ich morderc\u00f3w nie powinny by\u0107 tematem rozm\u00f3w.<\/p><ul><li><strong>CZYTAJ WI\u0118CEJ: <a href=\"http:\/\/www.kresy.pl\/wydarzenia,polityka?zobacz\/parubij-mamy-porozumienie-z-pis-ze-przed-szczytem-nato-nie-bedzie-uchwaly-w-sprawie-11-lipca\">Parubij: Kuchci\u0144ski obieca\u0142 nam, \u017ce przed szczytem NATO nie b\u0119dzie uchwa\u0142y w sprawie 11 lipca<\/a><\/strong><\/li><\/ul><p>Pi\u0142ka uwa\u017ca, \u017ce dopuszczenie do negocjacji Jurija Szuchewycza, syna \u00a0Romana Szuchewycza, kt\u00f3ry by\u0142\u00a0organizatorem tego ludob\u00f3jstwa, jest niewybaczalne. Jak dodaje: &#8222;<em><strong>W ten spos\u00f3b marsza\u0142ek Kuchci\u0144ski dopu\u015bci\u0142, aby syn kata Polak\u00f3w wsp\u00f3\u0142decydowa\u0142 o tym jak Polacy maj\u0105 uczci\u0107 ofiary jego ojca. To jest kompromitacja nie tylko polityczna, po kt\u00f3rej Kuchci\u0144ski powinien zosta\u0107 zdymisjonowany, ale jest to przede wszystkim drwina z pami\u0119ci pomordowanych i kompromitacja moralna polskiego pa\u0144stwa<\/strong><\/em>&#8222;.<\/p><p>kresy.pl \/ wpolityce.pl<\/p><p class=\"zrodlo\">Za: <a href=\"http:\/\/www.kresy.pl\/wydarzenia,polityka?zobacz\/pilka-kuchcinski-do-dymisji-po-kompromitujacych-negocjacjach-z-ukraincami-ws-uchwaly-wolynskiej\">Kresy.pl (<span class=\"date\">30 czerwca 2016<\/span>)<\/a><\/p><h4>\u00a0<\/h4><hr style=\"background-color: #000000; border-width: 0; color: #000000; height: 2px; line-height: 0; text-align: center; width: 100%;\" \/><h4>\u00a0<\/h4>","protected":false},"excerpt":{"rendered":"Jak twierdzi kap\u0142an w sprawie upami\u0119tnienia ludob\u00f3jstwa dokonanego przez OUN-UPA partia rz\u0105dz\u0105ca ulega presji Ukrai\u0144c\u00f3w.W swoim artykule opublikowanym na portalu Onet.pl ksi\u0105dz Tadeusz Isakowicz-Zaleski przypomina, \u017ce\u00a0W&#8221;brew wcze\u015bniejszym zapewnieniom g\u0142osowanie nad uchwa\u0142\u0105 o oddaniu czci obywatelom Drugiej Rzeczypospolitej,\u00a0 pomordowanym w czasie banderowskiego ludob\u00f3jstwa na Kresach Wschodnich,\u00a0 zn\u00f3w zosta\u0142o\u00a0 przesuni\u0119te przez w\u0142adze PiS&#8221;. Krytykuje fakt, \u017ce &#8222;Opini\u0119 [&hellip;]","protected":false},"author":1,"featured_media":0,"comment_status":"closed","ping_status":"closed","sticky":false,"template":"","format":"standard","meta":{"_acf_changed":false,"_monsterinsights_skip_tracking":false,"_monsterinsights_sitenote_active":false,"_monsterinsights_sitenote_note":"","_monsterinsights_sitenote_category":0,"ngg_post_thumbnail":0,"footnotes":"","_wp_rev_ctl_limit":""},"categories":[8],"tags":[98,188,167,17],"acf":[],"_links":{"self":[{"href":"https:\/\/www.bibula.com\/index.php?rest_route=\/wp\/v2\/posts\/88290"}],"collection":[{"href":"https:\/\/www.bibula.com\/index.php?rest_route=\/wp\/v2\/posts"}],"about":[{"href":"https:\/\/www.bibula.com\/index.php?rest_route=\/wp\/v2\/types\/post"}],"author":[{"embeddable":true,"href":"https:\/\/www.bibula.com\/index.php?rest_route=\/wp\/v2\/users\/1"}],"replies":[{"embeddable":true,"href":"https:\/\/www.bibula.com\/index.php?rest_route=%2Fwp%2Fv2%2Fcomments&post=88290"}],"version-history":[{"count":0,"href":"https:\/\/www.bibula.com\/index.php?rest_route=\/wp\/v2\/posts\/88290\/revisions"}],"wp:attachment":[{"href":"https:\/\/www.bibula.com\/index.php?rest_route=%2Fwp%2Fv2%2Fmedia&parent=88290"}],"wp:term":[{"taxonomy":"category","embeddable":true,"href":"https:\/\/www.bibula.com\/index.php?rest_route=%2Fwp%2Fv2%2Fcategories&post=88290"},{"taxonomy":"post_tag","embeddable":true,"href":"https:\/\/www.bibula.com\/index.php?rest_route=%2Fwp%2Fv2%2Ftags&post=88290"}],"curies":[{"name":"wp","href":"https:\/\/api.w.org\/{rel}","templated":true}]}}