{"id":88274,"date":"2016-06-28T12:17:50","date_gmt":"2016-06-28T16:17:50","guid":{"rendered":"http:\/\/www.bibula.com\/?p=88274"},"modified":"2016-06-28T12:17:50","modified_gmt":"2016-06-28T16:17:50","slug":"krucyfiksy-wracaja-do-sadow-w-brazylijskim-stanie-rio-grande-do-sul","status":"publish","type":"post","link":"https:\/\/www.bibula.com\/?p=88274","title":{"rendered":"Krucyfiksy wracaj\u0105 do s\u0105d\u00f3w w brazylijskim stanie Rio Grande do Sul"},"content":{"rendered":"<p><strong>Brazylijska Krajowa Rada S\u0105downictwa (CNJ) wyda\u0142a decyzj\u0119 zezwalaj\u0105c\u0105 na umieszczanie krucyfiks\u00f3w i symboli religijnych na \u015bcianach sal s\u0105d\u00f3w w stanie Rio Grande do Sul, na po\u0142udniu kraju. Jak wyja\u015bni\u0142 w komunikacie Emmanoel Campelo, przedstawiciel CNJ, wizerunki krzy\u017ca s\u0105 powi\u0105zane zar\u00f3wno z kwesti\u0105 wyznania religijnego, jak i stanowi\u0105 element kulturowy.<\/strong><\/p><p>&#8211; <em>Krucyfiks jest symbolem, kt\u00f3ry reprezentuje jeden z filar\u00f3w cywilizacji zachodniej. Jego obecno\u015b\u0107 na sali w \u017cadnym stopniu nie narzuca przekona\u0144 obecnym na rozprawach wyznawcom innych religii, nie rani niczyich uczu\u0107, a tak\u017ce nie stoi w sprzeczno\u015bci z laicko\u015bci\u0105 pa\u0144stwa. Dlatego te\u017c nikt nie mo\u017ce nakaza\u0107 usuwania symboli religijnych z s\u0105d\u00f3w<\/em> &#8211; poinformowa\u0142 Emmanoel Campelo, przypominaj\u0105c, \u017ce brazylijska konstytucja odwo\u0142uje si\u0119 w swej inwokacji do Boga.<\/p><p>Krucyfiksy zacz\u0119\u0142y by\u0107 zdejmowane w s\u0105dach stanu Rio Grande do Sul po decyzji miejscowej Rady S\u0105downiczej z marca 2012 r. Do CNJ odwo\u0142a\u0142o si\u0119 od niej Katolickie Stowarzyszenie S\u0119dzi\u00f3w (AJC).<\/p><p>Werdykt Krajowej Rady S\u0105downiczej, na kt\u00f3rego og\u0142oszenie czekano ponad cztery lata, zosta\u0142 pozytywnie odebrany przez w\u0142adze ko\u015bcielne. Dadeus Grings, emerytowany arcybiskup Porto Alegre, wyrazi\u0142 zadowolenie, \u017ce decyzja w\u0105skiego gremium s\u0119dzi\u00f3w zosta\u0142a zakwestionowa\u0142a na krajowym szczeblu. &#8211; <em>Nie mo\u017ce by\u0107 tak, \u017ce mniejszo\u015b\u0107 uzurpuje sobie prawo do eliminowania z przestrzeni publicznej symbolu \u015bwi\u0119tego dla ogromnej cz\u0119\u015bci ludzko\u015bci. To nie jest demokratyczne zachowanie<\/em> &#8211; stwierdzi\u0142 arcybiskup Grings.<\/p><p>KAI<\/p><p>MW\u0142<\/p>","protected":false},"excerpt":{"rendered":"Brazylijska Krajowa Rada S\u0105downictwa (CNJ) wyda\u0142a decyzj\u0119 zezwalaj\u0105c\u0105 na umieszczanie krucyfiks\u00f3w i symboli religijnych na \u015bcianach sal s\u0105d\u00f3w w stanie Rio Grande do Sul, na po\u0142udniu kraju. Jak wyja\u015bni\u0142 w komunikacie Emmanoel Campelo, przedstawiciel CNJ, wizerunki krzy\u017ca s\u0105 powi\u0105zane zar\u00f3wno z kwesti\u0105 wyznania religijnego, jak i stanowi\u0105 element kulturowy.&#8211; Krucyfiks jest symbolem, kt\u00f3ry reprezentuje jeden [&hellip;]","protected":false},"author":1,"featured_media":0,"comment_status":"closed","ping_status":"closed","sticky":false,"template":"","format":"standard","meta":{"_acf_changed":false,"_monsterinsights_skip_tracking":false,"_monsterinsights_sitenote_active":false,"_monsterinsights_sitenote_note":"","_monsterinsights_sitenote_category":0,"ngg_post_thumbnail":0,"footnotes":"","_wp_rev_ctl_limit":""},"categories":[6],"tags":[248],"acf":[],"_links":{"self":[{"href":"https:\/\/www.bibula.com\/index.php?rest_route=\/wp\/v2\/posts\/88274"}],"collection":[{"href":"https:\/\/www.bibula.com\/index.php?rest_route=\/wp\/v2\/posts"}],"about":[{"href":"https:\/\/www.bibula.com\/index.php?rest_route=\/wp\/v2\/types\/post"}],"author":[{"embeddable":true,"href":"https:\/\/www.bibula.com\/index.php?rest_route=\/wp\/v2\/users\/1"}],"replies":[{"embeddable":true,"href":"https:\/\/www.bibula.com\/index.php?rest_route=%2Fwp%2Fv2%2Fcomments&post=88274"}],"version-history":[{"count":0,"href":"https:\/\/www.bibula.com\/index.php?rest_route=\/wp\/v2\/posts\/88274\/revisions"}],"wp:attachment":[{"href":"https:\/\/www.bibula.com\/index.php?rest_route=%2Fwp%2Fv2%2Fmedia&parent=88274"}],"wp:term":[{"taxonomy":"category","embeddable":true,"href":"https:\/\/www.bibula.com\/index.php?rest_route=%2Fwp%2Fv2%2Fcategories&post=88274"},{"taxonomy":"post_tag","embeddable":true,"href":"https:\/\/www.bibula.com\/index.php?rest_route=%2Fwp%2Fv2%2Ftags&post=88274"}],"curies":[{"name":"wp","href":"https:\/\/api.w.org\/{rel}","templated":true}]}}