{"id":88269,"date":"2016-06-28T11:58:13","date_gmt":"2016-06-28T15:58:13","guid":{"rendered":"http:\/\/www.bibula.com\/?p=88269"},"modified":"2016-06-28T11:58:13","modified_gmt":"2016-06-28T15:58:13","slug":"jaroslaw-kaczynski-panstwo-izrael-jest-przyczolkiem-naszej-kultury-w-tamtym-swiecie","status":"publish","type":"post","link":"https:\/\/www.bibula.com\/?p=88269","title":{"rendered":"Jaros\u0142aw Kaczy\u0144ski: pa\u0144stwo Izrael jest przycz\u00f3\u0142kiem naszej kultury w tamtym \u015bwiecie"},"content":{"rendered":"<p><strong>W poniedzia\u0142ek w Bia\u0142ymstoku prezes PiS Jaros\u0142aw Kaczy\u0144ski wzi\u0105\u0142 udzia\u0142 w obchodach 75. rocznicy spalenia przez Niemc\u00f3w Wielkiej Synagogi. &#8211; Zbrodnia Holokaustu to by\u0142a wina pa\u0144stwa niemieckiego i narodu niemieckiego, kt\u00f3ry popiera\u0142 w\u0142adz\u0119 Adolfa Hitlera &#8211; podkre\u015bli\u0142 Kaczy\u0144ski.<\/strong><\/p><p>Jak zaznaczy\u0142 prezes PiS \u201e27 czerwca 1941 roku wojska niemieckie, kt\u00f3re wkroczy\u0142y do Bia\u0142egostoku, dopu\u015bci\u0142y si\u0119 monstrualnej zbrodni &#8211; zamordowano oko\u0142o 2,5 tys. \u017byd\u00f3w, oko\u0142o tysi\u0105ca spalono \u017cywcem w synagodze\u201d. &#8211; <em>By\u0142 to pocz\u0105tek Holokaustu. Holokaust jako zaplanowana operacja nie by\u0142 jeszcze wtedy ostatecznie postanowiony i rozpocz\u0119ty, ale ten akt mo\u017cna traktowa\u0107 jako pierwszy krok tej monstrualnej, niebywa\u0142ej, ludob\u00f3jczej zbrodni<\/em> &#8211; podkre\u015bli\u0142 Kaczy\u0144ski. Jak podkre\u015bli\u0142, trzeba o tym pami\u0119ta\u0107 \u201etak\u017ce dlatego, \u017ceby w\u0142a\u015bciwie adresowa\u0107 to wszystko, co wi\u0105\u017ce si\u0119 z odpowiedzialno\u015bci\u0105, z win\u0105\u201d.<\/p><p>Wed\u0142ug Kaczy\u0144skiego \u201emieli\u015bmy tutaj do czynienia ze swojego rodzaju zbrodniczym, przera\u017caj\u0105cym op\u0119taniem\u201d.<\/p><p>Jak podkre\u015bli\u0142 szef PiS, \u201ewina jest jasna, okre\u015blona i trzeba o tym m\u00f3wi\u0107\u201d. &#8211; <em>Nie mo\u017cna jej przys\u0142ania\u0107 r\u00f3\u017cnego rodzaju operacjami typu tych, kt\u00f3re by\u0142y zorganizowane wok\u00f3\u0142 Jedwabnego, gdzie przedstawiano zbrodni\u0119, kt\u00f3rej si\u0119 rzeczywi\u015bcie dopuszczono, ale w spos\u00f3b niemaj\u0105cy nic wsp\u00f3lnego z jej rzeczywistym przebiegiem, z faktami &#8211;<\/em> zaznaczy\u0142. &#8211; <em>O tym te\u017c trzeba pami\u0119ta\u0107, bo trzeba pami\u0119ta\u0107, gdzie, w jakiej kulturze, s\u0105 wielkie zagro\u017cenia dla Europy, dla \u015bwiata, dla moralnego porz\u0105dku<\/em> &#8211; doda\u0142 Kaczy\u0144ski.<\/p><p>W opinii by\u0142ego szefa rz\u0105du obecnie mamy w Europie \u201enow\u0105, wielk\u0105 fal\u0119 antysemityzmu, czasem zupe\u0142nie jawnego, czasem cichego, dyskretnego, koncentruj\u0105cego si\u0119 na atakach na pa\u0144stwo Izrael\u201d. &#8211; <em>Pami\u0119tajmy, pa\u0144stwo Izrael jest (&#8230;) przycz\u00f3\u0142kiem naszej kultury w tamtym \u015bwiecie; w \u015bwiecie, z kt\u00f3rym musimy wsp\u00f3\u0142pracowa\u0107 i powinni\u015bmy d\u0105\u017cy\u0107 do tego, by nasze sposoby my\u015blenia, nasze idea\u0142y si\u0119 zbli\u017ca\u0142y, ale w \u015bwiecie, kt\u00f3ry dzisiaj jest taki, jaki jest, mo\u017cna to bez \u017cadnego trudu ustali\u0107, okre\u015bli\u0107<\/em> &#8211; powiedzia\u0142. <br \/> <br \/> &#8211; <em>Dlatego musimy si\u0119 temu przeciwstawia\u0107, musimy ci\u0105gle m\u00f3wi\u0107 o tym, do czego to prowadzi, do czego prowadzi antysemityzm w ka\u017cdej formie, tak\u017ce tej dzisiejszej, niby ukrytej, niby zakrytej okre\u015bleniem antysyjonizm, czy te\u017c po prostu skierowanej przeciwko pa\u0144stwu Izrael<\/em> &#8211; m\u00f3wi\u0142 Kaczy\u0144ski.<\/p><p>\u0179r\u00f3d\u0142o: TVP Info<\/p><p>luk<\/p><p class=\"zrodlo\">Za: <a href=\"http:\/\/www.pch24.pl\/jaroslaw-kaczynski--panstwo-izrael-jest-przyczolkiem-naszej-kultury-w-tamtym-swiecie,44221,i.html\">PoloniaChristiana &#8211; pch24.pl (2016-06-28)<\/a><\/p><blockquote><p><strong>[Wybrane wpisy internaut\u00f3w pod w\/w tekstem na stronie \u017ar\u00f3d\u0142owej:]<\/strong><\/p><p><em>zniesmaczony<\/em><br \/> To zupe\u0142ne przeciwstawie\u0144stwo. Kompletna bzdura indoktrynera- judeochrze\u015bcijanina!<\/p><p><em>eddy<\/em><br \/> Sorry, Jaros\u0142awie, bardzo Ci\u0119 szanuj\u0119, ale sprzeciw wobec zbrodni pope\u0142nianych przez pa\u0144stwo Izrael na Palesty\u0144czykach NIE JEST antysemityzmem. To odruch serca i pos\u0142usze\u0144stwo wzgl\u0119dem Boga.<\/p><p><em>weronikasiedlecka@op.pl<\/em><br \/> Kultura katolickiej Polski i Izraela to dwie r\u00f3\u017cne rzeczywisto\u015bci, autonomiczne wobec siebie i niezale\u017cne.Mo\u017ce by pan Kaczy\u0144ski powiedzia\u0142 dok\u0142adnie, co s\u0105dzi Jedwabnem i odwa\u017cnie zakwestionowa\u0142 decyzj\u0119 brata o zaprzestanie ekshumacji. To kolejna sprawa, kt\u00f3ra nie sprzyja Lechowi Kaczy\u0144skiemu, jako godnemu pomnika narodowemu bohaterowi.<\/p><p><em>Janko<\/em><br \/> G\u0142osowa\u0142em na PIS ale coraz bli\u017csze zwi\u0105zki z \u017cydami zaczynaj\u0105 mnie przera\u017ca\u0107.<\/p><p><em>bzyk<\/em><br \/> Nie mo\u017cna si\u0119 z tym zgodzi\u0107. Kulturowo\/cywilizacyjnie \u017bydom jest bli\u017cej do Arab\u00f3w. Polecam &#8222;Dzieje cywilizacji \u017cydowskiej&#8221; Feliksa Konecznego &#8211; polskiego, przedwojennego profesora dw\u00f3ch uniwersytet\u00f3w. Szanuj\u0119 Prezesa JK, ale tu si\u0119 r\u00f3\u017cnimy.<\/p><p><em>Drwal<\/em><br \/> Do czego prowadzi antypolonizm propagowany i g\u0142oszony przez \u017byd\u00f3w? Rozumiem, \u017ce polityka rz\u0105dzi si\u0119 swoimi prawami, ale nie &#8222;czapkujmy&#8221; Izraelowi przy ka\u017cdej mo\u017cliwej okazji, bo i tak nie odst\u0105pi\u0105 od odszkodowa\u0144! Trzeba jasno powiedzie\u0107: Nie!<\/p><p><em>cristero<\/em><br \/> Ciekawe. Razem wziawszy, tak jakby powiedzial, ze krytyka panstwa Izrael prowadzi do ludobojstwa&#8230; O krytykowaniu panstwa Polska nigdy nic tak mocnego nie powiedzial.<\/p><p><em>zaz28<\/em><br \/> Wreszcie zdj\u0105\u0142 mask\u0119.<\/p><p><em>ma<\/em><br \/> Nie rozumiem. Jak mo\u017cna by\u0107 &#8222;przycz\u00f3\u0142kiem naszej kultury&#8221; jak si\u0119 j\u0105 niszczy? Chyba, \u017ce p. Kaczy\u0144ski i ja mamy co innego na my\u015bli m\u00f3wi\u0105c &#8222;nasza&#8221;.<\/p><p>&nbsp;<\/p><p><strong>[Wybrane wpisy internaut\u00f3w pod tekstem na stronie <\/strong><a href=\"http:\/\/www.kresy.pl\/wydarzenia,spoleczenstwo?zobacz\/kaczynski-izrael-jest-przyczolkiem-naszej-kultury-na-bliskim-wschodzie\">Kresy.pl<\/a><strong>:]<\/strong><\/p><p><em>jaroslaus:<\/em><br \/> g\u00f3wno mnie obchodz\u0105 bia\u0142ostockie \u017cydy a Kaczy\u0144ski-Kalkstein jak zwykle bredzi. Polacy nie mordowali nigdy niemowlak\u00f3w czy kobiet i starc\u00f3w jak to robi \u017cydostwo w Palestynie. To raczej tzw. zachodni ukrai\u0144cy maj\u0105 z nimi bardzo wiele wsp\u00f3lnego.<\/p><\/blockquote><h4>\u00a0<\/h4><hr style=\"background-color: #000000; border-width: 0; color: #000000; height: 2px; line-height: 0; text-align: center; width: 100%;\" \/><h4>\u00a0<\/h4>","protected":false},"excerpt":{"rendered":"W poniedzia\u0142ek w Bia\u0142ymstoku prezes PiS Jaros\u0142aw Kaczy\u0144ski wzi\u0105\u0142 udzia\u0142 w obchodach 75. rocznicy spalenia przez Niemc\u00f3w Wielkiej Synagogi. &#8211; Zbrodnia Holokaustu to by\u0142a wina pa\u0144stwa niemieckiego i narodu niemieckiego, kt\u00f3ry popiera\u0142 w\u0142adz\u0119 Adolfa Hitlera &#8211; podkre\u015bli\u0142 Kaczy\u0144ski.Jak zaznaczy\u0142 prezes PiS \u201e27 czerwca 1941 roku wojska niemieckie, kt\u00f3re wkroczy\u0142y do Bia\u0142egostoku, dopu\u015bci\u0142y si\u0119 monstrualnej zbrodni [&hellip;]","protected":false},"author":1,"featured_media":0,"comment_status":"closed","ping_status":"closed","sticky":false,"template":"","format":"standard","meta":{"_acf_changed":false,"_monsterinsights_skip_tracking":false,"_monsterinsights_sitenote_active":false,"_monsterinsights_sitenote_note":"","_monsterinsights_sitenote_category":0,"ngg_post_thumbnail":0,"footnotes":"","_wp_rev_ctl_limit":""},"categories":[8],"tags":[16,22,61,98,101,37,20],"acf":[],"_links":{"self":[{"href":"https:\/\/www.bibula.com\/index.php?rest_route=\/wp\/v2\/posts\/88269"}],"collection":[{"href":"https:\/\/www.bibula.com\/index.php?rest_route=\/wp\/v2\/posts"}],"about":[{"href":"https:\/\/www.bibula.com\/index.php?rest_route=\/wp\/v2\/types\/post"}],"author":[{"embeddable":true,"href":"https:\/\/www.bibula.com\/index.php?rest_route=\/wp\/v2\/users\/1"}],"replies":[{"embeddable":true,"href":"https:\/\/www.bibula.com\/index.php?rest_route=%2Fwp%2Fv2%2Fcomments&post=88269"}],"version-history":[{"count":0,"href":"https:\/\/www.bibula.com\/index.php?rest_route=\/wp\/v2\/posts\/88269\/revisions"}],"wp:attachment":[{"href":"https:\/\/www.bibula.com\/index.php?rest_route=%2Fwp%2Fv2%2Fmedia&parent=88269"}],"wp:term":[{"taxonomy":"category","embeddable":true,"href":"https:\/\/www.bibula.com\/index.php?rest_route=%2Fwp%2Fv2%2Fcategories&post=88269"},{"taxonomy":"post_tag","embeddable":true,"href":"https:\/\/www.bibula.com\/index.php?rest_route=%2Fwp%2Fv2%2Ftags&post=88269"}],"curies":[{"name":"wp","href":"https:\/\/api.w.org\/{rel}","templated":true}]}}