{"id":88267,"date":"2016-06-28T11:45:32","date_gmt":"2016-06-28T15:45:32","guid":{"rendered":"http:\/\/www.bibula.com\/?p=88267"},"modified":"2016-06-28T11:45:32","modified_gmt":"2016-06-28T15:45:32","slug":"kukiz-dla-kresow-pl-z-propagowaniem-banderyzmu-w-polsce-trzeba-skonczyc-raz-na-zawsze","status":"publish","type":"post","link":"https:\/\/www.bibula.com\/?p=88267","title":{"rendered":"Kukiz dla Kres\u00f3w.pl: z propagowaniem banderyzmu w Polsce trzeba sko\u0144czy\u0107 raz na zawsze"},"content":{"rendered":"<p><strong>\u201ePotrzebna jest kr\u00f3tka ustawa zakazuj\u0105ca propagowania banderyzmu w Polsce\u201d &#8211; powiedzia\u0142 Kresom.pl Pawe\u0142 Kukiz. Jego zdaniem, dobrym rozwi\u0105zaniem by\u0142oby tak\u017ce wprowadzenie odpowiednich przepis\u00f3w prawa karnego, penalizuj\u0105cych propagowanie banderyzmu i symbolik\u0119 banderowsk\u0105. \u201eTrzeba raz na zawsze z tym sko\u0144czy\u0107. Nie ma jakichkolwiek okoliczno\u015bci, kt\u00f3re dzi\u015b usprawiedliwia\u0142yby podanie r\u0119ki tym, kt\u00f3rzy czcz\u0105 diab\u0142a\u201d.<\/strong><\/p><p>Pawe\u0142 Kukiz wyra\u017anie podkre\u015bla, \u017ce zdecydowanie popiera zakaz propagowania banderyzmu w Polsce. <strong><em>\u201eTo by w ogromnej mierze rozwi\u0105za\u0142o ca\u0142\u0105 sytuacj\u0119\u201d<\/em><\/strong> &#8211; powiedzia\u0142 w rozmowie z Kresami.pl. Zwraca przy tym uwag\u0119, \u017ce by\u0142by to wyra\u017any sygna\u0142 dla mieszkaj\u0105cych w Polsce Ukrai\u0144c\u00f3w. Wed\u0142ug niego, z takiego punktu widzenia jest to dzia\u0142anie wr\u0119cz niezb\u0119dne.<\/p><p><strong><em>\u201eJe\u017celi w Polsce propagowanie banderyzmu by\u0142oby zakazane, to ci Ukrai\u0144cy, kt\u00f3rzy mieszkaj\u0105 i pracuj\u0105 w Polsce, po powrocie na Ukrain\u0119 m\u00f3wiliby, \u017ce w Polsce czarno-czerwona flaga jest zakazana, \u017ce wed\u0142ug Polak\u00f3w Bandera by\u0142 bandyt\u0105 itd. W jaki\u015b spos\u00f3b tonowaliby tam nastroje euforystyczne zwi\u0105zane z tymi bandziorami. Je\u017celi oni b\u0119d\u0105 m\u00f3wi\u0107, \u017ce w Polsce banderyzm po prostu bardzo przeszkadza w nawi\u0105zaniu dobrych relacji z Ukrain\u0105, to na pewno w jakiej\u015b mierze mo\u017ce to pom\u00f3c w edukacji Ukrai\u0144c\u00f3w i w nawi\u0105zywaniu normalnych relacji\u201d <\/em><\/strong>&#8211; m\u00f3wi Kukiz.<\/p><p>Polityk przyzna\u0142, \u017ce brak uwzgl\u0119dnienia penalizacji banderyzmu w projekcie ustawy Kukiz\u201915 dotycz\u0105cej ustanowienia Narodowego Dnia Pami\u0119ci Ofiar Ludob\u00f3jstwa dokonanego przez OUN-UPA by\u0142 b\u0142\u0119dem. Zaznacza przy tym, \u017ce fakt, i\u017c by\u0142aby to ustawa powodowa\u0142by okre\u015blone skutki, w tym m.in. nieprzedawnianie si\u0119 zbrodni ludob\u00f3jstwa. <strong><em>\u201eTeraz trzeba zrobi\u0107 kr\u00f3tk\u0105 ustaw\u0119 zakazuj\u0105c\u0105 propagowania banderyzmu w Polsce\u201d<\/em><\/strong> &#8211; powiedzia\u0142 polityk. Jego zdaniem, dobrym rozwi\u0105zaniem by\u0142oby tak\u017ce wprowadzenie odpowiednich przepis\u00f3w do prawa karnego, penalizuj\u0105cych propagowanie banderyzmu i symbolik\u0119 banderowsk\u0105. <strong><em>\u201eTrzeba raz na zawsze z tym sko\u0144czy\u0107. Nie ma jakichkolwiek okoliczno\u015bci, kt\u00f3re dzi\u015b usprawiedliwia\u0142yby podanie r\u0119ki tym, kt\u00f3rzy czcz\u0105 diab\u0142a. Tym bardziej, \u017ce wielu z nich czci go nie\u015bwiadomie. To jest przera\u017caj\u0105ce, do tego doprowadzi\u0142y dzia\u0142ania ukrai\u0144skie\u201d<\/em><\/strong> &#8211; m\u00f3wi lider Kukiz\u201915. Nie wyklucza, \u017ce we\u017amie udzia\u0142 w demonstracji pod Sejmem w dniu 7 lipca.<em> \u201eNa pewno b\u0119d\u0105 tam pos\u0142owie Kukiz\u201915\u201d <\/em>&#8211; zapewnia. Powiedzia\u0142 r\u00f3wnie\u017c, \u017ce jego klubu organizuje ekspozycj\u0119 w Sejmie dotycz\u0105c\u0105 11 lipca i zbrodni ukrai\u0144skiego ludob\u00f3jstwa na Polakach. Wcze\u015bniej pose\u0142 Kukiz&#8217;15 i Stowarzyszenia Endecja <a href=\"http:\/\/www.kresy.pl\/wydarzenia,spoleczenstwo?zobacz\/kaczynski-nie-chce-by-11-lipca-polacy-czcili-pamiec-ofiar-upa\">Tomasz Rzymkowski zapowiada\u0142<\/a> podj\u0119cie dzia\u0142a\u0144 na rzecz\u00a0 wprowadzenia do kodeksu karnego przepis\u00f3w karz\u0105cych za podwa\u017canie zbrodni dokonanej przez OUN-UPA, analogicznie jak w przypadku stosowania okre\u015blenia \u201epolskie obozy koncentracyjne\u201d.<\/p><p>Kukiz krytycznie odni\u00f3s\u0142 si\u0119 do informacji dotycz\u0105cych <a href=\"http:\/\/www.kresy.pl\/wydarzenia,polityka?zobacz\/parubij-mamy-porozumienie-z-pis-ze-przed-szczytem-nato-nie-bedzie-uchwaly-w-sprawie-11-lipca\">deklaracji marsza\u0142ka Sejmu Marka Kuchci\u0144skiego<\/a>. <strong><em>\u201eTo bardzo \u017ale wygl\u0105da\u201d<\/em><\/strong> &#8211; powiedzia\u0142. <a href=\"http:\/\/www.kresy.pl\/wydarzenia,polityka?zobacz\/parubij-mamy-porozumienie-z-pis-ze-przed-szczytem-nato-nie-bedzie-uchwaly-w-sprawie-11-lipca\">Jak poinformowa\u0142 na Twitterze przewodnicz\u0105cy ukrai\u0144skiego parlamentu Andrij Parubij<\/a>, zawar\u0142 on z Kuchci\u0144skim porozumienie, zgodnie z kt\u00f3rym polski parlament nie b\u0119dzie zajmowa\u0142 si\u0119 uchwa\u0142\u0105 ws. wo\u0142y\u0144skiego ludob\u00f3jstwa przed szczytem NATO. Kukiz powiedzia\u0142 w rozmowie z Kresami.pl, \u017ce nie rozumie tego rodzaju dzia\u0142a\u0144 prowadzonych przez czo\u0142owego polityka PiS i marsza\u0142ka Sejmu i jego skrajnie proukrai\u0144skiego nastawienia. Podkre\u015bla, \u017ce wcze\u015bniej, podczas Euromajdanu sam bardzo aktywnie anga\u017cowa\u0142 si\u0119 w pomoc Ukrainie, ale &#8211; jak przyznaje &#8211; <em>\u201ewszystko ma swoje granice\u201d.<\/em><\/p><p><strong><em>\u201eTo mo\u017ce w dzisiejszych czasach brzmi dziwnie, ale szczerze liczy\u0142em na to, \u017ce jest to realizacja chrze\u015bcija\u0144skiej zasady \u2018z\u0142o dobrem zwyci\u0119\u017caj\u201d. Dlatego te\u017c podczas Majdanu przymyka\u0142em oko na te czerwono-czarne flagi i ca\u0142\u0105 symbolik\u0119 banderowsk\u0105 ze wzgl\u0119du na t\u0119 atmosfer\u0119, bo my\u015bla\u0142em, \u017ce potem zrozumiej\u0105. W tej chwili robi\u0119 wszystko, \u017ceby naprawi\u0107 sw\u00f3j b\u0142\u0105d\u201d &#8211;<\/em><\/strong> powiedzia\u0142 Kukiz. Przyzna\u0142 r\u00f3wnie\u017c, \u017ce sam Parubij, kt\u00f3ry by\u0142 szefem Samoobrony Majdanu, sk\u0142adaj\u0105cej si\u0119 g\u0142\u00f3wnie z gloryfikator\u00f3w Bandery, jest na Ukrainie bardzo prominentn\u0105 postaci\u0105, szczeg\u00f3lnie w kwestiach ideologicznych.<\/p><p><a href=\"http:\/\/www.kresy.pl\/wydarzenia,polityka?zobacz\/kukiz-proponuje-ustawowy-zakaz-propagowania-banderyzmu\">Wcze\u015bniej<\/a> Pawe\u0142 Kukiz zapowiedzia\u0142, \u017ce w przysz\u0142ym tygodniu jego klub sejmowych z\u0142o\u017cy do laski marsza\u0142kowskiej projekt stosownej ustawy, kt\u00f3ra ureguluje kwesti\u0119 banderowskiej symboliki i odwo\u0142a\u0144 do OUN-UPA.<\/p><p><strong>KRESY.PL<\/strong><\/p>","protected":false},"excerpt":{"rendered":"\u201ePotrzebna jest kr\u00f3tka ustawa zakazuj\u0105ca propagowania banderyzmu w Polsce\u201d &#8211; powiedzia\u0142 Kresom.pl Pawe\u0142 Kukiz. Jego zdaniem, dobrym rozwi\u0105zaniem by\u0142oby tak\u017ce wprowadzenie odpowiednich przepis\u00f3w prawa karnego, penalizuj\u0105cych propagowanie banderyzmu i symbolik\u0119 banderowsk\u0105. \u201eTrzeba raz na zawsze z tym sko\u0144czy\u0107. Nie ma jakichkolwiek okoliczno\u015bci, kt\u00f3re dzi\u015b usprawiedliwia\u0142yby podanie r\u0119ki tym, kt\u00f3rzy czcz\u0105 diab\u0142a\u201d.Pawe\u0142 Kukiz wyra\u017anie podkre\u015bla, \u017ce [&hellip;]","protected":false},"author":1,"featured_media":0,"comment_status":"closed","ping_status":"closed","sticky":false,"template":"","format":"standard","meta":{"_acf_changed":false,"_monsterinsights_skip_tracking":false,"_monsterinsights_sitenote_active":false,"_monsterinsights_sitenote_note":"","_monsterinsights_sitenote_category":0,"ngg_post_thumbnail":0,"footnotes":"","_wp_rev_ctl_limit":""},"categories":[8],"tags":[98,17],"acf":[],"_links":{"self":[{"href":"https:\/\/www.bibula.com\/index.php?rest_route=\/wp\/v2\/posts\/88267"}],"collection":[{"href":"https:\/\/www.bibula.com\/index.php?rest_route=\/wp\/v2\/posts"}],"about":[{"href":"https:\/\/www.bibula.com\/index.php?rest_route=\/wp\/v2\/types\/post"}],"author":[{"embeddable":true,"href":"https:\/\/www.bibula.com\/index.php?rest_route=\/wp\/v2\/users\/1"}],"replies":[{"embeddable":true,"href":"https:\/\/www.bibula.com\/index.php?rest_route=%2Fwp%2Fv2%2Fcomments&post=88267"}],"version-history":[{"count":0,"href":"https:\/\/www.bibula.com\/index.php?rest_route=\/wp\/v2\/posts\/88267\/revisions"}],"wp:attachment":[{"href":"https:\/\/www.bibula.com\/index.php?rest_route=%2Fwp%2Fv2%2Fmedia&parent=88267"}],"wp:term":[{"taxonomy":"category","embeddable":true,"href":"https:\/\/www.bibula.com\/index.php?rest_route=%2Fwp%2Fv2%2Fcategories&post=88267"},{"taxonomy":"post_tag","embeddable":true,"href":"https:\/\/www.bibula.com\/index.php?rest_route=%2Fwp%2Fv2%2Ftags&post=88267"}],"curies":[{"name":"wp","href":"https:\/\/api.w.org\/{rel}","templated":true}]}}