{"id":88257,"date":"2016-06-27T10:27:41","date_gmt":"2016-06-27T14:27:41","guid":{"rendered":"http:\/\/www.bibula.com\/?p=88257"},"modified":"2016-06-27T10:27:41","modified_gmt":"2016-06-27T14:27:41","slug":"bobolowicz-kuchcinski-negocjowal-uchwale-ws-11-lipca-m-in-z-synem-zbrodniarza-z-upa","status":"publish","type":"post","link":"https:\/\/www.bibula.com\/?p=88257","title":{"rendered":"Bobo\u0142owicz: Kuchci\u0144ski negocjowa\u0142 uchwa\u0142\u0119 ws. 11 lipca m.in. z synem zbrodniarza z UPA"},"content":{"rendered":"<p><strong>Sk\u0142ad osobowy ukrai\u0144skiej delegacji nie pozostawia w\u0105tpliwo\u015bci co do intencji Ukrai\u0144c\u00f3w.<\/strong><\/p><p>Jak <span style=\"text-decoration: underline;\"><a href=\"https:\/\/www.facebook.com\/photo.php?fbid=952370128194942&amp;set=p.952370128194942&amp;type=3&amp;theater\">informuje na swoim profilu facebookowym<\/a><\/span> Pawe\u0142 Bobo\u0142owicz dziennikarz Radia Wnet, podczas rozm\u00f3w jakie odbywa\u0142 Marek Kuchci\u0144ski z PiS oraz przewodnicz\u0105cy ukrai\u0144skiego Parlamentu &#8211; Andrij Parubij na temat uchwa\u0142y ws. ludob\u00f3jstwa na Wo\u0142yniu obecny by\u0142 r\u00f3wnie\u017c Jurij Szuchewycz, syn Romana Szuchewycz, naczelnego dow\u00f3dcy UPA.<\/p><ul><li><strong>CZYTAJ WI\u0118CEJ: <a href=\"http:\/\/www.kresy.pl\/wydarzenia,polityka?zobacz\/parubij-mamy-porozumienie-z-pis-ze-przed-szczytem-nato-nie-bedzie-uchwaly-w-sprawie-11-lipca\">Parubij: Kuchci\u0144skie obieca\u0142 nam, \u017ce przed szczytem NATO nie b\u0119dzie uchwa\u0142y w sprawie 11 lipca<\/a><\/strong><\/li><\/ul><p>Roman Szuchewycz odpowiedzialny by\u0142 za stosowanie ludob\u00f3jstwa jako metody walki z Polakami na Wo\u0142yniu i w Ma\u0142opolsce Wschodniej. Sam\u00a0Jurij Szuchewycz w latach 1991-1994 by\u0142 szefem ukrai\u0144skiej skrajnie nacjonalistycznej organizacji UNA-UNSO, kt\u00f3ra p\u00f3\u017aniej przekszta\u0142ci\u0142a si\u0119 w Prawy Sektor. Szuchewycz uwa\u017ca, co przyzna\u0142 w rozmowie z Gazet\u0105 Wyborcz\u0105, \u017ce to na UPA nale\u017cy budowa\u0107 ukrai\u0144ski patriotyzm.<\/p><p><img fetchpriority=\"high\" decoding=\"async\" class=\"\" src=\"http:\/\/i.imgur.com\/hWk4iPC.jpg\" alt=\"\" width=\"600\" height=\"306\" \/><\/p><p>kresy.pl \/ facebook.com<\/p>","protected":false},"excerpt":{"rendered":"Sk\u0142ad osobowy ukrai\u0144skiej delegacji nie pozostawia w\u0105tpliwo\u015bci co do intencji Ukrai\u0144c\u00f3w.Jak informuje na swoim profilu facebookowym Pawe\u0142 Bobo\u0142owicz dziennikarz Radia Wnet, podczas rozm\u00f3w jakie odbywa\u0142 Marek Kuchci\u0144ski z PiS oraz przewodnicz\u0105cy ukrai\u0144skiego Parlamentu &#8211; Andrij Parubij na temat uchwa\u0142y ws. ludob\u00f3jstwa na Wo\u0142yniu obecny by\u0142 r\u00f3wnie\u017c Jurij Szuchewycz, syn Romana Szuchewycz, naczelnego dow\u00f3dcy UPA.CZYTAJ WI\u0118CEJ: [&hellip;]","protected":false},"author":1,"featured_media":0,"comment_status":"closed","ping_status":"closed","sticky":false,"template":"","format":"standard","meta":{"_acf_changed":false,"_monsterinsights_skip_tracking":false,"_monsterinsights_sitenote_active":false,"_monsterinsights_sitenote_note":"","_monsterinsights_sitenote_category":0,"ngg_post_thumbnail":0,"footnotes":"","_wp_rev_ctl_limit":""},"categories":[8],"tags":[98,167,17],"acf":[],"_links":{"self":[{"href":"https:\/\/www.bibula.com\/index.php?rest_route=\/wp\/v2\/posts\/88257"}],"collection":[{"href":"https:\/\/www.bibula.com\/index.php?rest_route=\/wp\/v2\/posts"}],"about":[{"href":"https:\/\/www.bibula.com\/index.php?rest_route=\/wp\/v2\/types\/post"}],"author":[{"embeddable":true,"href":"https:\/\/www.bibula.com\/index.php?rest_route=\/wp\/v2\/users\/1"}],"replies":[{"embeddable":true,"href":"https:\/\/www.bibula.com\/index.php?rest_route=%2Fwp%2Fv2%2Fcomments&post=88257"}],"version-history":[{"count":0,"href":"https:\/\/www.bibula.com\/index.php?rest_route=\/wp\/v2\/posts\/88257\/revisions"}],"wp:attachment":[{"href":"https:\/\/www.bibula.com\/index.php?rest_route=%2Fwp%2Fv2%2Fmedia&parent=88257"}],"wp:term":[{"taxonomy":"category","embeddable":true,"href":"https:\/\/www.bibula.com\/index.php?rest_route=%2Fwp%2Fv2%2Fcategories&post=88257"},{"taxonomy":"post_tag","embeddable":true,"href":"https:\/\/www.bibula.com\/index.php?rest_route=%2Fwp%2Fv2%2Ftags&post=88257"}],"curies":[{"name":"wp","href":"https:\/\/api.w.org\/{rel}","templated":true}]}}