{"id":88248,"date":"2016-06-27T10:13:53","date_gmt":"2016-06-27T14:13:53","guid":{"rendered":"http:\/\/www.bibula.com\/?p=88248"},"modified":"2020-09-28T15:05:05","modified_gmt":"2020-09-28T19:05:05","slug":"pap-nazywa-zbrodniarzy-z-upa-ukrainskimi-powstancami","status":"publish","type":"post","link":"https:\/\/www.bibula.com\/?p=88248","title":{"rendered":"PAP nazywa zbrodniarzy z UPA &#8222;ukrai\u0144skimi powsta\u0144cami&#8221;"},"content":{"rendered":"<p><strong>W depeszy jak\u0105 przygotowa\u0142a Polska Agencja Prasowa o wydarzeniach podczas wczorajszej Panachidy w Przemy\u015blu zbrodniarzy z UPA odpowiedzialnych za wymordowanie wsi Bircza, nazwano &#8222;ukrai\u0144skimi powsta\u0144cami, kt\u00f3rzy w styczniu 1946 r. i maju 1947 r. zgin\u0119li w Birczy i Lisznej&#8221;.<\/strong><\/p>\r\n<p>Depesza PAP donosi\u0142a o incydentach jakie mia\u0142y miejsce podczas wczorajszej Panachidy &#8211; Polscy patrioci porwali koszulk\u0119 w banderowskich barwach nale\u017c\u0105c\u0105 do jednego z demonstrant\u00f3w. Jak pisali\u015bmy podczas marszu dochodzi\u0142o do antypolskich okrzyk\u00f3w ze strony Ukrai\u0144c\u00f3w: &#8222;Jeszcze Polska nie zgin\u0119\u0142a ale zgin\u0105\u0107 musi&#8221;.<br \/>\r\n<br \/>\r\nSama depesza zawiera\u0142a jednak sformu\u0142owanie, \u017ce na ukrai\u0144skim cmentarzu w Przemy\u015blu &#8222;s\u0105 tam tak\u017ce dwa zbiorowe groby ukrai\u0144skich powsta\u0144c\u00f3w, kt\u00f3rzy w styczniu 1946 r. i maju 1947 r. zgin\u0119li w Birczy i Lisznej&#8221;.<br \/>\r\n<br \/>\r\n&#8222;Powsta\u0144cy&#8221;, kt\u00f3rzy zgin\u0119li w Birczy o kt\u00f3rych m\u00f3wi depesza, a byli odpowiedzialni za wymordowanie Polak\u00f3w, w tym kobiet i dzieci w okolicznych wsiach.<\/p>\r\n<p>Sformu\u0142owanie z depeszy pojawi\u0142y si\u0119 p\u00f3\u017aniej w doniesieniach o incydencie na portalach wp.pl i onet.pl.<\/p>\r\n<p>kresy.pl<\/p>\r\n<p class=\"zrodlo\">Za: <a href=\"http:\/\/www.kresy.pl\/wydarzenia,ukraina?zobacz\/pap-nazywa-zbrodniarzy-z-upa-ukrainskimi-powstancami\">Kresy.pl (27 czerwca 2016)<\/a><\/p>\r\n<h4>\u00a0<\/h4>\r\n<hr style=\"background-color: #000000; border-width: 0; color: #000000; height: 2px; line-height: 0; text-align: center; width: 100%;\" \/>\r\n<h4>\u00a0<\/h4>\r\n<h2>Dokonano patriotycznej rekonstrukcji tablic na grobach zbrodniarzy z UPA [+FOTO]<\/h2>\r\n<p>Cmentarz w Pikulicach w Przemy\u015blu jest zdaniem Andrzeja Zapa\u0142owskiego od d\u0142u\u017cszego pada ofiar\u0105 zaw\u0142aszczania pami\u0119ci przez niekt\u00f3rych nacjonalist\u00f3w ukrai\u0144skich, chc\u0105c\u0105 zr\u00f3wna\u0107 zbrodnicze oddzia\u0142y Ukrai\u0144skiej Armii Powsta\u0144czej i \u017co\u0142nierzy Symona Petlury, walcz\u0105cego rami\u0119 w rami\u0119 razem z polskimi oddzia\u0142ami.<\/p>\r\n<p>Jak pisali\u015bmy ju\u017c wielokrotnie, organizowane w Przemy\u015blu Panachidy maj\u0105ce w za\u0142o\u017ceniu upami\u0119tni\u0107 sojusz Pi\u0142sudski-Petlura staj\u0105 si\u0119 pretekstem do gloryfikowania zbrodniarzy z UPA. Zaproszeni go\u015bcie bez zaj\u0105kni\u0119cia m\u00f3wi\u0105 o wszystkich spoczywaj\u0105cych na cmentarzu jako o bohaterach walk o wolno\u015b\u0107 Ukrainy.Teraz polscy patrioci dokonali zmian w tek\u015bcie na tablicy upami\u0119tniaj\u0105cej upowc\u00f3w.<\/p>\r\n<p>Na cmentarzu w Pikuliach opr\u00f3cz \u017co\u0142nierzy Ukrai\u0144skiej Armii Ludowej walcz\u0105cej z bolszewikami le\u017c\u0105 tutaj mordercy z UPA odpowiedzialni m.in. za masakr\u0119 w Birczy, gdzie zabili wielu Polak\u00f3w: m\u0119\u017cczyzn, kobiet i dzieci. Na ich grobach znajdowa\u0142y si\u0119 tablice w j\u0119zyku ukrai\u0144skim, m\u00f3wi\u0105ce &#8222;Powsta\u0144com ukrai\u0144skim poleg\u0142ym za woln\u0105 Ukrain\u0119 7 stycznia 1946 roku w Birczy&#8221; (imiona i nazwiska, pseudonimy oraz daty urodzenia)\u201d oraz &#8222;Powsta\u0144com ukrai\u0144skim straconym za wolno\u015b\u0107 Ukrainy 22 maja 1947 roku w Lisznej&#8221; (imiona i nazwiska, pseudonimy, daty urodzenia).\u00a0<\/p>\r\n<p>Tablice te zast\u0105pi\u0142y umieszczone wcze\u015bniej nielegalnie przez Zwi\u0105zek Ukrai\u0144skich Wi\u0119\u017ani\u00f3w Politycznych Okresu Stalinowskiego upami\u0119tnienia g\u0142osz\u0105ce: &#8222;Tu spoczywaj\u0105 \u017co\u0142nierze Ukrai\u0144skiej Powsta\u0144czej Armii polegli w walce za woln\u0105 Ukrain\u0119 podczas ataku na garnizon Wojska Polskiego w Birczy, w dniu 7 stycznia 1946 roku&#8221; (imiona i nazwiska, pseudonimy oraz daty i miejsca urodzenia) oraz &#8222;Tu spoczywaj\u0105 \u017co\u0142nierze Ukrai\u0144skiej Powsta\u0144czej Armii straceni 22 maja 1947 roku w Lisznej na podstawie wyroku polskiego S\u0105du Wojskowego w Sanoku&#8221; (imiona i nazwiska, pseudonimy oraz daty i miejsca urodzenia).<\/p>\r\n<p>Jednak nawet nowe tablice nie oddawa\u0142y rzeczywisto\u015bci. Z tego powodu zosta\u0142y \u201epoprawione\u201d przez polskich patriot\u00f3w. Umie\u015bcili on odpowiadaj\u0105cy prawdzie historycznie napis: \u201eW tym miejscu zosta\u0142y pogrzebane szcz\u0105tki banderowskich bandyt\u00f3w bestialskich kat\u00f3w oprawc\u00f3w niewinnych polskich kobiet i dzieci\u201d. Tablic\u0119 uzupe\u0142nia kotwica Polski Walcz\u0105cej.<\/p>\r\n<p>Zdaniem historyka Andrzeja Zapa\u0142owskiego zrobi\u0142a to osoba lub grupa os\u00f3b, kt\u00f3ra mia\u0142a dosy\u0107 \u00a0manipulacji maj\u0105cych na celu zr\u00f3wnanie \u017co\u0142nierzy Petlury z cz\u0142onkami \u00a0UPA. Wed\u0142ug niego nie powinno si\u0119 oddawa\u0107 honor\u00f3w w trakcie uroczysto\u015bci maj\u0105cych uczczenie sojusznik\u00f3w Wojska Polskiego osobom odpowiedzialnym za \u00a0morderstwa na Polskich obywatelach. \u201eTo tak jakby obok hipotetycznego pomnika obywateli niemieckich walcz\u0105cych po stronie polskiej w powstaniu warszawskim pochowa\u0107 SS-man\u00f3w, a na uroczysto\u015bciach upami\u0119tniaj\u0105cych oddawa\u0107 im tak\u0105 sam\u0105 cze\u015b\u0107.\u201d<\/p>\r\n<p>Wed\u0142ug Zapa\u0142owskiego w\u0142adze polskie powinny zadba\u0107 o wyra\u017ane rozdzielenia \u017co\u0142nierzy Petlury od upowc\u00f3w i nie pozwala\u0107 na takie \u0142\u0105czenie pami\u0119ci na jednym cmentarzu. Jego zdaniem dzia\u0142ania organizacji ukrai\u0144skich w Polsce maj\u0105c na celu sprowadzenie jeszcze wi\u0119cej szcz\u0105tk\u00f3w upowc\u00f3w chowanych na Podkarpaciu w jednym miejscu, na cmentarzu w Pikulicach w Przemy\u015blu. \u201eZatarcie r\u00f3\u017cnic poprzez wsp\u00f3lny poch\u00f3wek i uroczysto\u015bci b\u0119dzie pomaga\u0142o im wybiela\u0107 zbrodniarzy\u201d &#8211; powiedzia\u0142 historyk.<\/p>\r\n<p>Zapa\u0142owski dodaje: \u201eUkrai\u0144scy organizatorzy Panachidy t\u0142umacz\u0105 skandaliczne wypowiedzi podczas uroczysto\u015bci tym, \u017ce wyg\u0142aszaj\u0105 je go\u015bcie. Tym czasem oni sami tych go\u015bci zapraszaj\u0105, wiedz\u0105c jakie postawy reprezentuj\u0105.\u201d<\/p>\r\n<p>Wed\u0142ug historyka polskie w\u0142adze powinny same zadba\u0107 o g\u0142o\u015bne m\u00f3wienie prawdy\u00a0historycznej, a nie zrzuca\u0107 to na barki obywateli, kt\u00f3rzy samodzielnie zmieniaj\u0105 tablice.<\/p>\r\n<p>Tablice po poprawieniu przez patriot\u00f3w:<\/p>\r\n<p><img fetchpriority=\"high\" decoding=\"async\" class=\"\" src=\"http:\/\/i.imgur.com\/sKdQGmH.jpg\" alt=\"\" width=\"599\" height=\"1065\" \/><\/p>\r\n<p><img decoding=\"async\" class=\"\" src=\"http:\/\/i.imgur.com\/29tfiBz.jpg\" alt=\"\" width=\"598\" height=\"1063\" \/><\/p>\r\n<p>kresy.pl<\/p>\r\n<p class=\"zrodlo\">Za: <a href=\"http:\/\/www.kresy.pl\/wydarzenia,ukraina?zobacz\/dokonano-patriotycznej-rekonstrukcji-tablic-na-grobach-zbrodniarzy-z-upa-foto\">Kresy.pl (16 maja 2016)<\/a><\/p>\r\n<h4>\u00a0<\/h4>\r\n<hr style=\"background-color: #000000; border-width: 0; color: #000000; height: 2px; line-height: 0; text-align: center; width: 100%;\" \/>\r\n<h4>\u00a0<\/h4>\r\n<h2>Policja usun\u0119\u0142a poprawione tablice z grob\u00f3w zbrodniarzy z UPA w Pikulicach<\/h2>\r\n<p>Policjanci usn\u0119li i zabezpieczyli patriotyczne rekonstrukcje tablic z mogi\u0142 boj\u00f3wkarzy zbrodniczej UPA z cmentarza w Pikulicach k. Przemy\u015bla. \u015aledczy badaj\u0105, czy mog\u0142o doj\u015b\u0107 do zniewa\u017cenia poch\u00f3wku. W dzia\u0142ania te zaanga\u017cowany by\u0142 Zwi\u0105zek Ukrai\u0144c\u00f3w w Polsce, a prawdopodobnie tak\u017ce znany przemyski samorz\u0105dowiec.<\/p>\r\n<p>Na Ukrai\u0144skim Cmentarzu Wojennym w Pikulicach w miniony weekend zauwa\u017cono, \u017ce kto\u015b zmieni\u0142 tablice na grobach boj\u00f3wkarzy ze zbrodniczej OUN-UPA, odpowiedzialnych za masakr\u0119 Polak\u00f3w w Birczy. Przy pomocy mocnego kleju na powierzchnie starych tablic naklejono nowe, wykonane najpewniej z pleksi. Na wi\u0119kszej z nich umieszczono napis: <strong><em>\u201eW tym miejscu zosta\u0142y pogrzebane szcz\u0105tki banderowskich bandyt\u00f3w bestialskich kat\u00f3w oprawc\u00f3w niewinnych polskich kobiet i dzieci\u201d. <\/em><\/strong>Na mniejszej znajdowa\u0142a si\u0119 kotwica Polski Walcz\u0105cej oraz napis<em> \u201ePami\u0119tamy\u201d<\/em>. Zdaniem historyka Andrzeja Zapa\u0142owskiego zrobi\u0142a to osoba lub grupa os\u00f3b, kt\u00f3ra mia\u0142a dosy\u0107 \u00a0manipulacji maj\u0105cych na celu zr\u00f3wnanie \u017co\u0142nierzy Petlury z cz\u0142onkami \u00a0UPA. Prezydent Przemy\u015bla Robert Choma zapowiedzia\u0142, \u017ce sprawa zostanie wyja\u015bniona.<\/p>\r\n<p><strong>Co si\u0119 sta\u0142o z tablicami?<\/strong><\/p>\r\n<p>Jednak w \u015brod\u0119 18 maja rano \u201enowe\u201d tablice zosta\u0142y zdj\u0119te ze starych. Byl przy tym obecny przedstawiciel Zwi\u0105zku Ukrai\u0144c\u00f3w w Polsce. Wed\u0142ug informacji Komendy Miejskiej Policji w Przemy\u015blu, policjanci podj\u0119li w tej sprawie dzia\u0142ania z urz\u0119du, po otrzymaniu informacji, \u017ce na cmentarzu mog\u0142o doj\u015b\u0107 do z\u0142amania przepis\u00f3w prawa. Zosta\u0142y one zdj\u0119te i zabezpieczone, poniewa\u017c mog\u0142y znajdowa\u0107 si\u0119 na nich \u015blady pozostawione przez osoby, kt\u00f3re zainstalowa\u0142y je na mogile, np. odciski palc\u00f3w. Oficer prasowy KM Policji w Przemy\u015blu, podkom. Bogus\u0142awa Sebastianka powiedzia\u0142a w rozmowie z Kresami.pl, \u017ce policjanci wykonuj\u0105cy czynno\u015bci s\u0142u\u017cbowe na cmentarzu wcze\u015bniej kontaktowali si\u0119 ze Zwi\u0105zkiem Ukrai\u0144c\u00f3w w Polsce, kt\u00f3ry opiekuje si\u0119 grobami boj\u00f3wkarzy UPA. Policja podj\u0119\u0142a dzia\u0142ania z urz\u0119du, a formalne zg\u0142oszenie nie by\u0142o wymagane.<\/p>\r\n<p>Informacj\u0119 o zmianie tablic policja otrzyma\u0142a od osoby, kt\u00f3ra mia\u0142a dowiedzie\u0107 si\u0119 o tym z medi\u00f3w. Policjanci po konsultacji z prokuratorem rejonowym podj\u0119li czynno\u015bci na miejacu zdarzenia w kierunku\u00a0 przest\u0119pstwa z art. 262,\u00a0 tj. ws. podejrzenia zniewa\u017cenia miejsca poch\u00f3wku. Jest to wyst\u0119pek zagro\u017cony kar\u0105 od grzywny do 2 lat pozbawienia wolno\u015bci. W tym tygodniu zosta\u0142o wszcz\u0119to dochodzenie w tej sprawie. W pi\u0105tek akta sprawy mia\u0142yt trafi\u0107 do prokuratury w zwi\u0105zku z konieczno\u015bci\u0105 obj\u0119cia jej formalnym nadzorem prokuratorskim.<\/p>\r\n<p><strong><em>\u201eO to prosz\u0119 pyta\u0107 policj\u0119\u201d<\/em><\/strong><\/p>\r\n<p>Fakt obecno\u015bci przedstawiciela Zwi\u0105zku Ukrai\u0144c\u00f3w w Polsce przy ogl\u0119dzinach i demonta\u017cu tablic z mogi\u0142y na cmentarzy w Przemy\u015blu-Pikulicach potwierdzi\u0142 Kresom.pl przewodnicz\u0105cy tej organizacji, Petro Tyma. Nie odpowiedzia\u0142 jednak na pytanie o to, w jakim charakterze osoba ta przebywa\u0142a na miejscu ani kim by\u0142a. <strong><em>\u201eO to prosz\u0119 pyta\u0107 policj\u0119\u201d <\/em><\/strong>&#8211; powiedzia\u0142 Tyma. Wcze\u015bniej, w rozmowie z \u201eGazet\u0105 Wyborcz\u0105\u201d oczekiwa\u0142 reakcji polskich w\u0142adz i Sejmu\u00a0 w sprawie \u201enowych\u201d tablic. <strong><em>\u201eObawiam si\u0119, \u017ce przy takiej atmosferze jak\u0105 mamy w kraju, u\u015bmiechaniu si\u0119 do pseudokibic\u00f3w i narodowc\u00f3w, b\u0119dzie dalsza eskalacja takich zdarze\u0144\u201d <\/em><\/strong>&#8211; stwierdzi\u0142. Wiadomo, \u017ce w \u015brod\u0119 na komendzie w Przemy\u015blu wykonywane by\u0142y czynno\u015bci procesowe z udzia\u0142em szefowej przemyskiego oddzia\u0142u ZUwP, Marii Tuckiej.<\/p>\r\n<p>Wed\u0142ug informacji uzyskanych przez Kresy.pl, na zmienione tablice zwr\u00f3ci\u0142 uwag\u0119 \u015awiatos\u0142aw Szeremeta, szef ukrai\u0144skiej rz\u0105dowej Komisji Upami\u0119tnienia Ofiar Totalitaryzm\u00f3w, kt\u00f3ry wracaj\u0105c w ubieg\u0142\u0105 niedziel\u0119 z wyjazdu do Paw\u0142okomy zajrza\u0142 na cmentarz w Pikulicach. W artykule opublikowanym na \u0142amach rzeszowskiej \u201eGazety Wyborczej\u201d jest on podpisany jako autor zdj\u0119\u0107. Prawdopodobnie to on, w towarzystwie miejscowych Ukrai\u0144c\u00f3w, pr\u00f3bowa\u0142 nast\u0119pnie bezskutecznie zg\u0142osi\u0107 spraw\u0119 m.in. urz\u0119dnikom miejskim. W ko\u0144cu zawiadomili o sprawie warszawsk\u0105 central\u0119 Zwi\u0105zku Ukrai\u0144c\u00f3w w Polsce. To w\u0142a\u015bnie kto\u015b stamt\u0105d mia\u0142 rzekomo zawiadomi\u0107 policj\u0119.<\/p>\r\n<p><strong>Wsparcie samorz\u0105dowca?<\/strong><\/p>\r\n<p>Z kolei podczas czynno\u015bci policyjnych na cmentarzu mia\u0142 by\u0107 obecny Jan Bartmi\u0144ski, samorz\u0105dowiec popierany przez Uni\u0119 Wolno\u015bci, a potem przez PO, kt\u00f3ry w 2014 roku wywo\u0142a\u0142 g\u0142o\u015bny skandal podczas przemyskich obchod\u00f3w \u015awi\u0119ta Konstytucji 3 maja. <strong>Po przem\u00f3wieniu pos\u0142a Mieczys\u0142awa Golby, kt\u00f3ry krytykowa\u0142 form\u0119 w jakiej Polska udziela poparcia Ukrainie oraz stwierdzi\u0142, \u017ce Warszawa nie powinna popiera\u0107 ukrai\u0144skiego rz\u0105du, w sk\u0142ad kt\u00f3rego wchodz\u0105 nacjonali\u015bci, zacz\u0105\u0142 gwizda\u0107.<\/strong> By\u0142 w\u00f3wczas przewodnicz\u0105cym rady miejskiej. W wyniku skandalu straci\u0142 stanowisko. Wed\u0142ug naszych informacji Ukrai\u0144cy, kt\u00f3rzy zauwa\u017cyli zmienione tablice w jaki\u015b spos\u00f3b skontaktowali si\u0119 z Bartmi\u0144skim, kt\u00f3ry mocno zaanga\u017cowa\u0142 si\u0119 w spraw\u0119. Wed\u0142ug naszych \u017ar\u00f3de\u0142 by\u0142 obecny przy ogl\u0119dzinach na cmentarzu, w trakcie czego w pewnym momencie mia\u0142 &#8211; by\u0107 mo\u017ce prowokacyjnie &#8211; zasugerowa\u0107 policjantom, \u017ceby za bardzo si\u0119 nie wysilali przy ustalaniu sprawc\u00f3w. Wed\u0142ug niepotwierdzonych informacji na miejscu obecny mia\u0142 by\u0107 tak\u017ce Stefan Bodnar, cz\u0142onek ZUwP.<\/p>\r\n<p>Zgodnie z nieoficjalnymi informacjami uzyskanymi przez Kresy.pl, rozwa\u017cano r\u00f3wnie\u017c czy przyklejenie nowych tablic mog\u0142o by\u0107 celow\u0105 prowokacj\u0105 ze strony ukrai\u0144skich nacjonalist\u00f3w, kt\u00f3rzy rzekomo spodziewali si\u0119, \u017ce mo\u017ce zosta\u0107 podj\u0119ta pr\u00f3ba zablokowania marszu z okazji tegorocznej Panachidy w Przemy\u015blu. Mia\u0142oby to mie\u0107 na celu wywo\u0142anie odpowiedniego poruszenia mediach i uprzedzenia dzia\u0142a\u0144 przeciwnik\u00f3w marszu, kt\u00f3ry w\u00f3wczas \u201edla \u015bwi\u0119tego spokoju\u201d m\u00f3g\u0142by si\u0119 odby\u0107. Jak twierdzi jeden z naszych rozm\u00f3wc\u00f3w, mo\u017cliwo\u015b\u0107 ta jest uwa\u017cana za \u201ewysoce prawdopodobn\u0105\u201d, jednak ma to zosta\u0107 zweryfikowane w toku post\u0119powania.<\/p>\r\n<p><strong>Poch\u00f3wek UPA nie mo\u017ce oznacza s\u0142u\u017cy\u0107 gloryfikacji zbrodniarzy<\/strong><\/p>\r\n<p><strong><em>\u201ePrzede wszystkim uwa\u017cam, \u017ce na terenie Podkarpacia sprawy dotycz\u0105ce poch\u00f3wk\u00f3w cz\u0142onk\u00f3w UPA s\u0105 nieuregulowane\u201d<\/em><\/strong> &#8211; podkre\u015bla w rozmowie z Kresami.pl ks. Tadeusz Isakowicz-Zaleski. Jego zdaniem wino spoczywa g\u0142\u00f3wnie na Radzie Ochrony Pami\u0119ci Walk i M\u0119cze\u0144stwa, a tak\u017ce na kolejnych podkarpackich wojewodach. <strong><em>\u201eZ jednej strony mamy taki incydent jak w tej chwili, ale s\u0105 te\u017c nielegalne pomniki, kt\u00f3re gloryfikuj\u0105 UPA. To ogromna niekonsekwencja, \u017ce policja nie wszczyna post\u0119powa\u0144, wojewoda nie podejmuje decyzji, a ROPWiM w og\u00f3le nie spe\u0142nia swoich podstawowych obowi\u0105zk\u00f3w statutowych. Gdyby by\u0142y jasne zasady, ze nie ma gloryfikacji zbrodniarzy UPA, a s\u0105 jedynie poch\u00f3wki, to my\u015bl\u0119, \u017ce nie dosz\u0142oby do tego incydentu\u201d <\/em><\/strong>&#8211; m\u00f3wi ks. Isakowicz-Zaleski. Jako duchowny uwa\u017ca, \u017ce ka\u017cdy ma prawo do poch\u00f3wku. <strong><em>\u201eAle to nie mo\u017ce oznacza\u0107 gloryfikacji tych os\u00f3b\u201d<\/em><\/strong> &#8211; zaznacza. Przypomina, \u017ce na cmentarzu w Przemy\u015blu-Pikulicach dochodzi\u0142o do ewidentnych prowokacji w przem\u00f3wieniach Ukrai\u0144c\u00f3w, szczeg\u00f3lnie po Majdanie. <strong><em>\u201eOsoby przemawiaj\u0105ce chwali\u0142y UPA, przynosi\u0142y jej emblematy. Czemu policja wtedy nie reagowa\u0142a?<\/em><\/strong>\u201d &#8211; pyta ks. Isakowicz-Zaleski. <em>\u201ePoch\u00f3d niech b\u0119dzie, modlitwa oczywi\u015bcie jak najbardziej. Natomiast nie wolno przy tej okazji gloryfikowa\u0107 UPA\u201d <\/em>&#8211; zaznacza.<\/p>\r\n<p><strong>KRESY.PL<\/strong><\/p>\r\n<p class=\"zrodlo\">Za: <a href=\"http:\/\/www.kresy.pl\/wydarzenia,spoleczenstwo?zobacz\/policja-usunela-poprawione-tablice-z-grobow-zbrodniarzy-z-upa-w-pikulicach\">Kresy.pl (21 maja 2016)<\/a><\/p>\r\n<h4>\u00a0<\/h4>\r\n<hr style=\"background-color: #000000; border-width: 0; color: #000000; height: 2px; line-height: 0; text-align: center; width: 100%;\" \/>\r\n<h4>\u00a0<\/h4>","protected":false},"excerpt":{"rendered":"W depeszy jak\u0105 przygotowa\u0142a Polska Agencja Prasowa o wydarzeniach podczas wczorajszej Panachidy w Przemy\u015blu zbrodniarzy z UPA odpowiedzialnych za wymordowanie wsi Bircza, nazwano &#8222;ukrai\u0144skimi powsta\u0144cami, kt\u00f3rzy w styczniu 1946 r. i maju 1947 r. zgin\u0119li w Birczy i Lisznej&#8221;. Depesza PAP donosi\u0142a o incydentach jakie mia\u0142y miejsce podczas wczorajszej Panachidy &#8211; Polscy patrioci porwali koszulk\u0119 [&hellip;]","protected":false},"author":2,"featured_media":0,"comment_status":"closed","ping_status":"closed","sticky":false,"template":"","format":"standard","meta":{"_acf_changed":false,"_monsterinsights_skip_tracking":false,"_monsterinsights_sitenote_active":false,"_monsterinsights_sitenote_note":"","_monsterinsights_sitenote_category":0,"ngg_post_thumbnail":0,"footnotes":"","_wp_rev_ctl_limit":""},"categories":[8],"tags":[98,188,20,167,17],"acf":[],"_links":{"self":[{"href":"https:\/\/www.bibula.com\/index.php?rest_route=\/wp\/v2\/posts\/88248"}],"collection":[{"href":"https:\/\/www.bibula.com\/index.php?rest_route=\/wp\/v2\/posts"}],"about":[{"href":"https:\/\/www.bibula.com\/index.php?rest_route=\/wp\/v2\/types\/post"}],"author":[{"embeddable":true,"href":"https:\/\/www.bibula.com\/index.php?rest_route=\/wp\/v2\/users\/2"}],"replies":[{"embeddable":true,"href":"https:\/\/www.bibula.com\/index.php?rest_route=%2Fwp%2Fv2%2Fcomments&post=88248"}],"version-history":[{"count":2,"href":"https:\/\/www.bibula.com\/index.php?rest_route=\/wp\/v2\/posts\/88248\/revisions"}],"predecessor-version":[{"id":118063,"href":"https:\/\/www.bibula.com\/index.php?rest_route=\/wp\/v2\/posts\/88248\/revisions\/118063"}],"wp:attachment":[{"href":"https:\/\/www.bibula.com\/index.php?rest_route=%2Fwp%2Fv2%2Fmedia&parent=88248"}],"wp:term":[{"taxonomy":"category","embeddable":true,"href":"https:\/\/www.bibula.com\/index.php?rest_route=%2Fwp%2Fv2%2Fcategories&post=88248"},{"taxonomy":"post_tag","embeddable":true,"href":"https:\/\/www.bibula.com\/index.php?rest_route=%2Fwp%2Fv2%2Ftags&post=88248"}],"curies":[{"name":"wp","href":"https:\/\/api.w.org\/{rel}","templated":true}]}}