{"id":88112,"date":"2016-06-17T09:36:48","date_gmt":"2016-06-17T13:36:48","guid":{"rendered":"http:\/\/www.bibula.com\/?p=88112"},"modified":"2016-06-17T09:36:48","modified_gmt":"2016-06-17T13:36:48","slug":"decydujaca-faza-stanislaw-michalkiewicz","status":"publish","type":"post","link":"https:\/\/www.bibula.com\/?p=88112","title":{"rendered":"Decyduj\u0105ca faza &#8211; <em>Stanis\u0142aw Michalkiewicz<\/em>"},"content":{"rendered":"<p>Wydarzenia dni ostatnich pokazuj\u0105, \u017ce by\u0107 mo\u017ce nie tylko nadchodz\u0105 zapowiadane \u201e<i>dni ostatnie<\/i>\u201d, ale przede wszystkim &#8211; \u017ce scenariusz rozbiorowy naszego nieszcz\u0119\u015bliwego kraju zaczyna nabiera\u0107 rumie\u0144c\u00f3w. Jak zauwa\u017cy\u0142 w \u201e<i>G\u0142osie Pana<\/i>\u201d Stanis\u0142aw Lem &#8211; \u201e<i>nawet konklawe mo\u017cna doprowadzi\u0107 do ludo\u017cerstwa, byle tylko post\u0119powa\u0107 cierpliwie i metodycznie<\/i>\u201d &#8211; a w\u0142a\u015bnie z takim metodycznym post\u0119powaniem mamy do czynienia. \u0179eby nie cofa\u0107 si\u0119 a\u017c do Adama i Ewy &#8211; obojga zreszt\u0105 pochodzenia \u017cydowskiego, przynajmniej jako bohater\u00f3w literackich &#8211; zacznijmy od roku 1994, kiedy to 8 polityk\u00f3w ameryka\u0144skich, ponad politycznymi podzia\u0142ami, wystosowa\u0142o list do \u00f3wczesnego sekretarza stanu Warrena Christophera, by Departament Stanu ostrzeg\u0142 kraje Europy \u015arodkowej, \u017ce je\u015bli nie zado\u015b\u0107uczyni\u0105 one \u017cydowskim roszczeniom maj\u0105tkowym, to stosunki Stan\u00f3w Zjednoczonych z nimi si\u0119 pogorsz\u0105. Takiego ostrze\u017cenia Departament Stanu chyba nie wys\u0142a\u0142, ale tamten list \u201e<i>przeciek\u0142<\/i>\u201d do ameryka\u0144skiej prasy. Zapowied\u017a pogorszenia stosunk\u00f3w z USA mog\u0142a oznacza\u0107 szlaban na przy\u0142\u0105czenie do NATO, kt\u00f3re w\u00f3wczas Polska, podobnie jak inne pa\u0144stwa Europy \u015arodkowej, umie\u015bci\u0142a na pierwszym miejscu listy politycznych priorytet\u00f3w. Tote\u017c rz\u0105d w Polsce aluzj\u0119 zrozumia\u0142 i skierowa\u0142 do Sejmu projekt ustawy o stosunku pa\u0144stwa do gmin wyznaniowych \u017cydowskich, zawieraj\u0105cy postanowienia o transferze maj\u0105tkowym w nieruchomo\u015bciach na rzecz 9 gmin \u017cydowskich w Polsce i nowojorskiej Organizacji Restytucji Mienia \u017bydowskiego. Uchwalenie tej ustawy zosta\u0142o pozytywnie odnotowane przez \u017cydowskie organizacje przemys\u0142u holokaustu, ale jednocze\u015bnie w kwietniu 1996 roku \u00f3wczesny sekretarz \u015awiatowego Kongresu \u017byd\u00f3w Izrael Singer o\u015bwiadczy\u0142, \u017ce je\u015bli Polska nie zado\u015b\u0107uczyni roszczeniom maj\u0105tkowym po osobach prywatnych, to \u201e<i>b\u0119dzie upokarzana na terenie mi\u0119dzynarodowym<\/i>\u201d.<\/p><p>Poniewa\u017c w 1998 roku nowy kanclerz RFN Gerhard Schroeder, w jednym ze swoich przem\u00f3wie\u0144 o\u015bwiadczy\u0142, \u017ce \u201e<i>okres niemieckiej pokuty dobieg\u0142 ko\u0144ca<\/i>\u201d, co oznacza\u0142o, \u017ce Niemcy nie b\u0119d\u0105 ju\u017c reagowa\u0142y na \u017cadne supliki \u201e<i>odszkodowawcze<\/i>\u201d, \u017cydowskie organizacje przemys\u0142u holokaustu musia\u0142y skoordynowa\u0107 swoj\u0105 polityk\u0119 historyczn\u0105 z polityk\u0105 historyczn\u0105 niemieck\u0105. Niemiecka polityka historyczna zmierza do stopniowego zdejmowania z Niemiec odpowiedzialno\u015bci za II wojn\u0119 \u015bwiatow\u0105, czego dobr\u0105 ilustracj\u0105 jest cho\u0107by film \u201e<i>Nasze matki, nasi ojcowie<\/i>\u201d. W zwi\u0105zku z tym \u017cydowska polityka historyczna, skierowana na materialne eksploatowanie holokaustu, musia\u0142a zosta\u0107 nakierowana na przerzucanie tej odpowiedzialno\u015bci na winowajc\u0119 zast\u0119pczego, na kt\u00f3rego zosta\u0142a wytypowana Polska, m.in. ze wzgl\u0119du na to, i\u017c wi\u0119kszo\u015b\u0107 zbrodni II wojny \u015bwiatowej zosta\u0142a dokonana na obecnym polskim terytorium pa\u0144stwowym. No i rozpocz\u0119\u0142o si\u0119 \u201e<i>przerzucanie<\/i>\u201d w ramach kt\u00f3rego z wielkim przytupem zorganizowano 10 lipca 2001 roku uroczysto\u015bci w Jedwabnem, podczas kt\u00f3rych prezydent Kwa\u015bniewski \u201e<i>przeprosi\u0142<\/i>\u201d, w dodatku &#8211; \u201e<i>w imieniu narodu polskiego<\/i>\u201d. S\u0142owem &#8211; jako najwy\u017cszy konstytucyjny przedstawiciel pa\u0144stwa polskiego wykona\u0142 zlecenie na nar\u00f3d polski. Zach\u0119ceni takim przyk\u0142adem do roboty wzi\u0119li si\u0119 \u201e<i>ludzie cha\u0142tury<\/i>\u201d, kt\u00f3rzy w nadziei przysporzenia sobie kolejnych listk\u00f3w do wie\u0144ca s\u0142awy, a i zarobienia paru z\u0142otych, rzucili si\u0119 do \u201e<i>rozdrapywania ran<\/i>\u201d w ramach \u201e<i>pedagogiki wstydu<\/i>\u201d, kr\u0119c\u0105c rozmaite filmy w rodzaju \u201e<i>Pok\u0142osia<\/i>\u201d, czy (GN)\u201dIdy\u201d, pisz\u0105c ksi\u0105\u017cki i organizuj\u0105c rozmaite \u201e<i>eventy<\/i>\u201d. Jeden z takich \u201e<i>event\u00f3w<\/i>\u201d zaplanowany zosta\u0142 na 4 lipca w Kielcach, gdzie w 70 rocznic\u0119 tzw. \u201e<i>pogromu kieleckiego<\/i>\u201d uczestnicy b\u0119d\u0105 si\u0119 \u201e<i>modli\u0107<\/i>\u201d pod przewodnictwem pana Bogdana Bia\u0142ka, kt\u00f3ry, pr\u00f3buj\u0105c wygartywa\u0107 z rozmaitych komin\u00f3w, wreszcie odnalaz\u0142 z\u0142ot\u0105 \u017cy\u0142\u0119 i doszed\u0142 a\u017c do stanowiska \u201e<i>wsp\u00f3\u0142przewodnicz\u0105cego<\/i>\u201d w Polskiej Radzie Chrze\u015bcijan i \u017byd\u00f3w, przy czym &#8211; powiadaj\u0105 &#8211; nie jest do ko\u0144ca jasne, kt\u00f3r\u0105 stron\u0119 tam reprezentuje.<\/p><p>Pewne \u015bwiat\u0142o na cele tej organizacyjnej krz\u0105taniny rzuci\u0142 w 2008 roku malarz Ronon Eidelman, publikuj\u0105c w niemieckiej prasie artyku\u0142 postuluj\u0105cy przeniesienie Izraela do Europy. Autor wymienia\u0142 dwie alternatywne lokalizacje: Turyngi\u0119 i Polsk\u0119. Poniewa\u017c nie s\u0142ycha\u0107, by &#8211; w przeciwie\u0144stwie do Polski &#8211; w stosunku do Turyngii organizacje przemys\u0142u holokaustu wysuwa\u0142y jakie\u015b roszczenia, to lokalizacja na terenie Polski wydaje si\u0119 bardziej prawdopodobna zw\u0142aszcza, \u017ce w Niemczech malarze niekiedy dochodz\u0105 do wielkiego znaczenia politycznego. Tote\u017c ju\u017c w roku 2009 prezydent Lech Kaczy\u0144ski po\u0142o\u017cy\u0142 kamie\u0144 w\u0119gielny pod Muzeum Historii \u017byd\u00f3w Polskich, kt\u00f3rego nieukrywanym celem jest spreparowanie nowej, politycznie poprawnej wersji historii mniej warto\u015bciowego narodu tubylczego, uwzgl\u0119dniaj\u0105cej zar\u00f3wno potrzeby \u201e<i>pedagogiki wstydu<\/i>\u201d, jak i cele obydwu skoordynowanych polityk historycznych.<\/p><p>Z\u0142o\u017cy\u0142bym dow\u00f3d braku spostrzegawczo\u015bci, gdybym w opisie tej organizacyjnej krz\u0105taniny przeoczy\u0142 dzia\u0142alno\u015b\u0107 \u201e<i>filantropa<\/i>\u201d, czyli finansowego grandziarza Jerzego Sorosa. Kiedy tylko pojawi\u0142y si\u0119 zwiastuny transformacji ustrojowej w krajach Europy \u015arodkowej, pozak\u0142ada\u0142 on tu i tam swoje \u201e<i>instytuty<\/i>\u201d, albo \u201e<i>fundacje<\/i>\u201d, b\u0119d\u0105ce mieszanin\u0105 agentur wp\u0142ywu i gospodarczych wywiadowni, dzi\u0119ki kt\u00f3rym \u201e<i>filantrop<\/i>\u201d m\u00f3g\u0142 stopniowo rozci\u0105ga\u0107 coraz wi\u0119ksz\u0105 kontrol\u0119 nad \u017cyciem publicznym w bantustanach, kt\u00f3rymi akurat si\u0119 interesowa\u0142, podobnie jak przechwytywa\u0107 kontrol\u0119 nad tamtejszymi gospodarkami. W Polsce narz\u0119dziem takim jest Fundacja Batorego, kierowana przez pana Aleksandra Smolara, b\u0119d\u0105cego kim\u015b w rodzaju G\u0142\u00f3wnego Cadyka III Rzeczypospolitej oraz Helsi\u0144ska Fundacja Praw Cz\u0142owieka, wspierana r\u00f3wnie\u017c przez Fundacj\u0119 Spo\u0142ecze\u0144stwa Otwartego &#8211; oczywi\u015bcie za pieni\u0105dze \u201e<i>filantropa<\/i>\u201d.<\/p><p>No a teraz okaza\u0142o si\u0119, \u017ce \u201e<i>filantrop<\/i>\u201d, za po\u015brednictwem MDIF Media Holding, kupi\u0142 ponad 11 procent akcji sp\u00f3\u0142ki \u201e<i>Agora<\/i>\u201d, wydaj\u0105cej m.in. \u201e<i>Gazet\u0119 Wyborcz\u0105<\/i>\u201d pod redakcj\u0105 pana redaktora Adama Michnika. \u201e<i>Gazeta Wyborcza<\/i>\u201d jest dla \u015brodowiska pozostaj\u0105cego pod jej wp\u0142ywem najwa\u017cniejszym czynnikiem opiniotw\u00f3rczym i gdyby tak pan red. Michnik si\u0119 przezi\u0119bi\u0142, to tragedia; zupe\u0142nie nie wiemy, co my\u015blimy. Obecnie \u201e<i>Gazeta Wyborcza<\/i>\u201d, wraz z mediami kontrolowanymi przez Wojskowe S\u0142u\u017cby Informacyjne, jest istotnym elementem w strategii obalenia aktualnego rz\u0105du w Polsce przy pomocy interwencji Unii Europejskiej. Co sobie po tym obiecuj\u0105 Niemcy, to jedna sprawa; by\u0107 mo\u017ce za\u0142atwienie remanent\u00f3w, oczekuj\u0105cych na to ju\u017c ponad 70 lat &#8211; bo nie ulega w\u0105tpliwo\u015bci, \u017ce \u015brodowiska \u017cydowskie licz\u0105 na realizacj\u0119 \u201e<i>roszcze\u0144<\/i>\u201d. Skoro do akcji w\u0142\u0105czy\u0142 si\u0119 \u201e<i>filantrop<\/i>\u201d, to nieomylny to znak, \u017ce operacja wchodzi w decyduj\u0105c\u0105 faz\u0119.<\/p><p><strong><em>Stanis\u0142aw Michalkiewicz<\/em><\/strong><\/p><p><i>Sta\u0142y komentarz Stanis\u0142awa Michalkiewicza ukazuje si\u0119 w ka\u017cdym numerze tygodnika \u201eNajwy\u017cszy Czas!\u201d.<\/i><\/p><p>Felieton \u00a0<b>\u2022<\/b>\u00a0 tygodnik \u201eNajwy\u017cszy Czas!\u201d \u00a0<b>\u2022<\/b>\u00a0 17 czerwca 2016<\/p>","protected":false},"excerpt":{"rendered":"Wydarzenia dni ostatnich pokazuj\u0105, \u017ce by\u0107 mo\u017ce nie tylko nadchodz\u0105 zapowiadane \u201edni ostatnie\u201d, ale przede wszystkim &#8211; \u017ce scenariusz rozbiorowy naszego nieszcz\u0119\u015bliwego kraju zaczyna nabiera\u0107 rumie\u0144c\u00f3w. Jak zauwa\u017cy\u0142 w \u201eG\u0142osie Pana\u201d Stanis\u0142aw Lem &#8211; \u201enawet konklawe mo\u017cna doprowadzi\u0107 do ludo\u017cerstwa, byle tylko post\u0119powa\u0107 cierpliwie i metodycznie\u201d &#8211; a w\u0142a\u015bnie z takim metodycznym post\u0119powaniem mamy do [&hellip;]","protected":false},"author":1,"featured_media":0,"comment_status":"closed","ping_status":"closed","sticky":false,"template":"","format":"standard","meta":{"_acf_changed":false,"_monsterinsights_skip_tracking":false,"ngg_post_thumbnail":0,"footnotes":"","_wp_rev_ctl_limit":""},"categories":[328,9],"tags":[22,98,53,34],"acf":[],"_links":{"self":[{"href":"https:\/\/www.bibula.com\/index.php?rest_route=\/wp\/v2\/posts\/88112"}],"collection":[{"href":"https:\/\/www.bibula.com\/index.php?rest_route=\/wp\/v2\/posts"}],"about":[{"href":"https:\/\/www.bibula.com\/index.php?rest_route=\/wp\/v2\/types\/post"}],"author":[{"embeddable":true,"href":"https:\/\/www.bibula.com\/index.php?rest_route=\/wp\/v2\/users\/1"}],"replies":[{"embeddable":true,"href":"https:\/\/www.bibula.com\/index.php?rest_route=%2Fwp%2Fv2%2Fcomments&post=88112"}],"version-history":[{"count":0,"href":"https:\/\/www.bibula.com\/index.php?rest_route=\/wp\/v2\/posts\/88112\/revisions"}],"wp:attachment":[{"href":"https:\/\/www.bibula.com\/index.php?rest_route=%2Fwp%2Fv2%2Fmedia&parent=88112"}],"wp:term":[{"taxonomy":"category","embeddable":true,"href":"https:\/\/www.bibula.com\/index.php?rest_route=%2Fwp%2Fv2%2Fcategories&post=88112"},{"taxonomy":"post_tag","embeddable":true,"href":"https:\/\/www.bibula.com\/index.php?rest_route=%2Fwp%2Fv2%2Ftags&post=88112"}],"curies":[{"name":"wp","href":"https:\/\/api.w.org\/{rel}","templated":true}]}}