{"id":88033,"date":"2016-06-10T09:08:11","date_gmt":"2016-06-10T13:08:11","guid":{"rendered":"http:\/\/www.bibula.com\/?p=88033"},"modified":"2016-06-10T09:08:11","modified_gmt":"2016-06-10T13:08:11","slug":"apel-srodowisk-kresowych-i-patriotycznych-do-sejmu-i-senatu-rzeczypospolitej-polskiej","status":"publish","type":"post","link":"https:\/\/www.bibula.com\/?p=88033","title":{"rendered":"Apel \u015brodowisk kresowych i patriotycznych do Sejmu i Senatu Rzeczypospolitej Polskiej"},"content":{"rendered":"<p><strong>\u015arodowiska kresowe oraz patriotyczne wystosowa\u0142y apel do Sejmu i Senatu RP dotycz\u0105cy upami\u0119tnienia ofiar ludob\u00f3jstwa dokonanego przez ukrai\u0144skich szowinist\u00f3w z OUN-UPA. Pod apelem podpisali si\u0119 mi\u0119dzy innymi pos\u0142owie, arty\u015bci oraz dziennikarze.<\/strong><\/p><p style=\"padding-left: 30px;\"><strong>Apel \u015brodowisk kresowych i patriotycznych<\/strong><\/p><p style=\"padding-left: 30px;\"><strong>do Sejmu i Senatu Rzeczypospolitej Polskiej<\/strong><\/p><p style=\"padding-left: 30px;\">My, ni\u017cej podpisani, zebrani w Sejmie RP przedstawiciele \u015brodowisk patriotycznych \u00a0i kresowych, zwracamy si\u0119 do wszystkich Pos\u0142\u00f3w i Senator\u00f3w o godne i zgodne z prawd\u0105 historyczn\u0105 upami\u0119tnienie ofiar ludob\u00f3jstwa dokonanego na Kresach Wschodnich II Rzeczypospolitej przez ukrai\u0144skich szowinist\u00f3w spod znaku OUN-UPA. Z najwy\u017cszym niepokojem przyjmujemy niezrozumia\u0142e przeci\u0105ganie prac nad ustaw\u0105 w sprawie ustanowienia 11 lipca \u201eNarodowym Dniem Pami\u0119ci Ofiar Ludob\u00f3jstwa dokonanego przez OUN-UPA na obywatelach polskich na Kresach Wschodnich II Rzeczypospolitej Polskiej\u201d.<\/p><p style=\"padding-left: 30px;\">Uwa\u017camy, \u017ce m\u0119cze\u0144stwo Kresowian i tragiczne zdarzenia, w jakie obfitowa\u0142a historia Kres\u00f3w w XX wieku, zas\u0142uguj\u0105 na godne, ca\u0142o\u015bciowe upami\u0119tnienie. Jednak data 11 lipca, czyli kolejna rocznica tzw. \u201ekrwawej niedzieli\u201d, jest szczeg\u00f3lnie, \u015bci\u015ble zwi\u0105zana z ludob\u00f3jstwem dokonanym przez OUN-UPA i powinna by\u0107 po\u015bwi\u0119cona szczeg\u00f3lnemu upami\u0119tnieniu tego wydarzenia. Najwy\u017csza pora by Sejm Rzeczypospolitej Polskiej, po 27 latach od upadku komunizmu, odda\u0142 nale\u017cny ho\u0142d ofiarom, napi\u0119tnowa\u0142 sprawc\u00f3w i nazwa\u0142 rzecz po imieniu. Zw\u0142aszcza, \u017ce \u015brodowiska kresowe od lat organizuj\u0105 11 lipca obchody upami\u0119tniaj\u0105ce dokonane ludob\u00f3jstwo i data ta zosta\u0142a utrwalona ju\u017c w \u015bwiadomo\u015bci spo\u0142ecznej.<\/p><p style=\"padding-left: 30px;\">Apelujemy o przyj\u0119cie przed 11 lipca 2016 r. ustawy, kt\u00f3ra w tytule, tre\u015bci i w uzasadnieniu b\u0119dzie jednoznacznie m\u00f3wi\u0142a o ludob\u00f3jstwie dokonanym przez OUN-UPA. Popieraj\u0105c s\u0142owa Jaros\u0142awa Kaczy\u0144skiego o tym, \u017ce nale\u017cy upami\u0119tni\u0107 dat\u0119 17 wrze\u015bnia, nie znajdujemy najmniejszego powodu, dla kt\u00f3rego 11 lipca nie mia\u0142by by\u0107 szczeg\u00f3lnie dedykowany pami\u0119ci ludob\u00f3jstwa na Kresach Po\u0142udniowo-Wschodnich.<\/p><p style=\"padding-left: 30px;\">Najwy\u017cszy czas by polski parlament zerwa\u0142 w tej sprawie zmow\u0119 milczenia, wyg\u0142aszania p\u00f3\u0142prawd i jawnego fa\u0142szowania historii. Tylko pojednanie oparte na prawdzie historycznej ma szans\u0119 zbudowa\u0107 trwa\u0142e i dobre relacje mi\u0119dzy Polsk\u0105 a Ukrain\u0105.<\/p><p style=\"padding-left: 30px;\">\u201d\u201d\u201d\u201d\u201d\u201d\u201d\u201d\u201d\u201d-<\/p><p style=\"padding-left: 30px;\">Podpisali przedstawiciele \u015brodowisk kresowych i patriotycznych:<\/p><p style=\"padding-left: 30px;\">(-) Robert Winnicki &#8211; Prezes Ruchu Narodowego, Pose\u0142 na Sejm RP, Przewodnicz\u0105cy Narodowo-Demokratycznego Zespo\u0142u Parlamentarnego<\/p><p style=\"padding-left: 30px;\">(-) El\u017cbieta Borowska &#8211; Pose\u0142 na Sejm RP, Wiceprzewodnicz\u0105ca Parlamentarnego Zespo\u0142u ds. Kres\u00f3w, Kresowian i Dziedzictwa Ziem Wschodnich Dawnej Rzeczypospolitej<\/p><p style=\"padding-left: 30px;\">(-) Jan Klawiter &#8211; Pose\u0142 na Sejm RP<\/p><p style=\"padding-left: 30px;\">(-) Wojciech Bakun &#8211; Pose\u0142 na Sejm RP<\/p><p style=\"padding-left: 30px;\">(-) Stanis\u0142aw Srokowski &#8211; poeta, prozaik, publicysta, Kresowianin, \u015bwiadek tragicznych akcji ludob\u00f3jczych<\/p><p style=\"padding-left: 30px;\">(-) Portal Kresy.pl<\/p><p style=\"padding-left: 30px;\">(-) Federacja Organizacji Kresowych<\/p><p style=\"padding-left: 30px;\">(-) Jacek Marczy\u0144ski &#8211; cz\u0142onek zarz\u0105du Stowarzyszenia Memoriae Fidelis<\/p><p style=\"padding-left: 30px;\">(-) ks. Ryszard Halwa &#8211; Portal Prawy.pl<\/p><p style=\"padding-left: 30px;\">(-) Aleksander Szycht &#8211; Stowarzyszenie Memoriae Fidelis<\/p><p style=\"padding-left: 30px;\">(-) Ewa Wielgat &#8211; Fundacja Niepodleg\u0142o\u015bci<\/p><p style=\"padding-left: 30px;\">(-) Czes\u0142awa Drewniak &#8211; Towarzystwo Mi\u0142o\u015bnik\u00f3w Wo\u0142ynia i Polesia<\/p><p style=\"padding-left: 30px;\">(-) Marcin Kalicki &#8211; Towarzystwo Mi\u0142o\u015bnik\u00f3w Polskiej Tradycji i Kultury<\/p><p style=\"padding-left: 30px;\">(-) Filip Akkad &#8211; Stowarzyszenie Memoriae Fidelis<\/p><p style=\"padding-left: 30px;\">(-) Marcin Olszewski &#8211; Stowarzyszenie Memoriae Fidelis<\/p><p style=\"padding-left: 30px;\">(-) Mateusz Marzoch &#8211; Stowarzyszenie M\u0142odzie\u017c Wszechpolska, Stowarzyszenie Marsz Niepodleg\u0142o\u015bci<\/p><p style=\"padding-left: 30px;\">(-) Miros\u0142aw Kowzan &#8211; autor ksi\u0105\u017cki opisuj\u0105cej\u00a0 ludob\u00f3jstwo mieszka\u0144c\u00f3w Perczyna dokonane przez bandy UPA w 1943 r.<\/p><p style=\"padding-left: 30px;\">(-) Jacek Kozak &#8211; Stowarzyszenie Weteranow Polskich Formacji Granicznych<\/p><p style=\"padding-left: 30px;\">(-) Witold Listowski &#8211; Prezes Zwi\u0105zku Organizacji Kresowych i Kombatanckich, Prezes Stowarzyszenie Kresowian w K\u0119dzierzynie-Ko\u017alu<\/p><p style=\"padding-left: 30px;\">(-) Dariusz Raczkiewicz &#8211; p\u0142k rez., adwokat, cz\u0142onek Zarz\u0105du Patriotycznego Zwi\u0105zku Organizacji Kresowych i Kombatanckich<\/p><p style=\"padding-left: 30px;\">(-) Piotr Szel\u0105gowski &#8211; wsp\u00f3\u0142autor projektu ustawy Kukiz\u201915 11 lipca \u201eNarodowym Dniem Pami\u0119ci Ofiar Ludob\u00f3jstwa dokonanego przez OUN-UPA na obywatelach polskich na Kresach Wschodnich II Rzeczypospolitej Polskiej\u201d, tw\u00f3rca blogosfery bezprzesady.com<\/p><p style=\"padding-left: 30px;\">(-) dr Maria Jazownik &#8211; nauczyciel akademicki<\/p><p style=\"padding-left: 30px;\">(-) prof. nadzw. Leszek Jazownik &#8211; nauczyciel akademicki<\/p><p style=\"padding-left: 30px;\">(-) Danuta Wojtowicz &#8211; wolyn-metryki.pl\/joomla\/<\/p><p style=\"padding-left: 30px;\">(-) Marcin Skalski &#8211; publicysta, potomek Kresowian, ofiar Zbrodni Katy\u0144skiej<\/p>","protected":false},"excerpt":{"rendered":"\u015arodowiska kresowe oraz patriotyczne wystosowa\u0142y apel do Sejmu i Senatu RP dotycz\u0105cy upami\u0119tnienia ofiar ludob\u00f3jstwa dokonanego przez ukrai\u0144skich szowinist\u00f3w z OUN-UPA. Pod apelem podpisali si\u0119 mi\u0119dzy innymi pos\u0142owie, arty\u015bci oraz dziennikarze.Apel \u015brodowisk kresowych i patriotycznychdo Sejmu i Senatu Rzeczypospolitej PolskiejMy, ni\u017cej podpisani, zebrani w Sejmie RP przedstawiciele \u015brodowisk patriotycznych \u00a0i kresowych, zwracamy si\u0119 do wszystkich [&hellip;]","protected":false},"author":1,"featured_media":0,"comment_status":"closed","ping_status":"closed","sticky":false,"template":"","format":"standard","meta":{"_acf_changed":false,"_monsterinsights_skip_tracking":false,"_monsterinsights_sitenote_active":false,"_monsterinsights_sitenote_note":"","_monsterinsights_sitenote_category":0,"ngg_post_thumbnail":0,"footnotes":"","_wp_rev_ctl_limit":""},"categories":[215],"tags":[98,188,17],"acf":[],"_links":{"self":[{"href":"https:\/\/www.bibula.com\/index.php?rest_route=\/wp\/v2\/posts\/88033"}],"collection":[{"href":"https:\/\/www.bibula.com\/index.php?rest_route=\/wp\/v2\/posts"}],"about":[{"href":"https:\/\/www.bibula.com\/index.php?rest_route=\/wp\/v2\/types\/post"}],"author":[{"embeddable":true,"href":"https:\/\/www.bibula.com\/index.php?rest_route=\/wp\/v2\/users\/1"}],"replies":[{"embeddable":true,"href":"https:\/\/www.bibula.com\/index.php?rest_route=%2Fwp%2Fv2%2Fcomments&post=88033"}],"version-history":[{"count":0,"href":"https:\/\/www.bibula.com\/index.php?rest_route=\/wp\/v2\/posts\/88033\/revisions"}],"wp:attachment":[{"href":"https:\/\/www.bibula.com\/index.php?rest_route=%2Fwp%2Fv2%2Fmedia&parent=88033"}],"wp:term":[{"taxonomy":"category","embeddable":true,"href":"https:\/\/www.bibula.com\/index.php?rest_route=%2Fwp%2Fv2%2Fcategories&post=88033"},{"taxonomy":"post_tag","embeddable":true,"href":"https:\/\/www.bibula.com\/index.php?rest_route=%2Fwp%2Fv2%2Ftags&post=88033"}],"curies":[{"name":"wp","href":"https:\/\/api.w.org\/{rel}","templated":true}]}}