{"id":88007,"date":"2016-06-09T10:20:03","date_gmt":"2016-06-09T14:20:03","guid":{"rendered":"http:\/\/www.bibula.com\/?p=88007"},"modified":"2016-06-09T10:20:03","modified_gmt":"2016-06-09T14:20:03","slug":"woycicki-chce-aresztowania-ksiedza-isakowicza-zalewskiego","status":"publish","type":"post","link":"https:\/\/www.bibula.com\/?p=88007","title":{"rendered":"W\u00f3ycicki chce aresztowania ksi\u0119dza Isakowicza-Zalewskiego?"},"content":{"rendered":"<p><strong>Kazimierz W\u00f3ycicki, znany ze skrajnie pro-ukrai\u0144skich pogl\u0105d\u00f3w wyk\u0142adowca Studium Europy Wschodniej Uniwersytetu Warszawskiego, po raz kolejny zaatakowa\u0142 ksi\u0119dza Tadeusza Isakowicza-Zaleskiego. W\u00f3ycicki dziwi si\u0119, \u017ce kap\u0142an &#8222;cieszy si\u0119 ze swobody&#8221;.<\/strong><\/p><p>Tym razem W\u00f3ycicki, na swoim blogu odnosi si\u0119 do nominacji na stanowisko ambasadora RP w Kijowie znanego z r\u00f3wnie pro-ukrai\u0144skich pogl\u0105d\u00f3w Jana Piek\u0142o. Ten ostatni nie ukrywa, \u017ce chce by\u0107 pasem transmisyjnym pogl\u0105d\u00f3w elit ukrai\u0144skich do Polski oraz wzywa do niepodnoszenia sprawy kresowego ludob\u00f3jstwa w stosunkach z Ukrain\u0105. Wzbudza tym entuzjazm W\u00f3ycickiego, kt\u00f3ry uwa\u017ca go za w\u0142a\u015bciwego cz\u0142owieka na w\u0142a\u015bciwym miejscu w dziele &#8222;polsko-ukrai\u0144skiego pojednania&#8221;, kt\u00f3re w optyce W\u00f3ycickiego urasta do rangi nadrz\u0119dnej konieczno\u015bci dziejowej. Powo\u0142uje si\u0119 na s\u0142owa fetowanego przez siebie ambasadora o tym, \u017ce \u201eZar\u00f3wno Rosja, jak i nie\u017cyczliwi obywatele usi\u0142uj\u0105 zrobi\u0107 wszystko, \u017ceby do pojednania nie dosz\u0142o\u201d.<br \/><br \/>W\u00f3ycicki usi\u0142uje przedstawi\u0107 bohatera antykomunistycznej opozycji ks. Tadeusza Isakowicza-Zaleskiego jako dzia\u0142aj\u0105cego na rzecz interes\u00f3w Rosji. Por\u00f3wnuje go przy tym do aresztowanego niedawno pod zarzutami szpiegostwa na rzecz Chin i Rosji Mateusza Piskorskiego. &#8222;Isakowicz-Zaleski winien podj\u0105\u0107 si\u0119 jeszcze jednego zadania &#8211; winien zosta\u0107 duszpasterzem niby-partii Zmiana. Jego niby-duszpasterstwo pasowa\u0142oby do tej niby partii. By\u0142oby to dla niego w\u0142a\u015bciwe miejsce i mo\u017ce wreszcie znalaz\u0142by si\u0119 obok Mateusza Piskorskiego&#8221; &#8211; pisze W\u00f3ycicki. Co spowodowa\u0142o tak\u0105 frustracj\u0119? Fakt krytycznego nastawienia kap\u0142ana wobec nominacji Jana Piek\u0142o na stanowisko ambasadora RP w Kijowie oraz stanowisko wobec niedawnego, kontrowersyjnego listu otwartego ukrai\u0144skich prominent\u00f3w do Polak\u00f3w. W li\u015bcie tym trzech by\u0142ych prezydent\u00f3w Ukrainy, ukrai\u0144scy zwierzchnicy religijni oraz intelektuali\u015bci, ukazali ludob\u00f3jstwo dokonane przez OUN-UPA jako &#8222;tragedi\u0119&#8221; i &#8222;konflikt&#8221; pr\u00f3buj\u0105c w dodatku budowa\u0107 symetri\u0119 mi\u0119dzy dzia\u0142aniami Ukrai\u0144c\u00f3w i Polak\u00f3w. Uciekli si\u0119 tak\u017ce do szanta\u017cu, podobnie jak to robi W\u00f3ycicki, strasz\u0105c Rosj\u0105. Wyk\u0142adowca SEW UW akceptuje zreszt\u0105 w pe\u0142ni ten przekaz.<br \/><br \/>Krytycyzm kap\u0142ana wobec kontrowersyjnego listu otwartego W\u00f3ycicki przedstawia jako &#8222;nienawistny g\u0142os skierowany przeciw Ukrainie i Ukrai\u0144com&#8221;, twierdz\u0105c te\u017c, \u017ce &#8222;jest zawsze s\u0142yszalny, gdy Polacy i Ukrai\u0144cy zbli\u017caj\u0105 si\u0119 do siebie&#8221;. Dalej twierdzi, \u017ce &#8222;Tylko niewiele os\u00f3b popisa\u0142o si\u0119 takim dorobkiem starannie dawkowanej nienawi\u015bci do Ukrainy i Ukrai\u0144c\u00f3w&#8221; jak ks. Isakowicz-Zaleski, kt\u00f3ry rzekomo &#8222;paso\u017cytuje na pami\u0119ci tragedii Wo\u0142ynia 43&#8221; &#8211; tak jakby kresowe ludob\u00f3jstwo, kt\u00f3re od lat odkrywa przed pini\u0105 publiczn\u0105 kap\u0142an, dotyczy\u0142o tylko Wo\u0142ynia i tylko roku 1943. Dla W\u00f3ycickiego nie ma to wielkiego znaczenia, gdy\u017c uznaje dzia\u0142alno\u015b\u0107 ks. Isakowicza-Zaleskiego za &#8222;zgodn\u0105 z kierunkami moskiewskiej propagandy&#8221;. Frustracj\u0119 W\u00f3ycickiego wywo\u0142uje fakt, \u017ce &#8222;Isakowicz-Zalewski cieszy si\u0119 natomiast ze swobody, kt\u00f3r\u0105 wykorzystuje by w niezwykle intensywnej i systematycznej politycznej dzia\u0142alno\u015bci, sia\u0107 niezgod\u0119 mi\u0119dzy\u00a0 Polakami a Ukrai\u0144cami&#8221; sugeruj\u0105c najwyra\u017aniej, tak\u017ce przez por\u00f3wnanie do Piskorskiego, \u017ce kap\u0142an powinien by\u0107 uwi\u0119ziony.<br \/><br \/>kazwoy.wordpress.com\/kresy.pl<\/p>","protected":false},"excerpt":{"rendered":"Kazimierz W\u00f3ycicki, znany ze skrajnie pro-ukrai\u0144skich pogl\u0105d\u00f3w wyk\u0142adowca Studium Europy Wschodniej Uniwersytetu Warszawskiego, po raz kolejny zaatakowa\u0142 ksi\u0119dza Tadeusza Isakowicza-Zaleskiego. W\u00f3ycicki dziwi si\u0119, \u017ce kap\u0142an &#8222;cieszy si\u0119 ze swobody&#8221;.Tym razem W\u00f3ycicki, na swoim blogu odnosi si\u0119 do nominacji na stanowisko ambasadora RP w Kijowie znanego z r\u00f3wnie pro-ukrai\u0144skich pogl\u0105d\u00f3w Jana Piek\u0142o. Ten ostatni nie ukrywa, [&hellip;]","protected":false},"author":1,"featured_media":0,"comment_status":"closed","ping_status":"closed","sticky":false,"template":"","format":"standard","meta":{"_acf_changed":false,"_monsterinsights_skip_tracking":false,"_monsterinsights_sitenote_active":false,"_monsterinsights_sitenote_note":"","_monsterinsights_sitenote_category":0,"ngg_post_thumbnail":0,"footnotes":"","_wp_rev_ctl_limit":""},"categories":[8],"tags":[65,16,98,167,17],"acf":[],"_links":{"self":[{"href":"https:\/\/www.bibula.com\/index.php?rest_route=\/wp\/v2\/posts\/88007"}],"collection":[{"href":"https:\/\/www.bibula.com\/index.php?rest_route=\/wp\/v2\/posts"}],"about":[{"href":"https:\/\/www.bibula.com\/index.php?rest_route=\/wp\/v2\/types\/post"}],"author":[{"embeddable":true,"href":"https:\/\/www.bibula.com\/index.php?rest_route=\/wp\/v2\/users\/1"}],"replies":[{"embeddable":true,"href":"https:\/\/www.bibula.com\/index.php?rest_route=%2Fwp%2Fv2%2Fcomments&post=88007"}],"version-history":[{"count":0,"href":"https:\/\/www.bibula.com\/index.php?rest_route=\/wp\/v2\/posts\/88007\/revisions"}],"wp:attachment":[{"href":"https:\/\/www.bibula.com\/index.php?rest_route=%2Fwp%2Fv2%2Fmedia&parent=88007"}],"wp:term":[{"taxonomy":"category","embeddable":true,"href":"https:\/\/www.bibula.com\/index.php?rest_route=%2Fwp%2Fv2%2Fcategories&post=88007"},{"taxonomy":"post_tag","embeddable":true,"href":"https:\/\/www.bibula.com\/index.php?rest_route=%2Fwp%2Fv2%2Ftags&post=88007"}],"curies":[{"name":"wp","href":"https:\/\/api.w.org\/{rel}","templated":true}]}}