{"id":88004,"date":"2016-06-09T10:08:46","date_gmt":"2016-06-09T14:08:46","guid":{"rendered":"http:\/\/www.bibula.com\/?p=88004"},"modified":"2016-06-09T10:08:46","modified_gmt":"2016-06-09T14:08:46","slug":"w-austrii-glosowali-14-latkowie-i-wariaci-wygral-kandydat-lewicy","status":"publish","type":"post","link":"https:\/\/www.bibula.com\/?p=88004","title":{"rendered":"W Austrii g\u0142osowali 14-latkowie i wariaci. Wygra\u0142 kandydat lewicy&#8230;"},"content":{"rendered":"<p><strong><em>Oficjalnie podwa\u017cone wybory prezydenckie w Austrii!<\/em><em> Liczne nieprawid\u0142owo\u015bci i b\u0142\u0119dy.<\/em><\/strong><\/p><p>14-latkowie uczestniczyli w\u00a0wyborach, inni oddawali podw\u00f3jne g\u0142osy. W\u00a0komputer wpisano z\u0142e wyniki, a\u00a0niekt\u00f3re karty wyborcze z\u00a0g\u00f3ry uznano za\u00a0niewa\u017cne. Chaos i\u00a0manipulacja wyborcza w\u00a0Austrii, do\u00a0niedawna ostoi\u00a0demokracji.<\/p><p>Prawicowa Partia Wolno\u015bciowa Austrii FP\u00c3\u2013 (Freiheitliche Partei \u00c3\u2013sterreichs), kt\u00f3rej kandydat Norbert Hofer jedynie o\u00a030\u00a0tys. g\u0142os\u00f3w przegra\u0142 wybory prezydenckie, o\u015bwiadczy\u0142a dzisiaj, \u017ce\u00a0podwa\u017ca wynik tych wybor\u00f3w i\u00a0podaje je\u00a0do Trybuna\u0142u Konstytucyjnego. Szef partii Heinz-Christian Strache powiedzia\u0142 wprost: \u201eDosz\u0142o do\u00a0wielkiej ilo\u015bci nieprawid\u0142owo\u015bci i\u00a0b\u0142\u0119d\u00f3w. Bez nich Norbert Hofer m\u00f3g\u0142 by\u0107 dzisiaj prezydentem Austrii. Wymiar tych gaf jest zatrwa\u017caj\u0105cy.\u201d<\/p><p>FP\u00c3\u2013 z\u0142o\u017cy\u0142a na\u00a0r\u0119ce wiede\u0144skiego S\u0105du (Trybuna\u0142u) Konstytucyjnego a\u017c\u00a0150-stronnicowy dokument, w\u00a0kt\u00f3rym dok\u0142adnie, komisja po\u00a0komisji, wykazuje b\u0142\u0119dy, do\u00a0kt\u00f3rych dosz\u0142o podczas II\u00a0tury wybor\u00f3w prezydenckich\u00a0w\u00a0Austrii.<\/p><p>Przypomnijmy, \u017ce\u00a0jeszcze w\u00a0I\u00a0turze wygra\u0142 prawicowy Norbert Hofer i\u00a0mia\u0142 du\u017co, bo\u00a015% g\u0142os\u00f3w przewagi nad drugim kandydatem, wystawionym przez Zielonych, jednak nie osi\u0105gn\u0105\u0142 po\u0142owy g\u0142os\u00f3w, a\u00a0wi\u0119c konieczna by\u0142a II\u00a0tura. Tak\u017ce w\u00a0II\u00a0turze wygra\u0142 (mimo straszliwej nagonki medialnej ze\u00a0strony mainstreamu) zliczaj\u0105c g\u0142osy oddane w\u00a0lokalach wyborczych; mia\u0142 ich ok. 150 tys. wi\u0119cej. Dopiero g\u0142osy korespondencyjne (w\u00a0sumie 14% wszystkich g\u0142os\u00f3w) &#8211; podliczone dzie\u0144 p\u00f3\u017aniej &#8211; da\u0142y nagle minimalne zwyci\u0119stwo kandydatowi lewicy, Alexandrowi Van der\u00a0Bellenowi.<\/p><p>W\u00a0Austrii po\u00a0tych wyborach rysuje si\u0119 wielki podzia\u0142 spo\u0142ecze\u0144stwa. Rozgoryczeni wyborcy prawicy nie mog\u0105 si\u0119 pogodzi\u0107 z\u00a0tak nieprawdopodobnym obrotem spraw i\u00a0domagaj\u0105 si\u0119 powt\u00f3rki wybor\u00f3w oraz likwidacji g\u0142os\u00f3w korespondencyjnych. Z\u00a0kolei zwolennicy lewicy t\u0142umacz\u0105, \u017ce\u00a0sympatycy Hofera to\u00a0<em>antydemokratyczni faszy\u015bci, kt\u00f3rzy wsz\u0119dzie wietrz\u0105 spiski<\/em>.<\/p><p><strong>Mi\u0119dzynarodowy j\u0119zyk lewicy pozostaje wi\u0119c wci\u0105\u017c ten sam, czy to\u00a0nad Wis\u0142\u0105, czy te\u017c nad\u00a0Dunajem.<\/strong><\/p><p>Tymczasem w\u00a0Austrii powod\u00f3w do\u00a0sceptycyzmu i\u00a0podejrze\u0144 jest naprawd\u0119 du\u017co. W\u00a0wyborach prezydenckich oddano tam \u0142\u0105cznie 806 768 tys. g\u0142os\u00f3w korespondencyjnych. Oznacza to, \u017ce\u00a0wyborca nie wybiera\u0142 kandydat\u00f3w w\u00a0lokalu, ale ju\u017c wcze\u015bniej poczt\u0105 dosta\u0142 list z\u00a0kart\u0105 od\u00a0odpowiednich urz\u0119d\u00f3w, na\u00a0niej skre\u015bli\u0142 swojego kandydata i\u00a0odes\u0142a\u0142 to\u00a0z\u00a0powrotem do\u00a0urz\u0119du. Okazuje si\u0119 jednak, \u017ce\u00a0a\u017c\u00a046\u00a0800 z\u00a0tych kart nie wzi\u0119to w\u00a0og\u00f3le pod uwag\u0119 przy liczeniu. Austriacka komisja wyborcza t\u0142umaczy si\u0119 tym, \u017ce\u00a0albo brakowa\u0142o na\u00a0nich podpis\u00f3w, albo wys\u0142ano karty za\u00a0p\u00f3\u017ano lub za\u00a0wcze\u015bnie, u\u017cyto niew\u0142a\u015bciwych kopert, czasem podobno <em>nie da\u0142o si\u0119 odczyta\u0107 imienia oraz nazwiska <\/em>nadawcy. Tych g\u0142os\u00f3w nie brano wi\u0119c pod uwag\u0119 przy liczeniu.<\/p><p>Pikanterii dodaje jednak fakt, \u017ce\u00a0do\u00a0takich \u201eb\u0142\u0119d\u00f3w\u201d nieproporcjonalnie cz\u0119sto dosz\u0142o w\u00a0austriackim landzie K\u00c3\u00a4rnten (Karyntia), kt\u00f3ry jest absolutnym bastionem prawicy i\u00a0partii FP\u00c3\u2013. Por\u00f3wnuj\u0105c to\u00a0do\u00a0polskich reali\u00f3w mieliby\u015bmy do\u00a0czynienia z\u00a0sytuacj\u0105, kiedy nagle na Podkarpaciu wiele g\u0142os\u00f3w okazuje si\u0119 niewa\u017cnych, przez co\u00a0PiS ma\u00a0tam znacznie s\u0142abszy wynik. Podejrzliwo\u015b\u0107 austriackich prawicowc\u00f3w wydaje si\u0119 wi\u0119c\u00a0uzasadniona.<\/p><p>W\u00a0kontek\u015bcie g\u0142os\u00f3w korespondencyjnych kontrowersje wzbudza r\u00f3wnie\u017c fakt oddania g\u0142os\u00f3w przez opiekun\u00f3w prawnych os\u00f3b ubezw\u0142asnowolnionych. Chodzi tutaj o\u00a0ludzi chorych psychicznie lub upo\u015bledzonych, dla kt\u00f3rych s\u0105downie ustalono innego przedstawiciela. Takich przypadk\u00f3w w\u00a0Austrii jest 60\u00a0tys. Opiekun oddaje dwa g\u0142osy -sw\u00f3j oraz teoretycznie osoby ubezw\u0142asnowolnionej. W\u00a0praktyce jednak nie spos\u00f3b tego skontrolowa\u0107, a\u00a0niezale\u017cnie od stopnia choroby psychicznej, obywatel w\u00a0Austrii nigdy nie traci swego prawa wyborczego, nawet je\u017celi zosta\u0142\u00a0ubezw\u0142asnowolniony.<\/p><p>Dalej Austria jest podzielona na\u00a0117 powiat\u00f3w wyborczych. W\u00a094\u00a0(!) z\u00a0nich stwierdzono \u0142amanie prawa wyborczego w\u00a0mniejszym lub wi\u0119kszym stopniu. W\u00a082\u00a0jeszcze przed posiedzeniem komisji posegregowano karty korespondencyjne na\u00a0wa\u017cne i\u00a0niewa\u017cne, przy czym tych drugich w\u00a0og\u00f3le nie liczono. W\u00a017\u00a0komisjach listy z\u00a0kartami by\u0142y ju\u017c otwarte! Dotyczy to\u00a0a\u017c\u00a0120 067 g\u0142os\u00f3w. Jeszcze bardziej kuriozalna sytuacja mia\u0142a miejsce w\u00a0czterech powiatach, gdzie g\u0142osy korespondencyjne zosta\u0142y policzone ju\u017c\u2026 przed posiedzeniem komisji. M\u00f3wimy w\u00a0tym przypadku o\u00a030\u00a0295 g\u0142osach. Za\u015b w\u00a0kolejnych siedmiu powiatach karty by\u0142y liczone nie przez cz\u0142onk\u00f3w komisji, lecz osoby do\u00a0tego nieuprawnione. To\u00a0kolejne 58\u00a0374 g\u0142os\u00f3w. Ponadto Alexander Van der Bellen otrzyma\u0142 o\u00a0163 g\u0142os\u00f3w za\u00a0du\u017co, poniewa\u017c zaliczono mu\u00a0g\u0142osy niepoprawnie wpisane do\u00a0systemu\u00a0komputerowego.<\/p><p>Zwraca uwag\u0119 tak\u017ce ilo\u015b\u0107 g\u0142os\u00f3w niewa\u017cnych, kt\u00f3rych by\u0142o 165 212, czyli a\u017c\u00a0o\u00a078\u00a0proc. wi\u0119cej ni\u017c w\u00a0I\u00a0turze. Natomiast karta wyborcza II\u00a0tury by\u0142a najprostsza z\u00a0mo\u017cliwych, gdy\u017c spo\u015br\u00f3d dw\u00f3ch kandydat\u00f3w nale\u017ca\u0142o zakre\u015bli\u0107 jednego. Nie mo\u017cna wi\u0119c wyt\u0142umaczy\u0107 tego dziwnego i\u00a0wielkiego wzrostu domnieman\u0105 <em>g\u0142upot\u0105 wyborc\u00f3w<\/em> &#8211; jak na\u00a0przyk\u0142ad starano si\u0119 to\u00a0zrobi\u0107 w przypadku ksi\u0105\u017ceczek ostatnich wybor\u00f3w samorz\u0105dowych w\u00a0Polsce. Owszem, w Austrii podczas II\u00a0tury wi\u0119cej ludzi przyst\u0105pi\u0142o do\u00a0urn, dok\u0142adnie o\u00a06,2\u00a0proc. Przeliczaj\u0105c to\u00a0na\u00a0ilo\u015b\u0107 g\u0142os\u00f3w niewa\u017cnych powinno ich zatem by\u0107 ok. 98\u00a0tys. A\u00a0by\u0142o 165\u00a0212.<\/p><p>To\u00a0nie koniec dziwnych przypadk\u00f3w. W\u00a0gminie Miesenbach sw\u00f3j g\u0142os odda\u0142o 6\u00a0os\u00f3b poni\u017cej 16. roku \u017cycia, a\u00a0wi\u0119c nie mia\u0142y do\u00a0tego prawa. Mimo i\u017c\u00a0nie ma\u00a0pewno\u015bci, \u017ce\u00a0zag\u0142osowali oni na\u00a0lewicowego Van der Bellena, to\u00a0jednak faktem pozostaje, \u017ce\u00a0g\u0142osowali osobnicy do\u00a0tego nieuprawnieni. Co\u00a0wi\u0119cej, w\u00a0tej samej gminie zapraszano na\u00a0pi\u015bmie (!) m\u0142odzie\u017c od\u00a014. roku \u017cycia, aby przysz\u0142a odda\u0107 g\u0142os w\u00a0wyborach prezydenckich! Kilka lat temu w\u0142a\u015bnie po\u00a0to, aby wzmocni\u0107 lewic\u0119, w\u00a0Austrii obni\u017cono wiek czynnego prawa wyborczego\u00a0z 18\u00a0do 16\u00a0lat.<\/p><p>Przy tak ma\u0142ej i\u00a0nag\u0142ej przewadze lewicowego prezydenta elekta nad jego prawicowym kontrkandydatem dos\u0142ownie ka\u017cdy g\u0142os jest na\u00a0wag\u0119 z\u0142ota. Je\u017celi za\u015b przy ponad p\u00f3\u0142 milionie kart (przypomnijmy, \u017ce\u00a0Austria liczy ok. 8\u00a0mln mieszka\u0144c\u00f3w, a\u00a0nieprawid\u0142owo\u015b\u0107 dotyczy 573 275 kart) jest powa\u017cna w\u0105tpliwo\u015b\u0107 co\u00a0do\u00a0ich prawid\u0142owo\u015bci, to\u00a0kontrola jest jak najbardziej\u00a0na\u00a0miejscu.<\/p><p>Trybuna\u0142 Konstytucyjny w\u00a0Wiedniu ma\u00a0teraz cztery tygodnie, aby skarg\u0119 rozpatrzy\u0107, najprawdopodobniej jednak zadecyduje ju\u017c wcze\u015bniej. Za\u015b za\u017calenie wcale nie jest z\u00a0g\u00f3ry przegrane. W\u00a0latach 70. ub. wieku FP\u00c3\u2013 doprowadzi\u0142o do powt\u00f3rzonych wybor\u00f3w w\u00a0trzech wiede\u0144skich okr\u0119gach. W\u00a01995 r. FP\u00c3\u2013 podwa\u017cy\u0142a wynik wybor\u00f3w, kiedy w\u00a0landzie Tyrol jedna osoba odda\u0142a g\u0142os w\u00a0z\u0142ym okr\u0119gu wyborczym. W\u00a0dotkni\u0119tych nieprawid\u0142owo\u015bci\u0105 okr\u0119gach powt\u00f3rzono wybory &#8211; dzi\u0119ki temu FP\u00c3\u2013 zyska\u0142a jednego dodatkowego\u00a0pos\u0142a.<\/p><p>A\u00a0jak si\u0119 zachowa tzw. <em>Europa<\/em>? Czy Unia nie widzi tutaj zagro\u017cenia dla demokracji? W\u0142\u0105czy si\u0119 Komisja Wenecka? Mo\u017ce Frans Timmermans albo Guy Verhofstadt ju\u017c jad\u0105 do\u00a0Wiednia naocznie si\u0119 przekona\u0107 o praworz\u0105dno\u015bci w\u00a0Austrii? Nie, oczywi\u015bcie nic takiego si\u0119 nie stanie. Bo\u00a0<em>wygra\u0142 przecie\u017c ten, kto mia\u0142 wygra\u0107.<\/em><\/p><p>Albo jak to\u00a0powiedzia\u0142 przewodnicz\u0105cy Komisji Europejskiej: \u00a0<em>Musz\u0119 przyzna\u0107, Panie Hofer, \u017ce\u00a0ja\u00a0Pana nie lubi\u0119. Austriacy mo\u017ce nie b\u0119d\u0105 chcieli tego us\u0142ysze\u0107, ale mnie to\u00a0jest\u00a0oboj\u0119tne.<\/em><\/p><p>Oto europejska praworz\u0105dno\u015b\u0107 wspierana przez brukselskich autokrat\u00f3w, lewicowc\u00f3w\u00a0i\u00a0libera\u0142\u00f3w.<\/p><p><strong><em>Adam Sosnowski<\/em><\/strong><\/p><p><em>Adam Sosnowski<\/em><em> &#8211; autor jest redaktorem prowadz\u0105cy miesi\u0119cznika \u201eWpis\u201d, komentatorem polityki zagranicznej oraz\u00a0germanist\u0105.\u00a0<\/em><\/p><p>[\u0179r\u00f3d\u0142o:]<a href=\"http:\/\/wpolityce.pl\/swiat\/295894-oficjalnie-podwazone-wybory-prezydenckie-w-austrii-liczne-nieprawidlowosci-i-bledy-a-wygral-kandydat-lewicy\"> http:\/\/wpolityce.pl\/swiat\/295894-oficjalnie-podwazone-wybory-prezydenckie-w-austrii-liczne-nieprawidlowosci-i-bledy-a-wygral-kandydat-lewicy<\/a><\/p>","protected":false},"excerpt":{"rendered":"Oficjalnie podwa\u017cone wybory prezydenckie w Austrii! Liczne nieprawid\u0142owo\u015bci i b\u0142\u0119dy.14-latkowie uczestniczyli w\u00a0wyborach, inni oddawali podw\u00f3jne g\u0142osy. W\u00a0komputer wpisano z\u0142e wyniki, a\u00a0niekt\u00f3re karty wyborcze z\u00a0g\u00f3ry uznano za\u00a0niewa\u017cne. Chaos i\u00a0manipulacja wyborcza w\u00a0Austrii, do\u00a0niedawna ostoi\u00a0demokracji.Prawicowa Partia Wolno\u015bciowa Austrii FP\u00c3\u2013 (Freiheitliche Partei \u00c3\u2013sterreichs), kt\u00f3rej kandydat Norbert Hofer jedynie o\u00a030\u00a0tys. g\u0142os\u00f3w przegra\u0142 wybory prezydenckie, o\u015bwiadczy\u0142a dzisiaj, \u017ce\u00a0podwa\u017ca wynik tych wybor\u00f3w [&hellip;]","protected":false},"author":1,"featured_media":0,"comment_status":"closed","ping_status":"closed","sticky":false,"template":"","format":"standard","meta":{"_acf_changed":false,"_monsterinsights_skip_tracking":false,"_monsterinsights_sitenote_active":false,"_monsterinsights_sitenote_note":"","_monsterinsights_sitenote_category":0,"ngg_post_thumbnail":0,"footnotes":"","_wp_rev_ctl_limit":""},"categories":[6],"tags":[244,147,20],"acf":[],"_links":{"self":[{"href":"https:\/\/www.bibula.com\/index.php?rest_route=\/wp\/v2\/posts\/88004"}],"collection":[{"href":"https:\/\/www.bibula.com\/index.php?rest_route=\/wp\/v2\/posts"}],"about":[{"href":"https:\/\/www.bibula.com\/index.php?rest_route=\/wp\/v2\/types\/post"}],"author":[{"embeddable":true,"href":"https:\/\/www.bibula.com\/index.php?rest_route=\/wp\/v2\/users\/1"}],"replies":[{"embeddable":true,"href":"https:\/\/www.bibula.com\/index.php?rest_route=%2Fwp%2Fv2%2Fcomments&post=88004"}],"version-history":[{"count":0,"href":"https:\/\/www.bibula.com\/index.php?rest_route=\/wp\/v2\/posts\/88004\/revisions"}],"wp:attachment":[{"href":"https:\/\/www.bibula.com\/index.php?rest_route=%2Fwp%2Fv2%2Fmedia&parent=88004"}],"wp:term":[{"taxonomy":"category","embeddable":true,"href":"https:\/\/www.bibula.com\/index.php?rest_route=%2Fwp%2Fv2%2Fcategories&post=88004"},{"taxonomy":"post_tag","embeddable":true,"href":"https:\/\/www.bibula.com\/index.php?rest_route=%2Fwp%2Fv2%2Ftags&post=88004"}],"curies":[{"name":"wp","href":"https:\/\/api.w.org\/{rel}","templated":true}]}}