{"id":87894,"date":"2016-06-04T21:52:13","date_gmt":"2016-06-05T01:52:13","guid":{"rendered":"http:\/\/www.bibula.com\/?p=87894"},"modified":"2016-06-04T21:52:13","modified_gmt":"2016-06-05T01:52:13","slug":"jak-prawo-i-sprawiedliwosc-oszukalo-i-zdradzilo-kresowian","status":"publish","type":"post","link":"https:\/\/www.bibula.com\/?p=87894","title":{"rendered":"Jak Prawo i Sprawiedliwo\u015b\u0107 oszuka\u0142o i zdradzi\u0142o Kresowian"},"content":{"rendered":"<p><strong>PiS wiele obiecywa\u0142 Kresowianom przed wyborami, tymczasem po wyborach ze zdwojon\u0105 gorliwo\u015bci\u0105 przyst\u0105pi\u0142 do realizacji polityki &#8222;po\u015bwi\u0119cania na o\u0142tarzach&#8221; ich najwa\u017cniejszych postulat\u00f3w. A\u017c chce si\u0119 powt\u00f3rzy\u0107 za Antonim Macierewiczem: &#8222;Nie by\u0142o takiego zaprza\u0144stwa w historii pa\u0144stwa polskiego&#8221;.<\/strong><\/p><p>Kiedy niedawno pose\u0142 Micha\u0142 Dworczyk z PiS konstatowa\u0142 rozczarowany, \u017ce Ukrai\u0144cy nie chc\u0105 ust\u0105pi\u0107 nawet o krok w kwestii zwrotu ko\u015bcio\u0142a pw. \u015bw. Marii Magdaleny we Lwowie tamtejszym Polakom, nasuwa\u0142o si\u0119 na my\u015bl pytanie o przyczyny takiego stanu rzeczy. Sprawa ta poddaje bowiem w w\u0105tpliwo\u015b\u0107 kompetencje obecnego kierownictwa pa\u0144stwa na odcinku wschodnim, co jest zarzutem naj\u0142agodniejszym, jaki mo\u017cna postawi\u0107 obecnie rz\u0105dz\u0105cym. Niefrasobliwo\u015b\u0107 mo\u017cna by jeszcze usprawiedliwi\u0107, szczeg\u00f3lnie gdy PiS nie jest w stanie wydelegowa\u0107 nikogo innego na stanowisko szefa dyplomacji ni\u017c osob\u0119 pokroju Witolda Waszczykowskiego, na kt\u00f3rym ko\u0144czy si\u0119 kr\u00f3tka \u0142awka partii. W parze z nieudacznictwem idzie jednak celowe i \u015bwiadome realizowanie agendy, kt\u00f3ra dyskwalifikuje PiS jako reprezentanta polskich interes\u00f3w na Kresach Wschodnich.<\/p><h4>Warszawa &#8211; druga stolica Ukrainy<\/h4><p>Ten sam pose\u0142 Dworczyk uczestniczy\u0142 w delegacji polskich parlamentarzyst\u00f3w do Kijowa, kt\u00f3rej cz\u0142onkiem by\u0142 m.in. wieloletni dzia\u0142acz Polskiej Zjednoczonej Partii Robotniczej, Marcin \u015awi\u0119cicki, obecnie przefarbowany na demokrat\u0119 z PO. Celem wizyty polskich parlamentarzyst\u00f3w, jak si\u0119 nieoficjalnie okaza\u0142o, mia\u0142y by\u0107 m.in. konsultacje w sprawie uczczenia odpowiedni\u0105 ustaw\u0105 dnia 11 lipca &#8211; czyli rocznicy \u201ekrwawej niedzieli\u201d, podczas kt\u00f3rej cz\u0142onkowie UPA wymordowali 100 polskich miejscowo\u015bci. By\u0142o to preludium przeprowadzonego przez banderowc\u00f3w ludob\u00f3jstwa, kt\u00f3re poch\u0142on\u0119\u0142o \u017cycie ponad 100 tys. kresowych Polak\u00f3w. <a href=\"http:\/\/www.kresy.pl\/wydarzenia,spoleczenstwo?zobacz\/pis-konsultowal-ustawe-o-ludobojstwie-w-kijowie-z-negacjonista-wolynskim-w-wiatrowyczem\">\u201eKonsultacje\u201d ze stron\u0105 ukrai\u0144sk\u0105 musia\u0142y nabra\u0107 charakteru wytycznych<\/a> podyktowanych Warszawie przez Kij\u00f3w, gdy\u017c zamian\u0119 11 lipca na 17 wrze\u015bnia jako dnia oficjalnego \u015bwi\u0119ta po\u015bwi\u0119conego m\u0119cze\u0144stwu Kresowian zaaprobowa\u0142 sam Jaros\u0142aw Kaczy\u0144ski w nieoficjalnym biuletynie partyjnym PiS, jakim jest \u201eGazeta Polska Codziennie\u201d.\u00a0<\/p><p>Dla kontrastu jeszcze przed wyborami parlamentarnymi, w czerwcu 2015, p\u00f3\u017aniejszy wiceminister spraw zagranicznych, odpowiedzialny za kontakty z Poloni\u0105 i Polakami za granic\u0105, Jan Dziedziczak, obiecywa\u0142, \u017ce \u201epolityka unikania i rozmi\u0119kczania tematu Zbrodni Wo\u0142y\u0144skiej si\u0119 ko\u0144czy\u201d. \u201eDla nas to sprawa priorytetowa [\u2026] Nasze stanowisko jest w tej sprawie jednoznaczne\u201d &#8211; <a href=\"http:\/\/www.kresy.pl\/wydarzenia,polityka?zobacz\/politycy-pis-potwierdzaja-polityka-rozmiekczania-tematu-zbrodni-wolynskiej-sie-konczy\">m\u00f3wi\u0142 w\u00f3wczas Dziedziczak portalowi Kresy.pl<\/a>. R\u00f3wnie obiecuj\u0105co zwodzi\u0142 Kresowian w kampanii przedwyborczej pose\u0142 Micha\u0142 Dworczyk, kt\u00f3ry zpaewnia\u0142 na konwencji PiS:<\/p><p>\u201eDla nas ludob\u00f3jstwo na Wo\u0142yniu, do\u0142y \u015bmierci w podwile\u0144skich Ponarach czy sytuacja polskiej mniejszo\u015bci na wschodzie nie s\u0105 i nigdy nie b\u0119d\u0105 kwesti\u0105 taktyki politycznej. W tych sprawach nasza pryncypialna postawa nie b\u0119dzie podlega\u0142a dyskusji\u201d &#8211; <a href=\"http:\/\/www.kresy.pl\/wydarzenia,polityka?zobacz\/pis-obiecuje-ludobojstwo-wolynskie-i-sprawy-polskiej-mniejszosci-nie-beda-podlegac-zadnej-dyskusji\">zarzeka\u0142 si\u0119 Dworczyk<\/a>.<\/p><p>W\u0105tpliwo\u015bci co do tego, \u017ce zapowiedzi te by\u0142y jedynie elementem oszukiwania kresowego elektoratu, rozwiano po wyborach. Politycy partii okazali si\u0119 bardziej pryncypialni w kwestii bezwarunkowego wsparcia dla Ukrainy, ni\u017c w zakresie domagania si\u0119 respektu dla polskiej wra\u017cliwo\u015bci historycznej wobec wschodnich s\u0105siad\u00f3w. <a href=\"http:\/\/www.kresy.pl\/wydarzenia,polityka?zobacz\/polityk-pis-przyznaje-polska-adwokatem-ukrainy-nie-stawia-zadnych-warunkow-wstepnych\">Ryszard Czarniecki bezceremonialnie o\u015bwiadczy\u0142, \u017ce<\/a>: &#8222;Polska wci\u0105\u017c jest najwi\u0119kszym adwokatem i ambasadorem Ukrainy na arenie mi\u0119dzynarodowej. <strong>Nie stawia \u017cadnych warunk\u00f3w wst\u0119pnych <\/strong>[podkre\u015blenie nasze], gdy\u017c dla Polski Ukraina ma charakter strategiczny\u2026\u201d Z kolei w wywiadzie udzielonym portalowi Kresy.pl, na pytanie o mo\u017cliwo\u015b\u0107 zastosowania wariantu wycofania polskiej pomocy dla Ukrainy, w\u00a0 razie gdyby ta nie chcia\u0142a i\u015b\u0107 na \u017cadne ust\u0119pstwa w obszarach dotycz\u0105cych pami\u0119ci historycznej i praw kresowych Polak\u00f3w, <a href=\"http:\/\/www.kresy.pl\/publicystyka,wywiady?zobacz\/witold-waszczykowski-dla-kresowpl-nie-bedziemy-stawiac-problemow-polskiej-mniejszosci-w-sposob-ultymatywny\">minister Witold Waszczykowski odpowiada<\/a>:\u00a0<\/p><p>\u201e[Taki wariant] nie jest brany pod uwag\u0119, dlatego, \u017ce jest dla nas istotne, \u017ceby Ukraina utrzyma\u0142a si\u0119 jako pa\u0144stwo niepodleg\u0142e i demokratyczne, sprzyjaj\u0105ce nam i wsp\u00f3\u0142pracuj\u0105ce z nami\u201d &#8211; zaznacza\u0142 szef polskiej dyplomacji. Nadchodz\u0105ce wypadki pokaza\u0142y, w jakim zakresie Warszawa i Kij\u00f3w \u201ewsp\u00f3\u0142pracowa\u0142y\u201d ze sob\u0105.\u00a0<\/p><p>W ramach polsko-ukrai\u0144skiej kooperacji przes\u0105dzono los nie tylko projektu ustanawiaj\u0105cego 11 lipca Narodowy Dzie\u0144 Pami\u0119ci Ofiar Ludob\u00f3jstwa Dokonanego przez OUN-UPA\u00a0 autorstwa Kukiz\u201915, pilotowanego <a href=\"http:\/\/www.kresy.pl\/wydarzenia,spoleczenstwo?zobacz\/ruch-kukiza-sklada-projekt-ustawy-o-dniu-pamieci-ofiar-wolynia-ludobojstwo-oun-upa-nazwane-po-imieniu\">przez pos\u0142a Wojciecha Bakuna z Przemy\u015bla<\/a>, ale te\u017c prawdopodobnie los du\u017co \u0142agodniejszego w wymowie projektu ustawy pilotowanego przez wspomnianego pos\u0142a PiS, Micha\u0142a Dworczyka. \u201eCelem ustawy jest z jednej strony oddanie ho\u0142du naszym Rodakom, kt\u00f3rzy na Kresach I i II Rzeczpospolitej byli bardzo ci\u0119\u017cko do\u015bwiadczani przez totalitaryzmy: rosyjski, niemiecki oraz przez integralny nacjonalizm ukrai\u0144ski\u201d &#8211; <a href=\"http:\/\/www.kresy.pl\/wydarzenia,spoleczenstwo?zobacz\/posel-dworczyk-potwierdza-w-ustawie-o-11-lipca-jest-mowa-o-ludobojstwie\">m\u00f3wi\u0142 portalowi Kresy.pl polityk PiS<\/a>, uzasadniaj\u0105c projekt przewiduj\u0105cy ustanowienie 11 lipca Narodowego Dnia Pami\u0119ci M\u0119cze\u0144stwa Kresowian.\u00a0<\/p><p>W\u0105tpliwo\u015bci rozwia\u0142a jednak ostateczna instancja.\u00a0W wywiadzie dla \u201eGazety Polskiej Codziennie\u201d <a href=\"http:\/\/www.kresy.pl\/wydarzenia,spoleczenstwo?zobacz\/kaczynski-nie-chce-by-11-lipca-polacy-czcili-pamiec-ofiar-upa\">Kaczy\u0144ski wyja\u015bni\u0142 swojemu \u017celaznemu elektoratowi<\/a>, dlaczego 11 lipca &#8211; kulminacja \u201eKrwawej Niedzieli\u201d na Wo\u0142yniu, nie b\u0119dzie \u015bwi\u0119tem pa\u0144stwowym:\u00a0<\/p><p>\u201eTen dzie\u0144 \u0142\u0105czy w sobie wszystkie zbrodnie pope\u0142nione na Polakach na Wschodzie. Jest najbardziej uniwersalny\u201d &#8211; m\u00f3wi\u0142 o ustanowieniu \u015bwi\u0119ta pa\u0144stwowego 17 wrze\u015bnia, w miejsce zapowiadanego przez Dworczyka 11 lipca, prezes PiS. Wynika z tego, \u017ce <strong>decyzja o nieustanowieniu \u015bwi\u0119ta pa\u0144stwowego w rocznic\u0119 kulminacji zbrodni UPA na Polakach to decyzja podj\u0119ta przez najwy\u017csze kierownictwo PiS<\/strong>.<\/p><p>Upokarzanie Kresowian i pami\u0119ci o zamordowanych rodakach &#8211; zabitych przez UPA tylko dlatego, \u017ce byli Polakami &#8211; mia\u0142o miejsce ju\u017c wcze\u015bniej. W odpowiedzi na interpelacj\u0119 poselsk\u0105 nr 384 \u201ew sprawie stanowiska MSZ wobec rozwoju kultu OUN-UPA na Ukrainie\u201d (<a href=\"http:\/\/www.sejm.gov.pl\/sejm8.nsf\/InterpelacjaTresc.xsp?key=1E33B1B9&amp;view=null\">z\u0142o\u017con\u0105 przez Roberta Winnickiego<\/a>), Katarzyna Kacperczyk, podsekretarz stanu w resorcie, wy\u0142o\u017cy\u0142a stanowisko ministerstwa nast\u0119puj\u0105co:<\/p><p>\u201eW takich okoliczno\u015bciach [tj. wojny w Donbasie &#8211; Kresy.pl] <a href=\"http:\/\/www.sejm.gov.pl\/sejm8.nsf\/InterpelacjaTresc.xsp?key=60B91004\">nie mo\u017cna odmawia\u0107 Ukrainie prawa do odwo\u0142ywania si\u0119 do przyk\u0142ad\u00f3w patriotycznych<\/a> postaw ze stosunkowo kr\u00f3tkiej historii tego kraju\u201d. Mimo apeli narodowc\u00f3w (w\u00f3wczas jeszcze niepodzielonych w Sejmie) na konferencji prasowej Katarzyna Kacperczyk nadal pe\u0142ni swoj\u0105 funkcj\u0119, co oznacza, \u017ce jej stanowisko by\u0142o czym\u015b wi\u0119cej ni\u017c prywatn\u0105 opini\u0105.\u00a0<\/p><p><strong>Trudno podejrzewa\u0107, by rz\u0105dz\u0105cy byli a\u017c tak naiwni, aby s\u0105dzili, \u017ce dopiero silna, odbudowana i pozbierana po wojnie Ukraina, o ile to kiedykolwiek nast\u0105pi, stanie w prawdzie o zbrodniach gloryfikowanych obecnie bohater\u00f3w<\/strong>. Nie wyobra\u017cam sobie, by po ewentualnym zako\u0144czeniu konfliktu w Donbasie Poroszenko powiedzia\u0142 swoim rodakom: \u201eno, dobra, z tym Bander\u0105 i <a class=\"rw_word\" href=\"http:\/\/incontext.pl\/st.js?t=c&amp;c=3526&amp;w=Szuchewyczem&amp;s=5374\" target=\"_blank\" data-cid=\"3526\">Szuchewyczem<\/a> to by\u0142o tylko tak na chwil\u0119, a teraz przyznajmy si\u0119 przed Polakami, \u017ce czcili\u015bmy zbrodniarzy\u201d.\u00a0<\/p><p>We wspomnianym wywiadzie udzielonym portalowi Kresy.pl w grudniu 2015 roku minister Witold Waszczykowski zdaje si\u0119 bezradnie rozk\u0142ada\u0107 r\u0119ce, odpowiadaj\u0105c na pytanie o konsekwencje ze strony Warszawy wobec gloryfikuj\u0105cego zbrodniarzy Kijowa:<\/p><p>\u201eTaka reakcja dyplomatyczna jest, natomiast dzisiaj nie widz\u0119 innych \u015brodk\u00f3w poza tym, \u017ceby przypomina\u0107, perswadowa\u0107\u201d &#8211; m\u00f3wi\u0142 Waszczykowski. W tej sytuacji pytanie, co Waszczykowski zrobi, gdy Kij\u00f3w jednak nie b\u0119dzie si\u0119 przejmowa\u0107 \u201eperswazjami\u201d Warszawy, jest bezzasadne.\u00a0<\/p><p>Minister dla kontrastu popiera bezwarunkowo sankcje na\u0142o\u017cone na Rosj\u0119, kt\u00f3rych przyczyn\u0105 jest w\u0142a\u015bnie jej stosunek do Ukrainy:\u00a0<\/p><p>\u201eTo kwestia poza dyskusj\u0105. Sankcje wejd\u0105 na nast\u0119pne p\u00f3\u0142rocze, gdy\u017c Rosja nie realizuje porozumienia mi\u0144skiego, do kt\u00f3rego ko\u0144ca zosta\u0142 niespe\u0142na miesi\u0105c. Rosja nie wykona\u0142a swoich zobowi\u0105za\u0144, nie dopuszcza ukrai\u0144skich stra\u017cnik\u00f3w granicznych na granic\u0119 Donbasu z FR\u201d &#8211; m\u00f3wi\u0142 we wspomnianym wywiadzie o sankcjach na\u0142o\u017conych na Rosj\u0119 minister. <strong>Wra\u017cenie, \u017ce delegowany przez PiS minister jest bardziej gorliwy w utrzymaniu Donbasu czy powrocie Krymu do Ukrainy ni\u017c w kwestii egzekwowania polskiej pami\u0119ci historycznej wobec skazanej (podobno) na nasz\u0105 pomoc Ukrainy jest wi\u0119cej ni\u017c <a class=\"rw_word\" href=\"http:\/\/incontext.pl\/st.js?t=c&amp;c=3528&amp;w=uprawnione&amp;s=5374\" target=\"_blank\" data-cid=\"3528\">uprawnione<\/a><\/strong>.\u00a0<\/p><p>O ile Waszczykowski nie ukrywa w zasadzie, \u017ce kwestia elementarnego interesu Polski wobec Ukrainy, a tym jest &#8211; wyj\u0105wszy status polskiej mniejszo\u015bci i ekspansj\u0119 polskiego kapita\u0142u &#8211; materialne utrwalenie martyrologii Polak\u00f3w \u017cyj\u0105cych na obecnych ziemiach ukrai\u0144skich, nie jest dla\u0144 najistotniejsza, to pose\u0142 Dworczyk z tym samym finalnym efektem zdaje si\u0119 przynajmniej pozorowa\u0107 ze wzgl\u0119d\u00f3w taktycznych istnienie w PiS-ie jakiej\u015b pro-kresowej agendy. Tymczasem, <strong>bezwarunkowe poparcie Ukrainy zawsze b\u0119dzie skutkowa\u0142o bezsilno\u015bci\u0105 Warszawy we wzajemnych stosunkach<\/strong>. Obezw\u0142adnienie Polski b\u0119dzie trwa\u0142o tak d\u0142ugo, jak d\u0142ugo Kijowa nie b\u0119dzie nic kosztowa\u0142o heroizowanie zbrodniarzy. W\u0142a\u015bnie z takim stanem rzeczy mamy do czynienia za rz\u0105d\u00f3w PiS. Skoro Sejm RP jest w stanie podj\u0105\u0107 uchwa\u0142\u0119 w sprawie uwolnienia Nadii Sawczenko, kt\u00f3ra nie ma przecie\u017c \u017cadnych zas\u0142ug dla Polski, a na antenie Telewizji Republika pose\u0142 Dworczyk popiera twarde stanowisko Warszawy w tej sprawie, to <strong>Ukrai\u0144cy maj\u0105 pewno\u015b\u0107, \u017ce Polska zawsze si\u0119 za nimi wstawi bez wzgl\u0119du na okoliczno\u015bci<\/strong>.\u00a0<\/p><p>W kwestii kultu UPA nie jest tak, \u017ce MSZ nie wiedzia\u0142, co ma miejsce za wschodni\u0105 granic\u0105. We wspomnianej styczniowej interpelacji nr 384 Robert Winnicki wymieni\u0142 po kolei fakty \u015bwiadcz\u0105ce o aprobacie i wspieraniu przez w\u0142adze w Kijowie heroizowania zbrodniarzy. <a href=\"http:\/\/www.sejm.gov.pl\/sejm8.nsf\/InterpelacjaTresc.xsp?key=1E33B1B9\">Winnicki podaje do wiadomo\u015bci polskiej dyplomacji tytu\u0142y dokument\u00f3w wydanych przez w\u0142adze ukrai\u0144skie i wymienia cytaty pe\u0142ni\u0105cych najwy\u017csze urz\u0119dy polityk\u00f3w ukrai\u0144skich.<\/a> W tym kontek\u015bcie zasadne wydaje si\u0119 ponowne skierowanie pytania do ministra Waszczykowskiego o banderyzm na Ukrainie. W grudniu na podobne pytanie postawione przez dziennikarza portalu Kresy.pl Waszczykowski odpowiada\u0142:<\/p><p>\u201eJa a\u017c tak nie dostrzegam gloryfikowania banderyzmu na dzisiejszej Ukrainie. Raptem kilka procent os\u00f3b w og\u00f3le wie, co to by\u0142 banderyzm\u201d.\u00a0<\/p><p>W interpelacji nr 2407 \u201ew sprawie postawy pa\u0144stwa polskiego wobec wojny na Ukrainie\u201d <a href=\"http:\/\/www.sejm.gov.pl\/sejm8.nsf\/InterpelacjaTresc.xsp?key=3DEE31C3\">Robert Winnicki pyta z kolei<\/a>, czy MSZ zareaguje na zapowiedzi uhonorowania Stepana <a class=\"rw_word\" href=\"http:\/\/incontext.pl\/st.js?t=c&amp;c=3503&amp;w=Bandery&amp;s=5374\" target=\"_blank\" data-cid=\"3503\">Bandery<\/a> w Kijowie poprzez nadanie jego imienia jednej z ulic. Winnicki powo\u0142a\u0142 si\u0119 na s\u0142owa Jana Dziedziczaka: \u201eMinisterstwo Spraw Zagranicznych i podleg\u0142e mu plac\u00f3wki na Ukrainie z najwi\u0119ksz\u0105 uwag\u0105 \u015bledz\u0105 &#8211; i gdy jest to konieczne &#8211; reaguj\u0105 na wszelkie przejawy antypolskich stereotyp\u00f3w i tendencji nacjonalistycznych, interweniuj\u0105c u stosownych w\u0142adz ukrai\u0144skich\u201d.\u00a0<\/p><p><a href=\"http:\/\/www.sejm.gov.pl\/sejm8.nsf\/InterpelacjaTresc.xsp?key=2FA8927A\">W odpowiedzi wiceminister Dziedziczak<\/a> powo\u0142uje si\u0119 na nieprzes\u0105dzon\u0105 jeszcze spraw\u0119 uhonorowania lidera OUN:<\/p><p>\u201eZgodnie z obowi\u0105zuj\u0105c\u0105 procedur\u0105, ostateczne decyzje w tej sprawie poprzedz\u0105 konsultacje spo\u0142eczne i g\u0142osowanie, przeprowadzone przez deputowanych Rady Miejskiej. Maj\u0105c na uwadze niepewny wynik wspomnianego przedsi\u0119wzi\u0119cia, <strong>Ministerstwo Spraw Zagranicznych nie widzi na tym etapie konieczno\u015bci podejmowania jakichkolwiek \u015brodk\u00f3w zaradczych w tym wzgl\u0119dzie<\/strong>\u201d.\u00a0<\/p><p>Czy MSZ podj\u0119\u0142o wspomniane \u201e\u015brodki zaradcze\u201d, gdy w\u0142a\u015bnie decyzja o nadaniu jednej z ulic imienia Bandery zapad\u0142a? <a href=\"http:\/\/www.kresy.pl\/wydarzenia,spoleczenstwo?zobacz\/w-kijowie-powstana-ulice-bandery-i-szuchewycza-polskie-msz-nie-widzi-w-tym-problemu\">Jak \u201ezaradzi\u0107\u201d czemu\u015b, co ju\u017c si\u0119 zmaterializowa\u0142o?<\/a> Oddajmy jeszcze raz g\u0142os Witoldowi Waszczykowskiemu:<\/p><p>\u201eW ka\u017cdej wizycie, w ka\u017cdym wyst\u0105pieniu na terytorium Ukrainy zwracamy uwag\u0119 na te sprawy\u201d &#8211; m\u00f3wi\u0142 minister portalowi Kresy.pl. Kompletna nieskuteczno\u015b\u0107 naszej dyplomacji to i tak naj\u0142agodniejszy wariant &#8211; kto\u015b nie\u017cyczliwy m\u00f3g\u0142by pomy\u015ble\u0107, \u017ce MSZ-towi tak naprawd\u0119 w og\u00f3le na tej sprawie nie zale\u017cy.<\/p><h4>Polacy na Litwie &#8211; wci\u0105\u017c pi\u0105te ko\u0142o u wozu<\/h4><p>\u201ePolityka zagraniczna jest najbardziej bezwzgl\u0119dn\u0105 polityk\u0105. Tu nie ma miejsca na sentymenty. <strong>Je\u015bli jaki\u015b kraj widzi mo\u017cliwo\u015b\u0107 wykorzystania s\u0142abo\u015bci innego pa\u0144stwa, robi to bez skrupu\u0142\u00f3w<\/strong>. Polska pozwala na os\u0142abienie naszej pozycji, wi\u0119c jest to wykorzystywane przez Litw\u0119\u201d &#8211; czy zgadzaj\u0105 si\u0119 Pa\u0144stwo z tymi s\u0142owami? S\u0105dz\u0119, \u017ce tak. Zaskoczeniem b\u0119dzie zapewne osoba ich autora.\u00a0<\/p><p><a href=\"http:\/\/wpolityce.pl\/polityka\/128867-nasz-wywiad-dziedziczak-polacy-z-litwy-najgorzej-traktowani-w-ue-narod-litewski-jest-pelen-kompleksow\">Osob\u0105, kt\u00f3ra je wypowiedzia\u0142a, jest Jan Dziedziczak<\/a>. W 2012 roku jako pose\u0142 opozycji dzisiejszy wiceminister spraw zagranicznych z ramienia PiS zdawa\u0142 sobie spraw\u0119 z tego, dlaczego przegrywamy spraw\u0119 Polak\u00f3w na Wile\u0144szczy\u017anie. Oddajmy jeszcze raz g\u0142os Janowi Dziedziczakowi:\u00a0<\/p><p>\u201e\u2026jak si\u0119 pozwala na os\u0142abienie Polski na arenie mi\u0119dzynarodowej [\u2026] to wysy\u0142a si\u0119 w \u015bwiat <a class=\"rw_word\" href=\"http:\/\/incontext.pl\/st.js?t=c&amp;c=3490&amp;w=jasny&amp;s=5374\" target=\"_blank\" data-cid=\"3490\">jasny<\/a> sygna\u0142, \u017ce Polska zgadza si\u0119 na wszystko, Polsk\u0119 mo\u017cna wykorzystywa\u0107 jak si\u0119 chce, bo nie broni swoich interes\u00f3w\u201d &#8211; m\u00f3wi\u0142 przed paroma laty w wywiadzie dla portalu wPolityce.pl.\u00a0<\/p><p>Zupe\u0142nie odmienn\u0105 perspektyw\u0119 wiceminister Dziedziczak prezentuje jako cz\u0142onek ekipy rz\u0105dz\u0105cej. Krytykowana przez niego wcze\u015bniej postawa sta\u0142a si\u0119 jego w\u0142asn\u0105, po obj\u0119ciu stanowiska wiceministra. <a href=\"http:\/\/www.sejm.gov.pl\/sejm8.nsf\/InterpelacjaTresc.xsp?key=5BDFCFBB\">W odpowiedzi na interpelacj\u0119 nr 1277<\/a> \u201ew sprawie stanowiska Ministerstwa Spraw Zagranicznych wobec dyskryminacji Polak\u00f3w w <a class=\"rw_word\" href=\"http:\/\/incontext.pl\/st.js?t=c&amp;c=3528&amp;w=Republice&amp;s=5374\" target=\"_blank\" data-cid=\"3528\">Republice<\/a> Litewskiej\u201d zg\u0142oszon\u0105 <a href=\"http:\/\/www.sejm.gov.pl\/sejm8.nsf\/InterpelacjaTresc.xsp?key=2C167282\">przez Roberta Winnickiego<\/a> Jan Dziedziczak precyzuje, co jest priorytetem w stosunkach polsko-litewskich:<\/p><p>\u201e<strong>Utrzymanie sojuszniczej jedno\u015bci i solidarno\u015bci<\/strong>, zw\u0142aszcza w obliczu niekorzystnych zjawisk zachodz\u0105cych w naszym \u015brodowisku bezpiecze\u0144stwa, <strong>jest kwesti\u0105 absolutnie priorytetow\u0105<\/strong>. Polsce szczeg\u00f3lnie zale\u017cy na zachowaniu politycznej sp\u00f3jno\u015bci i niepodwa\u017calno\u015bci sojuszniczych gwarancji bezpiecze\u0144stwa, zw\u0142aszcza w kontek\u015bcie prac poprzedzaj\u0105cych szczyt NATO w Warszawie w lipcu 2016 r.\u201d &#8211; czytamy w odpowiedzi polityka PiS. Status Polak\u00f3w na Wile\u0144szczy\u017anie nie jest kwesti\u0105 priorytetow\u0105, mimo \u017ce <strong>Jan Dziedziczak<\/strong>, odpowiadaj\u0105cy w imieniu MSZ Winnickiemu, zdaje sobie spraw\u0119, <strong>i\u017c \u201eRepublika Litewska do chwili obecnej nie wywi\u0105za\u0142a si\u0119 ze swoich zobowi\u0105za\u0144 dotycz\u0105cych ochrony praw Polak\u00f3w na Litwie\u201d<\/strong>. W tym kontek\u015bcie cynicznie, a wr\u0119cz k\u0142amliwie, brzmi\u0105 s\u0142owa Micha\u0142a Dworczyka sprzed wybor\u00f3w, kt\u00f3re jeszcze raz warto przypomnie\u0107:<\/p><p>\u201eDla nas ludob\u00f3jstwo na Wo\u0142yniu, do\u0142y \u015bmierci w podwile\u0144skich Ponarach czy <strong>sytuacja polskiej mniejszo\u015bci na wschodzie nie s\u0105 i nigdy nie b\u0119d\u0105 kwesti\u0105 taktyki politycznej<\/strong>. W tych sprawach <strong>nasza pryncypialna postawa nie b\u0119dzie podlega\u0142a dyskusji<\/strong>\u201d.\u00a0<\/p><p>W\u0105tpliwo\u015bci co do interpretacji linii obecnego kierownictwa Ministerstwa Spraw Zagranicznych rozwiewa <a href=\"http:\/\/www.sejm.gov.pl\/sejm8.nsf\/InterpelacjaTresc.xsp?key=4808C338\">odpowied\u017a<\/a> na interpelacj\u0119 Roberta Winnickiego nr 383 \u201e<a href=\"http:\/\/www.sejm.gov.pl\/sejm8.nsf\/InterpelacjaTresc.xsp?key=3DA75E45\">w sprawie egzekwowania praw Polak\u00f3w mieszkaj\u0105cych w Republice Litewskiej<\/a>\u201d:<\/p><p>\u201eW projektowaniu polskiej polityki wobec Litwy <strong>Ministerstwo Spraw Zagranicznych musi uwzgl\u0119dni\u0107 szerszy kontekst geopolityczny<\/strong>, a tak\u017ce wyra\u017ane pogorszenie si\u0119 sytuacji bezpiecze\u0144stwa, wywo\u0142ane agresj\u0105 Rosji na Ukrain\u0119\u201d &#8211; odpowiada z kolei inny polityk PiS, Konrad Szyma\u0144ski, sekretarz stanu w MSZ. Jak wida\u0107, w <a class=\"rw_word\" href=\"http:\/\/incontext.pl\/st.js?t=c&amp;c=3520&amp;w=optyce&amp;s=5374\" target=\"_blank\" data-cid=\"3520\">optyce<\/a> obecnej w\u0142adzy, interesy w\u0142asnych rodak\u00f3w na Wile\u0144szczy\u017anie nie mieszcz\u0105 si\u0119 w \u201eszerszym kontek\u015bcie geopolitycznym\u201d.<\/p><p>Warto zaznaczy\u0107, \u017ce Winnicki nie uzyska\u0142 odpowiedzi na ostatnie pytanie z interpelacji nr 383: \u201eCzy Ministerstwo Spraw Zagranicznych ocenia d\u0142ugofalow\u0105 polityk\u0119 Republiki Litewskiej wobec Wile\u0144szczyzny jako d\u0105\u017cenie do zmiany stosunk\u00f3w narodowo\u015bciowych na niekorzy\u015b\u0107 ludno\u015bci polskiej czy te\u017c ministerstwo tej oceny nie podziela?\u201d. <strong>Je\u015bli bowiem trzeba by by\u0142o udzieli\u0107 odpowiedzi twierdz\u0105cej, a taka by\u0142aby zgodna ze stanem faktycznym, to jednocze\u015bnie w my\u015bl tego, co m\u00f3wi\u0142 Jan Dziedziczak w 2012 roku we wspomnianym wywiadzie dla portalu wPolityce.pl, nale\u017ca\u0142oby stawia\u0107 w stosunkach z Wilnem kwesti\u0119 Polak\u00f3w na Litwie w spos\u00f3b ultymatywny<\/strong>.\u00a0<\/p><p>Jak natomiast widzi rozwi\u0105zanie tego problemu minister Waszczykowski? Si\u0119gnijmy raz jeszcze do udzielonego portalowi Kresy.pl wywiadu:<\/p><p>\u201eRazem jeste\u015bmy w NATO, w UE &#8211; nale\u017cy to rozwi\u0105zywa\u0107 w ramach tych instytucji, r\u00f3wnie\u017c w ramach stosunk\u00f3w bilateralnych poprzez spokojn\u0105 perswazj\u0119 i domaganie si\u0119\u00a0 realizacji zobowi\u0105za\u0144. <strong>Natomiast na pewno nie poprzez jakie\u015b ultymatywne stawianie sprawy i szanta\u017cowanie Litwy<\/strong> jakim\u015b oddaniem na pastw\u0119 rosyjskiego imperializmu. Tu nale\u017cy znale\u017a\u0107 wyj\u015bcie po\u015brednie, kt\u00f3re b\u0119dzie s\u0142u\u017cy\u0142o naszym interesom, zar\u00f3wno w kwestii bezpiecze\u0144stwa jak i Polak\u00f3w mieszkaj\u0105cych na Litwie\u201d. O ile wi\u0119c Waszczykowski zrobi wszystko, by Litwa nie pad\u0142a \u0142upem rosyjskiego imperializmu, to ju\u017c tej samej determinacji brakuje, by Polacy na Wile\u0144szczy\u017anie nie byli oddani na pastw\u0119 litewskiego szowinizmu.<\/p><p>Warto zaznaczy\u0107, \u017ce w lutym <a href=\"http:\/\/l24.lt\/pl\/oswiata\/item\/115299-list-otwarty-wilenskiego-forum-rodzicow-polskich\">Wile\u0144skie Forum Rodzic\u00f3w Polskich napisa\u0142o list otwarty do MSZ<\/a>, w kt\u00f3rym informuje o dramatycznej sytuacji szkolnictwa polskiego na Wile\u0144szczy\u017anie. O ile Sejm RP uznawa\u0142 za stosowne wstawianie si\u0119 za takimi osobami jak ukrai\u0144ska pilot Nadia Sawczenko, kt\u00f3ra by\u0142a wi\u0119ziona w Rosji, to tego typu wsparcia nie zainicjowano na forum parlamentu Rzeczypospolitej, cho\u0107 wi\u0119kszo\u015b\u0107 sejmowa zdominowana przez PiS mog\u0142aby taki dokument przeg\u0142osowa\u0107.<\/p><h4>Bia\u0142oru\u015b &#8211; profity za polako\u017cerstwo<\/h4><p>Z\u0142udze\u0144 co do priorytetowego traktowania Polak\u00f3w na Kresach nie ma tak\u017ce na odcinku bia\u0142oruskim. Interpelacja Roberta Winnickiego nr 1275 \u201ew sprawie utrzymywania przez polskiego podatnika telewizji Bie\u0142sat skierowanej do Bia\u0142orusin\u00f3w\u201d zawiera <a href=\"http:\/\/www.sejm.gov.pl\/sejm8.nsf\/InterpelacjaTresc.xsp?key=2F89F2B9\">13 pyta\u0144 do Ministerstwa Spraw Zagranicznych<\/a>. Ostatnie\u00a0 nich dotyczy wyprodukowanego Telewizj\u0119 Bie\u0142sat filmu szkaluj\u0105cego \u0179o\u0142nierzy Wykl\u0119tych. Winnicki pyta\u0142 te\u017c, czy kierowany przez Agnieszk\u0119 Romaszewsk\u0105 kana\u0142 b\u0119dzie nadal finansowany przez ministerstwo, a wi\u0119c przez podatnik\u00f3w. <a href=\"http:\/\/www.sejm.gov.pl\/sejm8.nsf\/InterpelacjaTresc.xsp?key=65F30F04\">Odpowiedzi w imieniu MSZ udzieli\u0142 wiceminister Jan Dziedziczak<\/a>:<\/p><p>\u201eW 2016 r. planowane jest utrzymanie wsparcia TV Bie\u0142sat na dotychczasowym poziomie\u201d &#8211; odpowiedzia\u0142 polityk PiS, <a href=\"http:\/\/www.kresy.pl\/wydarzenia,spoleczenstwo?zobacz\/telewizja-bielsat-wyprodukowala-film-oskarzajacy-zolnierzy-wykletych-o-ludobojstwo-na-bialorusinach\"><strong>\u015bwiadom tego, \u017ce telewizja Romaszewskiej obra\u017ca pami\u0119\u0107 \u0179o\u0142nierzy Niez\u0142omnych.<\/strong><\/a><\/p><p>Okaza\u0142o si\u0119 r\u00f3wnie\u017c, \u017ce Polacy na Bia\u0142orusi to dla obecnej w\u0142adzy kwestia co najwy\u017cej trzeciorz\u0119dna. Jak przyzna\u0142 wiceminister Dziedziczak:<\/p><p>\u201eW 2015 r. MSZ przekaza\u0142o na wsparcie TV Bie\u0142sat kwot\u0119 17 mln z\u0142. W 2016 r. planowane jest utrzymanie wsparcia TV Bie\u0142sat na dotychczasowym poziomie\u201d &#8211; czytamy w odpowiedzi na interpelacj\u0119 Winnickiego<strong>. <a href=\"http:\/\/www.kresy.pl\/wydarzenia,spoleczenstwo?zobacz\/skandal-w-msz-resort-wydaje-ponad-24-razy-wiecej-na-bielsat-niz-na-media-polskie-na-bialorusi\">Zarazem ministerstwo przeznaczy\u0142o w 2015 roku 24 razy\u00a0 [s\u0142ownie dwadzie\u015bcia cztery razy] mniej \u015brodk\u00f3w finansowych na media polskie na Bia\u0142orusi, ni\u017c otrzymuje od polskiego podatnika telewizja Bie\u0142sat<\/a><\/strong>, czyli 700 tys. z\u0142otych wobec wspomnianych 17 mln na telewizj\u0119 Agnieszki Romaszewskiej:\u00a0 \u201eW latach 2014-2015 kompleksowy program wsparcia medi\u00f3w polskich na Bia\u0142orusi realizowa\u0142a Fundacja Wolno\u015b\u0107 i Demokracja w ramach projektu modu\u0142owego pn. \u201ePolska Platforma Medialna na Bia\u0142orusi\u201d. Na realizacj\u0119 przedmiotowego projektu MSZ udzieli\u0142o wsparcia finansowego w \u0142\u0105cznej kwocie 1,4 mln z\u0142, z czego 700 tys. z\u0142 przeznaczono na dotacj\u0119 w roku 2015 r.\u201d &#8211; oznajmia resort kierowany przez PiS.<\/p><p>Jedno z pyta\u0144 Winnicki po\u015bwi\u0119ci\u0142 stosunkowi Agnieszki Romaszewskiej, dyrektorki Bie\u0142satu, do Waldemara Tomaszewskiego &#8211; lidera Akcji Wyborczej Polak\u00f3w na Litwie:<\/p><p>\u201eJakie jest oficjalne stanowisko Ministerstwa Spraw Zagranicznych wobec pogl\u0105du dyrektor telewizji Bie\u0142sat Agnieszki Romaszewskiej-Guzy, kt\u00f3ra w wywiadzie dla portalu Polityce.pl m\u00f3wi, i\u017c \u201e<a href=\"http:\/\/wpolityce.pl\/swiat\/262602-agnieszka-romaszewska-w-relacjach-polsko-litewskich-pilka-jest-po-stronie-wilna-intencja-ominiecia-litwy-bylo-ich-lekkie-uszczypniecie-nasz-wywiad?strona=2\">wa\u017cne jest odsuni\u0119cie Tomaszewskiego<\/a> [Waldemara &#8211; lidera Akcji Wyborczej Polak\u00f3w na Litwie]?\u201d &#8211; pyta\u0142 pose\u0142.\u00a0<\/p><p><strong>Dla Jana Dziedziczaka tego typu wypowiedzi nie stanowi\u0105 najmniejszego problemu<\/strong>, mimo \u017ce przedstawia si\u0119 on jako gorliwy zwolennik wspierania Polak\u00f3w na Wile\u0144szczy\u017anie. Polityk PiS odpowiada bowiem Winnickiemu nast\u0119puj\u0105co:<\/p><p>\u201eUprzejmie informuj\u0119, \u017ce MSZ RP nie uwa\u017ca za niezb\u0119dne komentowanie wypowiedzi dziennikarzy, takiego typu, jakie przywo\u0142ano w interpelacji Pana Pos\u0142a\u201d &#8211; czytamy na stronach sejmowych. Dziedziczak nie czuje si\u0119 zatem w obowi\u0105zku, by zdyscyplinowa\u0107 Romaszewsk\u0105, by\u0142o nie by\u0142o podleg\u0142ego mu pa\u0144stwowego urz\u0119dnika i wzi\u0105\u0107\u00a0 w obron\u0119 przyw\u00f3dc\u0119 Polak\u00f3w na Litwie. Kilka dni przed udzieleniem odpowiedzi Dziedziczak wizytowa\u0142 Wile\u0144szczyzn\u0119, gdzie zapewnia\u0142 naszych rodak\u00f3w:\u00a0<\/p><p>\u201eTemat\u00f3w jest bardzo wiele, bardzo wiele rzeczy trzeba poprawi\u0107 i nasz <a href=\"http:\/\/zpl.lt\/2016\/01\/zaprzestaniemy-tego-tematu\/\">rz\u0105d deklaruje, \u017ce zrobi wszystko, aby Wam pom\u00f3c<\/a>\u201d.<\/p><p>Jak ta \u201epomoc\u201d wygl\u0105da w praktyce, mo\u017cna si\u0119 przekona\u0107 na w\u0142asne oczy. Na Ministerstwie Spraw Zagranicznych pod kierownictwem PiS-u nie robi te\u017c wra\u017cenia bezceremonialna szczero\u015b\u0107 dyrektorki Telewizji Bie\u0142sat. Robert Winnicki zapyta\u0142 bowiem w tej samej interpelacji:<\/p><p>\u201eCzy Ministerstwo Spraw Zagranicznych zamierza finansowa\u0107 z pieni\u0119dzy polskiego podatnika instytucj\u0119 kierowan\u0105 przez Agnieszk\u0119 Romaszewsk\u0105-Guzy, kt\u00f3ra w trakcie sprawowania swojej funkcji powiedzia\u0142a w wywiadzie dla polskoj\u0119zycznego portalu na Litwie &#8211; ZW.lt, \u017ce \u201e<a href=\"http:\/\/zw.lt\/opinie\/romaszewska-guzy-z-bialorusinami-jestesmy-historycznie-spokrewnieni\/\">w zamian za pomoc nie nale\u017cy niczego konkretnego wymaga\u0107<\/a>\u201d od wspieranej przez pa\u0144stwo polskie bia\u0142oruskiej opozycji wobec w\u0142adz w Mi\u0144sku?\u201d.\u00a0<\/p><p>Jest to kolejna wypowied\u017a, o odniesienie si\u0119 do kt\u00f3rej i o wyci\u0105gni\u0119cie konsekwencji z kt\u00f3rej zwr\u00f3ci\u0142 si\u0119 do rz\u0105du Winnicki. Bezskutecznie. Okazuje si\u0119, \u017ce postawa antypolska jest naganna, chyba \u017ce kto\u015b pe\u0142ni funkcj\u0119 telewizji finansowanej przez polskiego podatnika, o czym wie MSZ.\u00a0<\/p><h4>\u201eDobra Zmiana\u201d w dyplomacji<\/h4><p>Jednym z oddelegowanych na odcinek bia\u0142oruski przez rz\u0105d PiS jest \u015bwie\u017co upieczony dyplomata, <a href=\"http:\/\/www.minsk.msz.gov.pl\/pl\/ambasada\/ambasada_\/\">Marcin Wojciechowski<\/a>. Ten by\u0142y dziennikarz \u201eGazety Wyborczej\u201d, niedosz\u0142y ambasador w Kijowie, a na dodatek relatywista wo\u0142y\u0144ski, zosta\u0142 I Radc\u0105 Ambasady RP w Mi\u0144sku, odpowiedzialnym za kontakty z mediami.<\/p><p>Nominacj\u0119 na stanowisko ambasadora RP na Ukrainie zablokowa\u0142 ju\u017c nowy rz\u0105d. Waszczykowski m\u00f3wi\u0142 o redaktorze Wojciechowskim nast\u0119puj\u0105co:<\/p><p>\u201eOczywi\u015bcie wobec kandydatury polskiego ambasadora na Ukrainie <a href=\"http:\/\/www.kresy.pl\/wydarzenia,polityka?zobacz\/antykresowy-paszkwilant-jednak-nie-zostanie-ambasadorem-rp-w-kijowie-\">protestowa\u0142em jeszcze jako pose\u0142 PiS<\/a> w poprzedniej kadencji Sejmu, r\u00f3wnie\u017c w ramach komisji do spraw zagranicznych\u201d. Jak wida\u0107, w procesie przesiadania si\u0119 z fotela pos\u0142a opozycyjnego na fotel szefa MSZ nawet Witoldowi Waszczykowskiemu mog\u0105 si\u0119 zmieni\u0107 pogl\u0105dy na osob\u0119 dziennikarza \u201eGazety Wyborczej\u201d.\u00a0\u00a0<\/p><p>PiS jednak szybko si\u0119 zrehabilitowa\u0142 nie tylko wobec redaktora Wojciechowskiego, ale tak\u017ce wobec ukrai\u0144skich sojusznik\u00f3w. Na stanowisko ambasadora w Kijowie powo\u0142any zosta\u0142 Jan Piek\u0142o, kt\u00f3ry w zakresie gorliwo\u015bci <a href=\"http:\/\/www.kresy.pl\/publicystyka,analizy?zobacz\/jan-pieklo-zobacz-kogo-pis-zrobil-ambasadorem-na-ukrainie\">w reprezentowaniu ukrai\u0144skiego punktu widzenia mo\u017ce \u015bmia\u0142o konkurowa\u0107 z redaktorem Wojciechowskim, o ile go nie przewy\u017csza<\/a>.\u00a0<\/p><h4>Za co PiS otrzymuje poparcie. Podsumowanie<\/h4><p>Gwoli uczciwo\u015bci trzeba wspomnie\u0107 te\u017c o nowej Karcie Polaka, kt\u00f3ra daje wi\u0119cej przywilej\u00f3w ni\u017c dotychczas. Jest to jednak zmiana tylko pozornie in plus. Pilotuj\u0105cy projekt pose\u0142 Micha\u0142 Dworczyk z PiS sam zreszt\u0105 przyznaje, \u017ce <a href=\"http:\/\/www.kresy.pl\/wydarzenia,spoleczenstwo?zobacz\/tworcy-karty-polaka-przyznaja-nowelizacja-ustawy-przyczyni-sie-do-depolonizacji-kresow\">przyczyni si\u0119 na do depolonizacji Kres\u00f3w<\/a>.\u00a0\u00a0<\/p><p>W ten spos\u00f3b za polskie pieni\u0105dze r\u0119kami niepodleg\u0142ego pa\u0144stwa polskiego zrealizujemy <a href=\"http:\/\/www.kresy.pl\/publicystyka,wywiady?zobacz\/dr-wyszynski-dla-kresowpl-zmiany-w-karcie-polaka-to-realizacja-programu-carow-i-stalina-ostatecznej-depolonizacji-kresow-video\">testament rosyjskich car\u00f3w<\/a> i bolszewik\u00f3w, by wypchn\u0105\u0107 polsko\u015b\u0107 raz na zawsze na zach\u00f3d od Bugu. Z tym jednak, co mo\u017ce warto \u201edoceni\u0107\u201d, obecna w\u0142adza si\u0119 przynajmniej nie kryje.\u00a0<\/p><p>Rz\u0105dy \u201eDobrej Zmiany\u201d poza nielicznymi i dora\u017anymi dzia\u0142aniami to systematyczne, umy\u015blne i celowe spychanie kwestii Kres\u00f3w Wschodnich na dalsze miejsca w hierarchii priorytet\u00f3w w agendzie polityki zagranicznej. Przytoczone powy\u017cej fakty, cytowane wypowiedzi samych polityk\u00f3w PiS-u, wnikliwie przepytywanych, pozwalaj\u0105 na formu\u0142owanie bardzo zdecydowanych i surowych dla obecnej w\u0142adzy wniosk\u00f3w. W d\u0142ugotrwa\u0142ej strategii rz\u0105d\u00f3w PiS kwestia zachowania polsko\u015bci w przysz\u0142ych pokoleniach na Wschodzie nie odgrywa \u017cadnej znacz\u0105cej roli. Antypolskie wypowiedzi prominentnych dyplomat\u00f3w, polityk\u00f3w czy dziennikarzy s\u0105 nie tylko ignorowane, ale wr\u0119cz nagradzane czy to stanowiskami, czy to zastrzykiem publicznych pieni\u0119dzy.<\/p><p>Nie da si\u0119 ukry\u0107, \u017ce w zwi\u0105zku z powy\u017cszym takie dzia\u0142ania rz\u0105du PiS nosz\u0105 znamiona zdrady. Jedynym sposobem na wyegzekwowanie w\u0142a\u015bciwej postawy, zgodnej z polskim interesem, jest wycofanie poparcia dla Prawa i Sprawiedliwo\u015bci i zakomunikowanie pochodz\u0105cym spoza systemu si\u0142om opozycyjnym, \u017ce Kresy Wschodnie oczekuj\u0105 na ofert\u0119 polityczn\u0105 z ich strony. Do\u015bwiadczenie nauczy\u0142o nas wszystkich, \u017ce popieranie w ciemno i za darmo danego \u015brodowiska politycznego tylko za pos\u0142ugiwanie si\u0119 retoryk\u0105 patriotyczn\u0105, nic nie daje. \u201eCzyny, nie s\u0142owa\u201d &#8211; pami\u0119tacie Pa\u0144stwo, kto pos\u0142ugiwa\u0142 si\u0119 tym has\u0142em?<\/p><p><em><strong>Tomasz Jasi\u0144ski<\/strong><\/em><\/p>","protected":false},"excerpt":{"rendered":"PiS wiele obiecywa\u0142 Kresowianom przed wyborami, tymczasem po wyborach ze zdwojon\u0105 gorliwo\u015bci\u0105 przyst\u0105pi\u0142 do realizacji polityki &#8222;po\u015bwi\u0119cania na o\u0142tarzach&#8221; ich najwa\u017cniejszych postulat\u00f3w. A\u017c chce si\u0119 powt\u00f3rzy\u0107 za Antonim Macierewiczem: &#8222;Nie by\u0142o takiego zaprza\u0144stwa w historii pa\u0144stwa polskiego&#8221;.Kiedy niedawno pose\u0142 Micha\u0142 Dworczyk z PiS konstatowa\u0142 rozczarowany, \u017ce Ukrai\u0144cy nie chc\u0105 ust\u0105pi\u0107 nawet o krok w kwestii [&hellip;]","protected":false},"author":1,"featured_media":0,"comment_status":"closed","ping_status":"closed","sticky":false,"template":"","format":"standard","meta":{"_acf_changed":false,"_monsterinsights_skip_tracking":false,"_monsterinsights_sitenote_active":false,"_monsterinsights_sitenote_note":"","_monsterinsights_sitenote_category":0,"ngg_post_thumbnail":0,"footnotes":"","_wp_rev_ctl_limit":""},"categories":[215],"tags":[98,188,167,17],"acf":[],"_links":{"self":[{"href":"https:\/\/www.bibula.com\/index.php?rest_route=\/wp\/v2\/posts\/87894"}],"collection":[{"href":"https:\/\/www.bibula.com\/index.php?rest_route=\/wp\/v2\/posts"}],"about":[{"href":"https:\/\/www.bibula.com\/index.php?rest_route=\/wp\/v2\/types\/post"}],"author":[{"embeddable":true,"href":"https:\/\/www.bibula.com\/index.php?rest_route=\/wp\/v2\/users\/1"}],"replies":[{"embeddable":true,"href":"https:\/\/www.bibula.com\/index.php?rest_route=%2Fwp%2Fv2%2Fcomments&post=87894"}],"version-history":[{"count":0,"href":"https:\/\/www.bibula.com\/index.php?rest_route=\/wp\/v2\/posts\/87894\/revisions"}],"wp:attachment":[{"href":"https:\/\/www.bibula.com\/index.php?rest_route=%2Fwp%2Fv2%2Fmedia&parent=87894"}],"wp:term":[{"taxonomy":"category","embeddable":true,"href":"https:\/\/www.bibula.com\/index.php?rest_route=%2Fwp%2Fv2%2Fcategories&post=87894"},{"taxonomy":"post_tag","embeddable":true,"href":"https:\/\/www.bibula.com\/index.php?rest_route=%2Fwp%2Fv2%2Ftags&post=87894"}],"curies":[{"name":"wp","href":"https:\/\/api.w.org\/{rel}","templated":true}]}}