{"id":87825,"date":"2016-06-02T10:11:05","date_gmt":"2016-06-02T14:11:05","guid":{"rendered":"http:\/\/www.bibula.com\/?p=87825"},"modified":"2016-06-02T10:11:05","modified_gmt":"2016-06-02T14:11:05","slug":"dzialacze-kresowi-dlaczego-kaczynski-boi-sie-prawdy","status":"publish","type":"post","link":"https:\/\/www.bibula.com\/?p=87825","title":{"rendered":"Dzia\u0142acze kresowi: Dlaczego Kaczy\u0144ski boi si\u0119 prawdy?"},"content":{"rendered":"<p>Pierwotnie projekt ustawy nie u\u017cywa\u0142 terminu ludob\u00f3jstwo w stosunku do zbrodni jakich dokonywa\u0142o UPA na Polakach, ale jako Dzie\u0144 Pami\u0119ci M\u0119cze\u0144stwa Kresowian wyznaczono 11 lipca, kiedy to przypada\u0142a rocznica Krwawej niedzieli na Wo\u0142yniu, kiedy to UPA zaatakowa\u0142a 99 miejscowo\u015bci w kt\u00f3rej mieszkali Polacy.\u00a0Pierwotny projekt by\u0142 konsulowany z Ukrai\u0144cami kt\u00f3rzy nalegali na inny termin obchod\u00f3w &#8211; 17 wrze\u015bnia, na co PiS przysta\u0142.<\/p><p>O ca\u0142ej sprawie ju\u017c wcze\u015bniej szeroko informowali\u015bmy na \u0142amach naszego portalu.<\/p><p><strong>CZYTAJ WI\u0118CEJ:<\/strong><\/p><ul><li><a href=\"http:\/\/www.kresy.pl\/wydarzenia,spoleczenstwo?zobacz\/stanislaw-srokowski-oskarza-pis-o-przekret-w-sprawie-kresowego-ludobojstwa\">Sanis\u0142aw Srokowski oskar\u017ca PiS o przekr\u0119t w sprawie kresowego ludob\u00f3jstwa<\/a><\/li><li><a href=\"http:\/\/www.kresy.pl\/wydarzenia,spoleczenstwo?zobacz\/pis-konsultowal-ustawe-o-ludobojstwie-w-kijowie-z-negacjonista-wolynskim-w-wiatrowyczem\">PiS w Kijowie konsultowa\u0142 ustaw\u0119 o ludob\u00f3jstwie z negacjonist\u0105 wo\u0142y\u0144skim?<\/a><\/li><li><a href=\"http:\/\/www.kresy.pl\/wydarzenia,spoleczenstwo?zobacz\/kaczynski-nie-chce-by-11-lipca-polacy-czcili-pamiec-ofiar-upa\">Kaczy\u0144ski nie chce, by 11 lipca Polacy czcili pami\u0119\u0107 ofiar UPA<\/a><\/li><\/ul><p><strong>Tre\u015b\u0107 Apelu<\/strong>:\u00a0<\/p><blockquote><p>Wroc\u0142aw, 01.06.2016<\/p><p>APEL KRESOWYCH \u015aRODOWISK NAUKOWYCH I KULTURALNYCH\u00a0DO POLSKICH W\u0141ADZ W SPRAWIE USTANOWIENIA\u00a0NARODOWEGO DNIA PAMI\u0118CI OFIAR UKRAI\u0143SKIEGO<br \/> (prosimy wszystkie \u015brodowiska kresowe i patriotyczne o wsparcie tego Apelu i wysy\u0142anie go do\u00a0Sejmu, Senatu oraz do swoich pos\u0142\u00f3w w okr\u0119gu, prosimy o wsparcie wszystkich ludzi dobrej woli)<\/p><p>Kresowianie od 70 lat walcz\u0105 o pami\u0119\u0107 Kres\u00f3w, a w szczeg\u00f3lno\u015bci o ochron\u0119 pami\u0119ci\u00a0ofiar najstraszliwszych mord\u00f3w dokonanych na Polakach przez ukrai\u0144skie zbrodnicze\u00a0formacje OUN i UPA. Polskie pa\u0144stwo tego przez d\u0142ugie lata nie robi\u0142o. \u015arodowiska kresowe\u00a0wielokrotnie zwraca\u0142y si\u0119 do Sejmu w sprawie ustanowienia 11 Lipca, jako Dnia Pami\u0119ci\u00a0Ofiar Ukrai\u0144skiego Ludob\u00f3jstwa.\u00a0<\/p><p>W lutym 2016 r. pose\u0142 PiS-u Micha\u0142 Dworczyk wyst\u0105pi\u0142 z podobn\u0105 inicjatyw\u0105.\u00a0Podobn\u0105, ale i inn\u0105. W tytule swojego projektu nie zawar\u0142 bowiem poj\u0119cia &#8211; ludob\u00f3jstwo.\u00a0Zaproponowa\u0142 poj\u0119cie &#8211; m\u0119cze\u0144stwo. I odni\u00f3s\u0142 je do wielu innych zbrodni II wojny \u015bwiatowej\u00a0na polskiej ziemi. W ten spos\u00f3b zamaza\u0142 znaczenie akcji ludob\u00f3jczych OUN i UPA. Jego\u00a0projekt spotka\u0142 si\u0119 z ostrym sprzeciwem \u015brodowisk kresowych. Prezentuj\u0105c swoje\u00a0stanowisko, tak je wyja\u015bnia\u0142: \u201eJest wa\u017cne, aby przywraca\u0107 pami\u0119\u0107 o tych wydarzeniach, to\u00a0cz\u0119\u015b\u0107 naszej to\u017csamo\u015bci.<strong>\u00a0\u015awi\u0119to pa\u0144stwowe b\u0119dzie obchodzone 11 lipca<\/strong>. Ta data ma\u00a0znaczenie symboliczne, jest to rocznica tzw. krwawej niedzieli na Wo\u0142yniu\u201d. Cho\u0107 w tytule\u00a0projektu nie u\u017cy\u0142 poj\u0119cia &#8211; ludob\u00f3jstwo,\u00a0<strong>m\u00f3wi\u0142 jednak wyra\u017anie o 11 lipca<\/strong>, jako o dniu\u00a0symbolicznym. Z tym zgadzali\u015bmy si\u0119. Nie zgadzali\u015bmy si\u0119 tylko z fragmentem projektu, kt\u00f3ry\u00a0zast\u0119powa\u0142 s\u0142owo ludob\u00f3jstwo, s\u0142owem m\u0119cze\u0144stwo. Nie zgadzali\u015bmy si\u0119, poniewa\u017c\u00a0zbrodnia dokonana na Polakach, a tak\u017ce na innych obywatelach II RP, by\u0142a zbrodni\u0105\u00a0ludob\u00f3jstwa.<\/p><p>Potwierdzi\u0142 to wybitny znawca prawa mi\u0119dzynarodowego, prof. Ryszard Szaw\u0142owski,\u00a0nadaj\u0105c r\u00f3wnocze\u015bnie tej zbrodni ze wzgl\u0119du na przera\u017caj\u0105ce bestialstwo, <a class=\"rw_word\" href=\"http:\/\/incontext.pl\/st.js?t=c&amp;c=3516&amp;w=specjaln%C4%85&amp;s=5374\" target=\"_blank\" data-cid=\"3516\">specjaln\u0105<\/a> form\u0119\u00a0zwan\u0105 z \u0142aci\u0144ska: \u201eGenocidum atrox\u201d, czyli ludob\u00f3jstwo straszne, okrutne. Ludob\u00f3jstwem\u00a0nazwali tak\u017ce t\u0119 zbrodni\u0119 wszyscy historycy IPN badaj\u0105cy przest\u0119pstwa pope\u0142nione na\u00a0Polakach. Uwa\u017cali\u015bmy wi\u0119c, \u017ce w tak powa\u017cnym dokumencie, jak Ustawa, nale\u017ca\u0142o rzecz\u00a0nazwa\u0107 po imieniu. Zbrodnie dokonane przez OUN i UPA na Polakach, a tak\u017ce na innych\u00a0obywatelach II RP, by\u0142y zbrodniami ludob\u00f3jstwa.<\/p><p>W swoich wcze\u015bniejszych, ale tak\u017ce w ostatniej w \u201eGP\u201d, wypowiedziach, prezes\u00a0Kaczy\u0144ski r\u00f3wnie\u017c nazywa\u0142 zbrodnie ukrai\u0144skie, zbrodniami ludob\u00f3jstwa. [\u2026] \u201d<strong><em>musz\u0119\u00a0<\/em><\/strong><strong><em>powiedzie\u0107 &#8211;\u00a0<\/em><\/strong>wyja\u015bnia\u0142\u00a0<strong><em>&#8211; \u017ce zbrodnie pope\u0142niane na naszych rodakach przez UPA musz\u0105\u00a0by\u0107 nazwane ludob\u00f3jstwem. Nie dopuszczam \u017cadnej formy wybielania tego straszliwego\u00a0<\/em><\/strong><strong><em>czasu naszej wsp\u00f3lnej historii, ze wzgl\u0119du cho\u0107by na dzisiejsz\u0105 sytuacj\u0119 Ukrainy<\/em><\/strong>\u201d. Dlaczego\u00a0ucieka jednak teraz od tej nazwy w tytule Ustawy? Dlaczego si\u0119 boi prawdy? A mo\u017ce ulega\u00a0jednak ukrai\u0144skim naciskom? Niech powie to otwarcie rodakom. Chcemy zna\u0107 prawd\u0119.<\/p><p>Chcemy wiedzie\u0107, dlaczego prezes PiS-u wycofa\u0142 si\u0119 z daty 11 Lipca, m\u00f3wi\u0105c: \u201e<strong><em>Ta \u00a0data najpewniej zostanie zmieniona. I dzie\u0144 m\u0119cze\u0144stwa Kresowian b\u0119dzie obchodzony 17 \u00a0wrze\u015bnia, bo ten dzie\u0144 \u0142\u0105czy wszystkie zbrodnie pope\u0142nione na Polakach na Wschodzie<\/em><\/strong>\u201d. \u00a0Tak post\u0119puj\u0105c, idzie prezes Kaczy\u0144ski drog\u0105 prezydenta Komorowskiego, kt\u00f3ry jeszcze jako \u00a0Marsza\u0142ek Sejmu powiada\u0142, \u017ce za zbrodni\u0119 wo\u0142y\u0144sk\u0105 s\u0105 odpowiedzialni Sowieci. M\u00f3wi\u0142: \u00a0\u201e<strong><em>Pr\u00f3b\u0119 ustanowienia dnia Kresowiaka w rocznic\u0119 tragedii wo\u0142y\u0144skiej uwa\u017cam za \u00a0usi\u0142owanie przeniesienia odpowiedzialno\u015bci na Ukrai\u0144c\u00f3w. Nie mog\u0119 tego zaakceptowa\u0107. \u00a0Dniem pami\u0119ci o Kresach jest 17 wrze\u015bnia, czyli rocznica inwazji sowieckiej z 1939 roku<\/em><\/strong>\u201d. \u00a0Jak\u017ce to mo\u017cliwe, by prezes Kaczy\u0144ski popiera\u0142 w k\u0142amstwie by\u0142ego Marsza\u0142ka Sejmu?! \u00a0Prezes Kaczy\u0144ski wycofuj\u0105c si\u0119 z projektu PiS-u, zdradza zarazem projekt w\u0142asnej \u00a0formacji, k<strong>t\u00f3ry wyra\u017anie wymienia\u0142 11 Lipca, jako Dzie\u0144 Pami\u0119ci<\/strong>.<\/p><p>Nikt nie pyta\u0142 Kresowian o taki scenariuasz. Nikt nie konsultowa\u0142 z nami takiego \u00a0projektu. To lekcewa\u017cenie opinii publicznej, ignorowanie rodak\u00f3w. I co najgorsze, \u00a0upokarzanie tych, kt\u00f3rzy prze\u017cyli piek\u0142o zbrodni, upodlanie ludzkiej godno\u015bci. Dziwne, \u017ce \u00a0dzieje si\u0119 to wszystko po licznych wyjazdach polskich polityk\u00f3w i urz\u0119dnik\u00f3w pa\u0144stwowych \u00a0do Kijowa. I po apelu ukrai\u0144skiego parlamentu, by Polacy \u015bciszyli sw\u00f3j g\u0142os w sprawie zbrodni \u00a0ludob\u00f3jstwa. Czy\u017cby polskie elity polityczne uleg\u0142y obcym naciskom? I ich decyzje sta\u0142y si\u0119 \u00a0decyzjami narzuconymi z zewn\u0105trz? Je\u015bli tak jest, to jest ju\u017c bardzo \u017ale.<\/p><p><strong>Mamy wszak\u017ce jeszcze nadziej\u0119, \u017ce nowy projekt Ustawy b\u0119dzie zgodny z realiami \u00a0historycznymi i nie b\u0119dzie zmierza\u0142 do zatarcia prawdy o ludob\u00f3jstwie, jakiego dokonali na \u00a0Polakach i innych obywatelach IIRP zbrodnicze ukrai\u0144skie formacje OUN i UPA. \u00a0<\/strong><\/p><p>Nar\u00f3d, kt\u00f3ry przeciwstawi\u0142 si\u0119 dwu totalitarnym systemom, faszyzmowi i \u00a0komunizmowi, nie mo\u017ce si\u0119 podda\u0107 k\u0142amstwom i manipulacjom politycznym.\u00a0<strong>Liczymy na \u00a0uczciwe i rozs\u0105dne decyzje w\u0142adzy, Sejmu i Senatu.<\/strong><\/p><p><strong>Sygnatariusze Apelu:<\/strong><\/p><p><strong>prof. dr hab. Bogumi\u0142 Grott<\/strong>, historyk, politolog i religioznawca, profesor nauk\u00a0humanistycznych, nauczyciel akademicki, specjalizuje si\u0119 w historii polsko-ukrai\u0144skiej,\u00a0pracownik naukowy Akademii Humanistyczno-Ekonomicznej w \u0141odzi, a wcze\u015bniej\u00a0Uniwersytetu Jagiello\u0144skiego, Krak\u00f3w,<\/p><p><strong>ks. Tadeusz Isakowicz-Zaleski<\/strong>, duszpasterz Ormian-katolik\u00f3w, autor licznych publikacji oKresach Wschodnich, niez\u0142omny or\u0119downik g\u0142oszenia prawdy o ukrai\u0144skim ludob\u00f3jstwie,<\/p><p><strong>prof. Leszek Jazownik<\/strong>, pracownik naukowy Uniwersytetu Zielonog\u00f3rskiego, autor wielu\u00a0publikacji naukowych i publicystycznych zwi\u0105zanych z Kresami, Zielona G\u00f3ra,<\/p><p><strong>dr n. med. Krzysztof Kopoci\u0144ski<\/strong>, autor praca badawczych, dzia\u0142acz ruch\u00f3w kresowych, \u0179ary,<\/p><p><strong>dr n. med. Zbigniew Kopoci\u0144ski<\/strong>, autor prac badawczych, dzia\u0142acz ruch\u00f3w kresowych, \u0179ary,<\/p><p><strong>Miros\u0142aw Kowzan<\/strong>, autor ksi\u0105\u017cki o Kresach, aktywny badacz problematyki kresowej,\u00a0popularyzator wiedzy, Chodzie\u017c,<\/p><p><strong>dr Lucyna Kuli\u0144ska<\/strong>, pracownik naukowy Akademii G\u00f3rniczo-Hutniczej im. Stanis\u0142awa\u00a0Staszica w Krakowie, autorka wielu prac po\u015bwi\u0119conych tematyce kresowej, szczeg\u00f3lnie\u00a0ludob\u00f3jstwu ukrai\u0144skiemu, publicystka, Krak\u00f3w,<\/p><p><strong>dr hab. Bogus\u0142aw Pa\u017a<\/strong>, pracownik naukowy Uniwersytetu Wroc\u0142awskiego, badacz\u00a0problematyki kresowej, autor wielu prac naukowych, organizator konferencji naukowych,\u00a0Wroc\u0142aw,<\/p><p><strong>Ewa Siemaszko<\/strong>, badacz problematyki kresowej, autorka wielu publikacji, wsp\u00f3\u0142autorka\u00a0g\u0142o\u015bnego dzie\u0142a o ukrai\u0144skim ludob\u00f3jstwie na Wo\u0142yniu, Warszawa,<\/p><p><strong>Danuta Skalska<\/strong>, autorka ksi\u0105\u017cek, re\u017cyserka, <a class=\"rw_word\" href=\"http:\/\/incontext.pl\/st.js?t=c&amp;c=3515&amp;w=dziennikarka&amp;s=5374\" target=\"_blank\" data-cid=\"3515\">dziennikarka<\/a>, redaktor PR Katowice, inicjatorka\u00a0wielu dzia\u0142a\u0144 kulturalnych, Bytom,<\/p><p><strong>Stanis\u0142aw Srokowski<\/strong>, poeta, prozaik, krytyk literacki, publicysta, autor dzie\u0142 literackich i\u00a0ksi\u0105\u017cek dokumentalnych z tematyk\u0105 <a class=\"rw_word\" href=\"http:\/\/incontext.pl\/st.js?t=c&amp;c=3514&amp;w=kresow%C4%85&amp;s=5374\" target=\"_blank\" data-cid=\"3514\">kresow\u0105<\/a>; na podstawie jego zbioru opowiada\u0144 powstaje\u00a0film W. Smarzowskiego \u201eWo\u0142y\u0144\u201d, Wroc\u0142aw,<\/p><p><strong>dr Andrzej Zapa\u0142owski<\/strong>, pracownik naukowy Uniwersytetu Rzeszowskiego i Wy\u017cszej Szko\u0142y\u00a0Prawa i Administracji w Przemy\u015blu, autor wielu prac naukowych i publicystycznych\u00a0po\u015bwi\u0119conych tematyce kresowej, Przemy\u015bl,<\/p><p><strong>Sulimir \u0179uk<\/strong>, autor ksi\u0105\u017cek kresowych, niez\u0142omny badacz problematyki kresowej, Warszawa.<\/p><\/blockquote><p>kresy.pl<\/p><h4>\u00a0<\/h4><hr style=\"background-color: #000000; border-width: 0; color: #000000; height: 2px; line-height: 0; text-align: center; width: 100%;\" \/><h4>\u00a0<\/h4>","protected":false},"excerpt":{"rendered":"Pierwotnie projekt ustawy nie u\u017cywa\u0142 terminu ludob\u00f3jstwo w stosunku do zbrodni jakich dokonywa\u0142o UPA na Polakach, ale jako Dzie\u0144 Pami\u0119ci M\u0119cze\u0144stwa Kresowian wyznaczono 11 lipca, kiedy to przypada\u0142a rocznica Krwawej niedzieli na Wo\u0142yniu, kiedy to UPA zaatakowa\u0142a 99 miejscowo\u015bci w kt\u00f3rej mieszkali Polacy.\u00a0Pierwotny projekt by\u0142 konsulowany z Ukrai\u0144cami kt\u00f3rzy nalegali na inny termin obchod\u00f3w &#8211; [&hellip;]","protected":false},"author":1,"featured_media":0,"comment_status":"closed","ping_status":"closed","sticky":false,"template":"","format":"standard","meta":{"_acf_changed":false,"_monsterinsights_skip_tracking":false,"_monsterinsights_sitenote_active":false,"_monsterinsights_sitenote_note":"","_monsterinsights_sitenote_category":0,"ngg_post_thumbnail":0,"footnotes":"","_wp_rev_ctl_limit":""},"categories":[215],"tags":[65,37,188,17],"acf":[],"_links":{"self":[{"href":"https:\/\/www.bibula.com\/index.php?rest_route=\/wp\/v2\/posts\/87825"}],"collection":[{"href":"https:\/\/www.bibula.com\/index.php?rest_route=\/wp\/v2\/posts"}],"about":[{"href":"https:\/\/www.bibula.com\/index.php?rest_route=\/wp\/v2\/types\/post"}],"author":[{"embeddable":true,"href":"https:\/\/www.bibula.com\/index.php?rest_route=\/wp\/v2\/users\/1"}],"replies":[{"embeddable":true,"href":"https:\/\/www.bibula.com\/index.php?rest_route=%2Fwp%2Fv2%2Fcomments&post=87825"}],"version-history":[{"count":0,"href":"https:\/\/www.bibula.com\/index.php?rest_route=\/wp\/v2\/posts\/87825\/revisions"}],"wp:attachment":[{"href":"https:\/\/www.bibula.com\/index.php?rest_route=%2Fwp%2Fv2%2Fmedia&parent=87825"}],"wp:term":[{"taxonomy":"category","embeddable":true,"href":"https:\/\/www.bibula.com\/index.php?rest_route=%2Fwp%2Fv2%2Fcategories&post=87825"},{"taxonomy":"post_tag","embeddable":true,"href":"https:\/\/www.bibula.com\/index.php?rest_route=%2Fwp%2Fv2%2Ftags&post=87825"}],"curies":[{"name":"wp","href":"https:\/\/api.w.org\/{rel}","templated":true}]}}