{"id":87690,"date":"2016-05-25T12:23:30","date_gmt":"2016-05-25T16:23:30","guid":{"rendered":"http:\/\/www.bibula.com\/?p=87690"},"modified":"2016-05-25T15:26:26","modified_gmt":"2016-05-25T19:26:26","slug":"portal-promujacy-imigrantow-za-obce-pieniadze-jego-tworcy-chca-podnosic-swiadomosc-polakow-na-temat-uchodzcow","status":"publish","type":"post","link":"https:\/\/www.bibula.com\/?p=87690","title":{"rendered":"Portal promuj\u0105cy imigrant\u00f3w za obce pieni\u0105dze. Jego tw\u00f3rcy chc\u0105 podnosi\u0107 \u015bwiadomo\u015b\u0107 Polak\u00f3w na temat uchod\u017ac\u00f3w"},"content":{"rendered":"<p><strong>Powsta\u0142y we wsp\u00f3\u0142pracy z Fundacj\u0105 Batorego i sfinansowany przez \u015brodki pochodz\u0105ce z Funduszu Europejskiego Obszaru Gospodarczego portal ma za zadanie informowa\u0107 o tzw. uchod\u017acach i rozwiewa\u0107 rzekome mity na ich temat. W rzeczywisto\u015bci stanowi tub\u0119 propagandow\u0105 ideologii multikulturalizmu.<\/strong><\/p><p>Uchod\u017acy.info powstali w ramach programu Obywatele dla Demokracji finansowanego z Funduszy Europejskiego Obszaru Gospodarczego. Fundusze te s\u0105 form\u0105\u00a0bezzwrotnej pomocy udzielanej przez Norwegi\u0119, Islandi\u0119 i Liechtenstein.<\/p><p>Jak czytamy na portalu uchodzcy.info powsta\u0142a ona \u201ez\u00a0my\u015bl\u0105 o\u00a0podnoszeniu \u015bwiadomo\u015bci spo\u0142ecznej na\u00a0temat uchod\u017ac\u00f3w w\u00a0Polsce i\u00a0Europie poprzez upowszechnianie rzetelnej wiedzy i\u00a0obalanie stereotyp\u00f3w. Jest r\u00f3wnie\u017c rodzajem przewodnika po\u00a0r\u00f3\u017cnych formach zaanga\u017cowania i\u00a0pomocy &#8211; zawiera praktyczn\u0105 wiedz\u0119 i\u00a0najpotrzebniejsze narz\u0119dzia\u201d.<\/p><p>Tw\u00f3rcy deklaruj\u0105, \u017ce \u201ejej zadaniem jest zach\u0119canie i\u00a0inspirowanie do\u00a0dzia\u0142a\u0144 na\u00a0rzecz uchod\u017ac\u00f3w w\u00a0jak najszerszym zakresie &#8211; od\u00a0walki z\u00a0mow\u0105 nienawi\u015bci, przez dzia\u0142ania edukacyjne i\u00a0medialne, po\u00a0bezpo\u015bredni\u0105 pomoc potrzebuj\u0105cym\u201d.<\/p><p>Z nowopowsta\u0142ego portalu mo\u017cna dowiedzie\u0107 si\u0119 m. in., i\u017c \u201eosoby staraj\u0105ce si\u0119 o status uchod\u017acy poddawane s\u0105 znacznie dok\u0142adniejszej kontroli s\u0142u\u017cb specjalnych ni\u017c te, kt\u00f3re przekraczaj\u0105 granic\u0119 z \u00a0legaln\u0105 wiz\u0105. S\u0105\u00a0sprawdzani zar\u00f3wno pod k\u0105tem ich dotychczasowego \u017cycia, jak i bezpiecze\u0144stwa kraju docelowego. [&#8230;] odpowiednie agencje wywiadowcze wiedz\u0105 o nich\u00a0niepor\u00f3wnanie wi\u0119cej, ni\u017c gdyby wybrali jakikolwiek inny spos\u00f3b przedostania si\u0119 do Europy\u201d.<\/p><p>Czy jednak efekty policyjnych \u015bledztw podj\u0119tych po zamachach w Pary\u017cu, czy Brukseli nie ukaza\u0142y brutalnej prawdy o tzw. uchod\u017acach przekraczaj\u0105cych swobodnie granice z fa\u0142szywymi paszportami? Przecz\u0105 deklaracjom zawartym na proimigrackim portalu informacje podane przez w\u0142adze niemieckie, \u017ce w grudniu 2015 r. \u017ce, prawie 10 proc. \u201euchod\u017ac\u00f3w\u201d, kt\u00f3rzy przybyli do tego kraju w\u00a0ostatnich miesi\u0105cach, pos\u0142uguje si\u0119 fa\u0142szywymi dokumentami!<\/p><p>\u201eDruzgoc\u0105cej\u201d krytyce zosta\u0142y tak\u017ce poddane na portalu twierdzenia o islamskich korzeniach terroryzmu: <em>[\u2026]zjawisko terroryzmu ma histori\u0119 znacznie d\u0142u\u017csz\u0105 ni\u017c islam, a\u00a0jego \u017ar\u00f3d\u0142em nie jest \u017cadna religia ani ideologia. Religie bywa\u0142y natomiast niejednokrotnie os\u0142on\u0105, uzasadnieniem lub usprawiedliwieniem dla akt\u00f3w terrorystycznych dokonywanych przez konkretnych ludzi.<br \/> W kr\u00f3tkiej historii XXI wieku obserwowali\u015bmy wiele motywowanych religijnie zamach\u00f3w terrorystycznych, kt\u00f3rych\u00a0dopuszczali si\u0119 wcale nie muzu\u0142manie, ale\u00a0na przyk\u0142ad chrze\u015bcijanie (cho\u0107by zamachy na\u00a0kliniki aborcyjne w\u00a0USA) czy buddy\u015bci (na\u00a0przyk\u0142ad na\u00a0Sri Lance lub w\u00a0Birmie).<\/em><\/p><p>Autorzy portalu wzi\u0119li si\u0119 a przys\u0142owiowe bary z twierdzeniem, i\u017c uchod\u017acy zabior\u0105 Polakom prac\u0119:<\/p><p><em>To jedna z\u00a0najcz\u0119stszych obaw wywo\u0142anych przez plany przyj\u0119cia do\u00a0Polski uchod\u017ac\u00f3w. Wed\u0142ug ekspert\u00f3w badaj\u0105cych rynek pracy nie mamy si\u0119 jednak czego obawia\u0107. Dlaczego? Poniewa\u017c liczba Polak\u00f3w bardzo szybko si\u0119 kurczy, co b\u0119dzie mia\u0142o w\u00a0przysz\u0142o\u015bci katastrofalny wp\u0142yw na\u00a0nasz\u0105 gospodark\u0119. Uchod\u017acy mog\u0105 troch\u0119 ten proces zastopowa\u0107<\/em> &#8211; czytamy na portalu. Je\u015bli to taki znakomity interes i \u201ekonieczno\u015b\u0107 dziejowa\u201d, to czemu eurokraci chc\u0105 nas zmusza\u0107 karami finansowymi do wej\u015bcia w niego?<\/p><p>luk<\/p>","protected":false},"excerpt":{"rendered":"Powsta\u0142y we wsp\u00f3\u0142pracy z Fundacj\u0105 Batorego i sfinansowany przez \u015brodki pochodz\u0105ce z Funduszu Europejskiego Obszaru Gospodarczego portal ma za zadanie informowa\u0107 o tzw. uchod\u017acach i rozwiewa\u0107 rzekome mity na ich temat. W rzeczywisto\u015bci stanowi tub\u0119 propagandow\u0105 ideologii multikulturalizmu.Uchod\u017acy.info powstali w ramach programu Obywatele dla Demokracji finansowanego z Funduszy Europejskiego Obszaru Gospodarczego. Fundusze te s\u0105 form\u0105\u00a0bezzwrotnej [&hellip;]","protected":false},"author":1,"featured_media":0,"comment_status":"closed","ping_status":"closed","sticky":false,"template":"","format":"standard","meta":{"_acf_changed":false,"_monsterinsights_skip_tracking":false,"ngg_post_thumbnail":0,"footnotes":"","_wp_rev_ctl_limit":""},"categories":[8],"tags":[155,76,98,53,20],"acf":[],"_links":{"self":[{"href":"https:\/\/www.bibula.com\/index.php?rest_route=\/wp\/v2\/posts\/87690"}],"collection":[{"href":"https:\/\/www.bibula.com\/index.php?rest_route=\/wp\/v2\/posts"}],"about":[{"href":"https:\/\/www.bibula.com\/index.php?rest_route=\/wp\/v2\/types\/post"}],"author":[{"embeddable":true,"href":"https:\/\/www.bibula.com\/index.php?rest_route=\/wp\/v2\/users\/1"}],"replies":[{"embeddable":true,"href":"https:\/\/www.bibula.com\/index.php?rest_route=%2Fwp%2Fv2%2Fcomments&post=87690"}],"version-history":[{"count":0,"href":"https:\/\/www.bibula.com\/index.php?rest_route=\/wp\/v2\/posts\/87690\/revisions"}],"wp:attachment":[{"href":"https:\/\/www.bibula.com\/index.php?rest_route=%2Fwp%2Fv2%2Fmedia&parent=87690"}],"wp:term":[{"taxonomy":"category","embeddable":true,"href":"https:\/\/www.bibula.com\/index.php?rest_route=%2Fwp%2Fv2%2Fcategories&post=87690"},{"taxonomy":"post_tag","embeddable":true,"href":"https:\/\/www.bibula.com\/index.php?rest_route=%2Fwp%2Fv2%2Ftags&post=87690"}],"curies":[{"name":"wp","href":"https:\/\/api.w.org\/{rel}","templated":true}]}}