{"id":87437,"date":"2016-05-09T13:02:17","date_gmt":"2016-05-09T17:02:17","guid":{"rendered":"http:\/\/www.bibula.com\/?p=87437"},"modified":"2016-05-09T13:02:17","modified_gmt":"2016-05-09T17:02:17","slug":"braun-w-telewizji-republika-jestescie-amerykanska-i-zydowska-agentura-wplywu-w-polsce","status":"publish","type":"post","link":"https:\/\/www.bibula.com\/?p=87437","title":{"rendered":"Braun w Telewizji Republika: Jeste\u015bcie ameryka\u0144sk\u0105 i \u017cydowsk\u0105 agentur\u0105 wp\u0142ywu w Polsce"},"content":{"rendered":"<p><strong>\u201ePa\u0144stwo dezinformowali\u015bcie opini\u0119 publiczn\u0105 robi\u0105c wiele, aby g\u0142\u0119biej wepchn\u0105\u0107 Polsk\u0119 w wojn\u0119 ukrai\u0144sk\u0105, abstrahuj\u0105c zupe\u0142nie od tych zagro\u017ce\u0144, kt\u00f3re p\u0142yn\u0105 do Polski ze strony szowinizmu ukrai\u0144skiego. (\u2026) Wy tutaj dzia\u0142acie zupe\u0142nie jawnie, jako ameryka\u0144ska i \u017cydowska agentura wp\u0142ywu w Polsce\u201d &#8211; m\u00f3wi\u0142 w pi\u0105tek Grzegorz Braun na antenie Telewizji Republika.<\/strong><\/p><p><strong><em>\u201eEl\u017cbieta Bie\u0144kowska powinna wr\u00f3ci\u0107 do Polski piorunem w asy\u015bcie \u0179andarmerii wojskowej. Prosto na Rakowieck\u0105\u201d<\/em><\/strong> &#8211; stwierdzi\u0142 Grzegorz Braun odpowiadaj\u0105c na pytanie czy unijna komisarz powinna zosta\u0107 odwo\u0142ana do Warszawy. <em>\u201ePod zarzutem zdrady stanu<\/em>\u201d &#8211; wyja\u015bnia\u0142. <em>\u201eJak zreszt\u0105 ca\u0142a ta ekipa\u201d. <\/em>Jego zdaniem jest ona przedstawicielk\u0105 \u201eobozu zaprza\u0144c\u00f3w\u201d, kt\u00f3ry przyzywa zewn\u0119trznej interwencji w Polsce i chce odda\u0107 nasz kraj pod mi\u0119dzynarodow\u0105 kuratel\u0119.<\/p><p>Zdaniem Brauna, \u017ce rz\u0105d PiS piastuje jedynie <em>\u201ezewn\u0119trzne znamiona w\u0142adzy w Polsce\u201d. \u201ePrzez p\u00f3\u0142 roku nie s\u0105 w stanie odwo\u0142a\u0107 zdrajcy stanu Schnepfa z Waszyngtonu [Ambasadora RP w USA &#8211; red.]. To pytanie o suwerenno\u015b\u0107\u201d.<\/em><\/p><p>By\u0142y kandydat na prezydenta krytycznie odni\u00f3s\u0142 si\u0119 r\u00f3wnie\u017c do szefa MSZ Witolda Waszczykowskiego:<\/p><p><strong><em>\u201eS\u0142ysza\u0142em, \u017ce jego dziadek by\u0142 poczmistrzem w Wo\u0142kowysku i my\u015bl\u0119, \u017ce to jest ten horyzont mo\u017cliwo\u015bci i kompetencji jaki w tej rodzinie si\u0119 osi\u0105ga. I niestety jest to wielkim nieszcz\u0119\u015bciem dla tego cz\u0142owieka i dla Rzeczypospolitej, \u017ce zosta\u0142 on wyniesiony tak wysoko, ponad poziom swoich kompetencji\u201d.<\/em><\/strong><\/p><p>Braun zwr\u00f3ci\u0142 uwag\u0119 na pewien \u201eremanent\u201d, poniewa\u017c go\u015bci\u0142 na antenie TV Republika po wielu miesi\u0105cach. <em>\u201ePa\u0144stwo swego czasu wzi\u0119li\u015bcie udzia\u0142 \u00a0w nagonce na mnie\u201d <\/em>&#8211; przypomnia\u0142. \u201e<strong><em>Ta telewizja odgrywa powa\u017cn\u0105 role propagandow\u0105 na swoim w\u0105skim odcinku i w ramach odrabiania propagandowych serwitut\u00f3w w swoim czasie ta telewizja usi\u0142owa\u0142a zrobi\u0107 ze mnie ruskiego agenta\u201d.<\/em><\/strong><\/p><p>Prowadz\u0105cy program Antoni Trzmiel przypomnia\u0142, \u017ce w rozmowie z Dziennikiem Gazet\u0105 Prawn\u0105 lider KOD Mateusz Kijowski wspomina\u0142 o tym, \u017ce s\u0105 osoby, kt\u00f3re nie\u015bwiadomie dzia\u0142aj\u0105 w Polsce na rzecz Rosji. <em>\u201eT\u0119 trosk\u0119 nale\u017ca\u0142oby rozszerzy\u0107\u201d <\/em>&#8211; stwierdzi\u0142 Braun. Przypomnia\u0142, \u017ce zbli\u017ca si\u0119 rocznica tzw. majowych wiesza\u0144 targowiczan, ale zaznaczy\u0142, \u017ce historia nie pami\u0119ta o tych, kt\u00f3rzy wsp\u00f3\u0142pracowali z Prusami czy Austri\u0105. <em>\u201eW czym analogia historyczna? Ano w tym, \u017ce<strong> s\u0142yszymy ostatnio &#8211; tak\u017ce w tej telewizji &#8211; bardzo du\u017co o ruskiej agenturze w Polsce, natomiast pozostawiacie pa\u0144stwo swoich widz\u00f3w w b\u0142ogiej nie\u015bwiadomo\u015bci co do dzia\u0142ania innych agentur na terenie RP<\/strong>. (\u2026) Nie s\u0105dz\u0119, \u017ceby niebezpiecze\u0144stwa wisz\u0105ce nad Polsk\u0105 dawa\u0142o si\u0119 wydestylowa\u0107 wy\u0142\u0105cznie w postaci ruskiej agentury, <strong>Ja jednakowo widz\u0119 zagro\u017cenie w agenturze niemieckiej, ameryka\u0144skiej, izraelskiej brytyjskiej i wielu innych. W odr\u00f3\u017cnieniu od redaktor\u00f3w, kt\u00f3rzy z tego ekranu, przez t\u0119 telewizj\u0119 [Telewizji Republika &#8211; red.] dezinformowali w ostatnich latach\u201d<\/strong>.<\/em><\/p><p>Re\u017cyser rozwin\u0105\u0142 ten w\u0105tek:<\/p><p><strong><em>\u201ePa\u0144stwo dezinformowali\u015bcie opini\u0119 publiczn\u0105 robi\u0105c wiele, aby g\u0142\u0119biej wepchn\u0105\u0107 Polsk\u0119 w wojn\u0119 ukrai\u0144sk\u0105. Pa\u0144stwo dezinformowali\u015bcie abstrahuj\u0105c zupe\u0142nie od tych zagro\u017ce\u0144, kt\u00f3re p\u0142yn\u0105 do Polski ze strony szowinizmu ukrai\u0144skiego. (\u2026) Pan pyta mnie o agentur\u0119 &#8211; ja m\u00f3wi\u0119: agentury Ci u nas dostatek\u201d.<\/em><\/strong><\/p><p>Przypomnia\u0142, \u017ce podczas swojej wizyty w Polsce Victoria Nuland z departamentu Stanu USA spotka\u0142a si\u0119 nie tylko z Waszczykowskim, ale najpewniej r\u00f3wnie\u017c z Ryszardem Petru.<strong><em> \u201eProsz\u0119 si\u0119 zastanowi\u0107, czy tylko ze strony ruskiej agentury czyhaj\u0105 niebezpiecze\u0144stwa i zagro\u017cenia\u201d<\/em><\/strong><\/p><p>Redaktor Trzmiel pr\u00f3bowa\u0142 ripostowa\u0107 akcentuj\u0105c, ze agentura dzia\u0142a skrycie, a dyplomacja jawnie. <em>\u201ePan tu si\u0119 wdaje w pewne subtelno\u015bci\u201d <\/em>&#8211; odpowiada\u0142 Braun. <strong><em>\u201eWy tutaj dzia\u0142acie zupe\u0142nie jawnie, jako ameryka\u0144ska i \u017cydowska agentura wp\u0142ywu w Polsce\u201d<\/em><\/strong> &#8211; podkre\u015bli\u0142. <em>\u201eTo chyba zupe\u0142nie oczywiste, \u017ce reprezentujecie tutaj ten interes, judz\u0105c Polak\u00f3w do g\u0142\u0119bszego wdepni\u0119cia w konflikt ukrai\u0144ski. Przy czym absolutnie nie abstrahuj\u0119 od fatalnej roli, kt\u00f3r\u0105 na tamtym froncie odgrywa imperium rosyjskie. Ja tylko upieram si\u0119, \u017ceby dostrzega\u0107 zagro\u017cenie ze strony wszystkich imperialist\u00f3w tego \u015bwiata (\u2026) <strong>Zgubne, fatalne jest wieszanie si\u0119 cudzej klamki, niezale\u017cnie od tego, czy tkwi w drzwiach na Kremlu, czy w Bia\u0142ym Domu <\/strong>(\u2026) Klientelizm nie jest dobry \u201d.<\/em><\/p><p><em>\u201eMam poczucie, \u017ce w\u0142a\u015bnie zaczyna si\u0119 lato 1939 roku\u201d <\/em>&#8211; m\u00f3wi\u0142 by\u0142y kandydat na prezydenta o obecnej sytuacji mi\u0119dzynarodowej. <strong><em>\u201eNajwa\u017cniejsze jest, \u017ceby m\u0142ode polskie pokolenie nie zosta\u0142o wepchni\u0119te do maszynki do robienia mi\u0119sa &#8211; tak, jak to sta\u0142o si\u0119 w 1939 roku.\u201d<\/em><\/strong><\/p><p><strong><em>\u201ePan premier Wielkiej Brytanii David Cameron, kt\u00f3ry przyje\u017cd\u017ca tutaj i m\u00f3wi o zagro\u017ceniu rosyjskim i potrzebie wzmacniania wschodniej flanki NATO &#8211; to mi je\u017cy w\u0142osy na g\u0142owie. Poniewa\u017c specjalno\u015bci\u0105 Brytyjczyk\u00f3w od pi\u0119ciu stuleci jest niszczenie wielkiej Polski katolickiej (\u2026), a nast\u0119pnie wpychanie nas pod kosiark\u0119 w ostatnich stuleciach\u201d <\/em><\/strong>&#8211; m\u00f3wi Braun. Jego zdaniem obecno\u015b\u0107 wojsk NATO w Polsce, w tym USA czy Niemiec, by\u0142aby dla Polski fataln\u0105 perspektyw\u0105. <strong><em>\u201eJeste\u015bmy wpychani w wojn\u0119\u201d<\/em><\/strong> &#8211; zaznaczy\u0142 Braun dodaj\u0105c, \u017ce specjalno\u015bci\u0105 Brytyjczyk\u00f3w by\u0142o m.in. napuszczanie Ukrai\u0144c\u00f3w na Polak\u00f3w. W dalszej stwierdzi\u0142 r\u00f3wnie\u017c, \u017ce od lat 80. karier\u0119 obecnego szefa PO Grzegorza Schetyny kontroluj\u0105 sowieckie i postsowieckie s\u0142u\u017cby.<\/p><p><iframe src=\"http:\/\/www.youtube.com\/embed\/i6I0oPbJUkw\" width=\"600\" height=\"310\" frameborder=\"0\" allowfullscreen=\"allowfullscreen\"><\/iframe><\/p><p>TV Republika \/ youtube.com \/ Kresy.pl<\/p>","protected":false},"excerpt":{"rendered":"\u201ePa\u0144stwo dezinformowali\u015bcie opini\u0119 publiczn\u0105 robi\u0105c wiele, aby g\u0142\u0119biej wepchn\u0105\u0107 Polsk\u0119 w wojn\u0119 ukrai\u0144sk\u0105, abstrahuj\u0105c zupe\u0142nie od tych zagro\u017ce\u0144, kt\u00f3re p\u0142yn\u0105 do Polski ze strony szowinizmu ukrai\u0144skiego. (\u2026) Wy tutaj dzia\u0142acie zupe\u0142nie jawnie, jako ameryka\u0144ska i \u017cydowska agentura wp\u0142ywu w Polsce\u201d &#8211; m\u00f3wi\u0142 w pi\u0105tek Grzegorz Braun na antenie Telewizji Republika.\u201eEl\u017cbieta Bie\u0144kowska powinna wr\u00f3ci\u0107 do Polski [&hellip;]","protected":false},"author":1,"featured_media":0,"comment_status":"closed","ping_status":"closed","sticky":false,"template":"","format":"standard","meta":{"_acf_changed":false,"_monsterinsights_skip_tracking":false,"_monsterinsights_sitenote_active":false,"_monsterinsights_sitenote_note":"","_monsterinsights_sitenote_category":0,"ngg_post_thumbnail":0,"footnotes":"","_wp_rev_ctl_limit":""},"categories":[8],"tags":[344,84,98,101,159,54],"acf":[],"_links":{"self":[{"href":"https:\/\/www.bibula.com\/index.php?rest_route=\/wp\/v2\/posts\/87437"}],"collection":[{"href":"https:\/\/www.bibula.com\/index.php?rest_route=\/wp\/v2\/posts"}],"about":[{"href":"https:\/\/www.bibula.com\/index.php?rest_route=\/wp\/v2\/types\/post"}],"author":[{"embeddable":true,"href":"https:\/\/www.bibula.com\/index.php?rest_route=\/wp\/v2\/users\/1"}],"replies":[{"embeddable":true,"href":"https:\/\/www.bibula.com\/index.php?rest_route=%2Fwp%2Fv2%2Fcomments&post=87437"}],"version-history":[{"count":0,"href":"https:\/\/www.bibula.com\/index.php?rest_route=\/wp\/v2\/posts\/87437\/revisions"}],"wp:attachment":[{"href":"https:\/\/www.bibula.com\/index.php?rest_route=%2Fwp%2Fv2%2Fmedia&parent=87437"}],"wp:term":[{"taxonomy":"category","embeddable":true,"href":"https:\/\/www.bibula.com\/index.php?rest_route=%2Fwp%2Fv2%2Fcategories&post=87437"},{"taxonomy":"post_tag","embeddable":true,"href":"https:\/\/www.bibula.com\/index.php?rest_route=%2Fwp%2Fv2%2Ftags&post=87437"}],"curies":[{"name":"wp","href":"https:\/\/api.w.org\/{rel}","templated":true}]}}