{"id":87433,"date":"2016-05-09T12:45:02","date_gmt":"2016-05-09T16:45:02","guid":{"rendered":"http:\/\/www.bibula.com\/?p=87433"},"modified":"2016-05-19T13:09:50","modified_gmt":"2016-05-19T17:09:50","slug":"ile-i-jak-polska-bedzie-musiala-zaplacic-za-niemiecka-fabryke-w-naszym-kraju","status":"publish","type":"post","link":"https:\/\/www.bibula.com\/?p=87433","title":{"rendered":"Ile i jak Polska b\u0119dzie musia\u0142a zap\u0142aci\u0107 za niemieck\u0105 fabryk\u0119 w naszym kraju?"},"content":{"rendered":"<p><strong>Niemiecki koncern Daimler chce zbudowa\u0107 w Polsce fabryk\u0119 silnik\u00f3w do samochod\u00f3w Mercedesa. Wicepremier Morawiecki przyznaje, \u017ce b\u0119dzie wi\u0105za\u0142o si\u0119 to z dop\u0142atami do nowych miejsc pracy, m.in. w formie zwolnienia z podatku. Ile Polska b\u0119dzie musia\u0142a zap\u0142aci\u0107 za tego rodzaju inwestycj\u0119? Sprawie przyjrza\u0142 si\u0119 portal naTemat.pl.<\/strong><\/p><p>Podczas prezentacji inwestycji Mercedesa w Polsce wicepremier Morawiecki unika\u0142 odpowiedzi na pytanie o warto\u015b\u0107 pakietu ulg podatkowych dla koncernu. <strong><em>\u201eW ka\u017cdej tego typu inwestycji pojawia si\u0119 wsparcie pa\u0144stwa. Mo\u017ce dotyczy\u0107 braku opodatkowania i to tutaj b\u0119dzie mia\u0142o miejsce. Takie inwestycje wi\u0105\u017c\u0105 si\u0119 z dop\u0142atami do miejsc pracy\u201d<\/em><\/strong> &#8211; powiedzia\u0142. Nie poda\u0142 jednak kwoty dop\u0142aty rz\u0105du do fabryki ograniczaj\u0105c si\u0119 do stwierdzenia, \u017ce w skali inwestycji wartej 500 mln euro <strong><em>\u201enie b\u0119dzie to kwota znacz\u0105ca\u201d.<\/em><\/strong><\/p><p>Fabryka silnik\u00f3w do samochod\u00f3w Mercedesa ma powsta\u0107 na terenie Legnickiej Specjalnej Strefy Ekonomicznej, w Jaworze. Jej uruchomienie zaplanowano na 2019 rok, ma zatrudnia\u0107 ponad tysi\u0105c os\u00f3b. Jak pisze portal naTemat.pl, Polska b\u0119dzie jednak musia\u0142a zaoferowa\u0107 koncernowi zwolnienia z podatk\u00f3w, dop\u0142aca\u0107 do koszt\u00f3w budowy, a tak\u017ce oferowa\u0107 ju\u017c przeszkolonych pracownik\u00f3w &#8211; podobnie jak mia\u0142o to miejsce wcze\u015bniej, m.in. w przypadku zak\u0142ad\u00f3w General Motors czy, Volkswagen. Zdaniem portalu, nowoczesne silniki i prace badawcze nad nowymi technologiami i tak b\u0119d\u0105 odbywa\u0142y si\u0119 w Niemczech, wi\u0119c w Polsce faktycznie powstanie jedynie montownia.<\/p><p>Daimler ma zaj\u0105\u0107 teren, na kt\u00f3rym wcze\u015bniej mog\u0142a powsta\u0107 fabryka Jaguara. W ubieg\u0142ym roku zrezygnowano po tym, jak \u00f3wczesny wicepremier Janusz Piechoci\u0144ski ujawni\u0142, \u017ce koncern \u017c\u0105da przygotowania dzia\u0142ki pod inwestycj\u0119 kosztem 550 mln z\u0142otych.<\/p><p>Zdaniem Cezarego Ka\u017amierczaka ze Zwi\u0105zku Przedsi\u0119biorc\u00f3w i Pracodawc\u00f3w, inwestycje zagraniczne w Polsce, przedstawiane jako sukcesy, opieraj\u0105 si\u0119 o wielomilionowe dotacje z pieni\u0119dzy podatnik\u00f3w. Przypomina, \u017ce gdy ko\u0144cz\u0105 si\u0119 ulgi, to inwestorzy \u017c\u0105daj\u0105 wi\u0119cej lub si\u0119 wycofuj\u0119. Na takie warunki polscy przedsi\u0119biorcy nie maj\u0105 co liczy\u0107. Z kolei wed\u0142ug Miko\u0142aja Placka, prezesa Oknoplastu na tego rodzaju inwestycjach zagranicznych i tanich miejscach pracy nie zbuduje si\u0119 przysz\u0142o\u015bci. Uwa\u017ca, \u017ce trzeba to robi\u0107 w oparciu o polskie firmy, szczeg\u00f3lnie ma\u0142e i \u015brednie. <strong><em>\u201eZak\u0142adam si\u0119, \u017ce jakby dobrze policzy\u0107 to w rachunku ekonomicznym bardziej op\u0142aca si\u0119 wspiera\u0107 rodzimy biznes\u201d <\/em><\/strong>&#8211; powiedzia\u0142 w rozmowie z na Temat.pl<\/p><p><strong><em>\u201eNiestety od 15 lat obecno\u015bci w UE zagraniczni inwestorzy wci\u0105\u017c widz\u0105 w nas zasoby taniej, cho\u0107 dobrze wykwalifikowanej si\u0142y roboczej\u201d <\/em><\/strong>&#8211; czytamy na wspomnianym portalu. Przytoczono tam r\u00f3wnie\u017c raport firmy doradczej EY, kt\u00f3ry przeczy tezie o korzy\u015bciach \u201ez kupowania miejsc pracy\u201d. Zdaniem ekspert\u00f3w, ze 167 tys. miejsc pracy stworzonych w polskich strefach ekonomicznych utrzymanych zosta\u0142o 58 tys. <strong>Blisko dwie trzecie etat\u00f3w zlikwidowano, gdy sko\u0144czy\u0142y si\u0119 przywileje podatkowe.<\/strong><\/p><p><a href=\"http:\/\/natemat.pl\/179047,ile-musimy-zaplacic-za-przychylnosc-mercedesa-morawiecki-nie-bedzie-to-kwota-znaczaca\">naTemat.pl<\/a> \/ Kresy.pl<\/p><p class=\"zrodlo\">Za: <a href=\"http:\/\/www.kresy.pl\/wydarzenia,europa-zachodnia?zobacz\/ile-i-jak-polska-bedzie-musiala-zaplacic-za-niemiecka-fabryke-w-naszym-kraju\">Kresy.pl (07 maja 2016)<\/a><\/p><h4>\u00a0<\/h4><hr style=\"background-color: #000000; border-width: 0; color: #000000; height: 2px; line-height: 0; text-align: center; width: 100%;\" \/><h4>\u00a0<\/h4><h2>Tyszka (Kukiz 15): co rz\u0105d zaoferowa\u0142 niemieckiej sp\u00f3\u0142ce, \u017ceby zbudowa\u0142a fabryk\u0119 w Polsce?<\/h2><p><strong>Pose\u0142 Kukiz\u201915 i wicemarsza\u0142ek Sejmu Stanis\u0142aw Tyszka z\u0142o\u017cy\u0142 interpelacj\u0119 do Ministra Rozwoju ws. fabryki Mercedesa maj\u0105cej powsta\u0107 w Jaworze. Zadaje w niej pytania o to, jakie go rodzaju pomoc publiczn\u0105 rz\u0105d zaoferowa\u0142 niemieckiemu koncernowi, by ten zbudowa\u0142 fabryk\u0119 w Polsce.<\/strong><\/p><p>Na pocz\u0105tku maja sp\u00f3\u0142ka Daimler AG og\u0142osi\u0142a, \u017ce w gminie Jawor, na terenie legnickiej Specjalnej Strefy Ekonomicznej wybuduje fabryk\u0119 silnik\u00f3w Mercedes-Benz. Tyszka zaznacza, \u017ce oznacza to, i\u017c niemiecki koncern b\u0119dzie w ca\u0142o\u015bci zwolniony z p\u0142acenia podatku CIT. Przypomina r\u00f3wnie\u017c, \u017ce Daimler AG t\u0142umaczy\u0142 sw\u00f3j wyb\u00f3r m.in. tym, \u017ce polski rz\u0105d zaci\u0105gn\u0105\u0142 wobec niej pewne zobowi\u0105zania &#8211; w tym w zakresie pomocy publicznej.<\/p><ul><li>Przeczytaj: Mercedes zbuduje fabryk\u0119 silnik\u00f3w w Jaworze?<\/li><\/ul><p>\u201eJakie rodzaje pomocy publicznej zostan\u0105 udzielone sp\u00f3\u0142ce Daimler AG z tytu\u0142u inwestycji w Jaworze?\u201d &#8211; pyta w interpelacji wicemarsza\u0142ek Tyszka. Precyzuje, \u017ce oczekuje informacji o tym, czy niemieckiej sp\u00f3\u0142ce zagwarantowano dotacje lub granty rz\u0105dowe, dofinansowania z funduszy (w tym unijnych) oraz zwolnienie z podatku od nieruchomo\u015bci.<br \/> <br \/> \u201eW odniesieniu do ka\u017cdego z rodzaj\u00f3w udzielonej pomocy publicznej, w tym z tytu\u0142u zwolnienia podatkowego w ramach SSE, prosz\u0119 o wskazanie faktycznej lub szacowanej warto\u015bci wsparcia\u201d &#8211; pisze pose\u0142.<br \/> <br \/> \u201eDobrze, \u017ce powstaj\u0105 nowe miejsca pracy, ale jestem ciekaw czy polskie firmy mog\u0105 liczy\u0107 na takie same warunki prowadzenia dzia\u0142alno\u015bci jak zagraniczne\u201d &#8211; skomentowa\u0142 Tyszka na Facebooku.<br \/> <br \/> Wicepremier Morawiecki przyzna\u0142 wcze\u015bniej, \u017ce niemiecka inwestycja b\u0119dzie wi\u0105za\u0142a si\u0119 z dop\u0142atami do nowych miejsc pracy, m.in. w formie zwolnienia z podatku.<\/p><ul><li>PRZECZYTAJ: Ile i jak Polska b\u0119dzie musia\u0142a zap\u0142aci\u0107 za niemieck\u0105 fabryk\u0119 w naszym kraju?<\/li><\/ul><p>Podczas prezentacji inwestycji Mercedesa w Polsce wicepremier Morawiecki unika\u0142 odpowiedzi na pytanie o warto\u015b\u0107 pakietu ulg podatkowych dla koncernu. \u201eW ka\u017cdej tego typu inwestycji pojawia si\u0119 wsparcie pa\u0144stwa. Mo\u017ce dotyczy\u0107 braku opodatkowania i to tutaj b\u0119dzie mia\u0142o miejsce. Takie inwestycje wi\u0105\u017c\u0105 si\u0119 z dop\u0142atami do miejsc pracy\u201d &#8211; powiedzia\u0142. Nie poda\u0142 jednak kwoty dop\u0142aty rz\u0105du do fabryki ograniczaj\u0105c si\u0119 do stwierdzenia, \u017ce w skali inwestycji wartej 500 mln euro \u201enie b\u0119dzie to kwota znacz\u0105ca\u201d.<br \/> <br \/> Zwracano uwag\u0119, \u017ce Polska b\u0119dzie jednak musia\u0142a zaoferowa\u0107 koncernowi zwolnienia z podatk\u00f3w, dop\u0142aca\u0107 do koszt\u00f3w budowy, a tak\u017ce oferowa\u0107 ju\u017c przeszkolonych pracownik\u00f3w &#8211; podobnie jak mia\u0142o to miejsce wcze\u015bniej, m.in. w przypadku zak\u0142ad\u00f3w General Motors czy, Volkswagen. Nowoczesne silniki i prace badawcze nad nowymi technologiami i tak b\u0119d\u0105 odbywa\u0142y si\u0119 w Niemczech, wi\u0119c w Polsce faktycznie powstanie jedynie montownia.<\/p><p><img fetchpriority=\"high\" decoding=\"async\" class=\"aligncenter\" src=\"https:\/\/scontent-waw1-1.xx.fbcdn.net\/v\/t1.0-9\/13241342_1109649572446011_6829535726021249896_n.jpg?oh=9c25612a0f14ea719b3200bd071135f4&amp;oe=57A50D6F\" width=\"602\" height=\"847\" \/><\/p><p>Facebook.com \/ Kresy.pl<\/p><p class=\"zrodlo\">Za: <a href=\"http:\/\/www.kresy.pl\/wydarzenia,gospodarka?zobacz\/tyszka-kukiz\">Kresy.pl (17 maja 2016) <\/a><\/p><h4>\u00a0<\/h4><hr style=\"background-color: #000000; border-width: 0; color: #000000; height: 2px; line-height: 0; text-align: center; width: 100%;\" \/><h4>\u00a0<\/h4>","protected":false},"excerpt":{"rendered":"Niemiecki koncern Daimler chce zbudowa\u0107 w Polsce fabryk\u0119 silnik\u00f3w do samochod\u00f3w Mercedesa. Wicepremier Morawiecki przyznaje, \u017ce b\u0119dzie wi\u0105za\u0142o si\u0119 to z dop\u0142atami do nowych miejsc pracy, m.in. w formie zwolnienia z podatku. Ile Polska b\u0119dzie musia\u0142a zap\u0142aci\u0107 za tego rodzaju inwestycj\u0119? Sprawie przyjrza\u0142 si\u0119 portal naTemat.pl.Podczas prezentacji inwestycji Mercedesa w Polsce wicepremier Morawiecki unika\u0142 odpowiedzi [&hellip;]","protected":false},"author":1,"featured_media":0,"comment_status":"closed","ping_status":"closed","sticky":false,"template":"","format":"standard","meta":{"_acf_changed":false,"_monsterinsights_skip_tracking":false,"_monsterinsights_sitenote_active":false,"_monsterinsights_sitenote_note":"","_monsterinsights_sitenote_category":0,"ngg_post_thumbnail":0,"footnotes":"","_wp_rev_ctl_limit":""},"categories":[8],"tags":[166,98,52,104],"acf":[],"_links":{"self":[{"href":"https:\/\/www.bibula.com\/index.php?rest_route=\/wp\/v2\/posts\/87433"}],"collection":[{"href":"https:\/\/www.bibula.com\/index.php?rest_route=\/wp\/v2\/posts"}],"about":[{"href":"https:\/\/www.bibula.com\/index.php?rest_route=\/wp\/v2\/types\/post"}],"author":[{"embeddable":true,"href":"https:\/\/www.bibula.com\/index.php?rest_route=\/wp\/v2\/users\/1"}],"replies":[{"embeddable":true,"href":"https:\/\/www.bibula.com\/index.php?rest_route=%2Fwp%2Fv2%2Fcomments&post=87433"}],"version-history":[{"count":0,"href":"https:\/\/www.bibula.com\/index.php?rest_route=\/wp\/v2\/posts\/87433\/revisions"}],"wp:attachment":[{"href":"https:\/\/www.bibula.com\/index.php?rest_route=%2Fwp%2Fv2%2Fmedia&parent=87433"}],"wp:term":[{"taxonomy":"category","embeddable":true,"href":"https:\/\/www.bibula.com\/index.php?rest_route=%2Fwp%2Fv2%2Fcategories&post=87433"},{"taxonomy":"post_tag","embeddable":true,"href":"https:\/\/www.bibula.com\/index.php?rest_route=%2Fwp%2Fv2%2Ftags&post=87433"}],"curies":[{"name":"wp","href":"https:\/\/api.w.org\/{rel}","templated":true}]}}