{"id":87360,"date":"2016-05-05T13:18:57","date_gmt":"2016-05-05T17:18:57","guid":{"rendered":"http:\/\/www.bibula.com\/?p=87360"},"modified":"2016-05-05T13:18:57","modified_gmt":"2016-05-05T17:18:57","slug":"krytyka-polityki-izraela-zabroniona-w-ocenie-minister-ajelet-szaked-to-antysemityzm","status":"publish","type":"post","link":"https:\/\/www.bibula.com\/?p=87360","title":{"rendered":"Krytyka polityki Izraela zabroniona? W ocenie minister Ajelet Szaked, to antysemityzm"},"content":{"rendered":"<p><strong>Europejscy przyw\u00f3dcy, kt\u00f3rzy krytykuj\u0105 polityk\u0119 Izraela dopuszczaj\u0105 si\u0119 antysemityzmu &#8211; oceni\u0142a minister sprawiedliwo\u015bci Izraela Ajelet Szaked. Jej zdaniem Europa nie wyci\u0105gn\u0119\u0142a \u017cadnych wniosk\u00f3w z Holocaustu, a ludzie, kt\u00f3rzy prezentuj\u0105 antysemickie pogl\u0105dy nie powinni sprawowa\u0107 wa\u017cnych stanowisk pa\u0144stwowych.<\/strong><\/p><p>&#8211; <em>W przesz\u0142o\u015bci obserwowali\u015bmy, jak europejscy przyw\u00f3dcy wyst\u0119powali przeciwko \u017bydom. Teraz widzimy jak przemawiaj\u0105 przeciwko Izraelowi. To ten sam rodzaj antysemityzmu<\/em> &#8211; stwierdzi\u0142a minister Ajelet Szaked w wywiadzie dla \u201eWashington Post\u201d.<\/p><p>Jak wskaza\u0142a, Europa nie wyci\u0105gn\u0119\u0142a \u017cadnych wniosk\u00f3w z Holocaustu. &#8211; <em>Jeste\u015bmy \u015bwiadkami antysemickich atak\u00f3w w samym sercu Europy. S\u0142yszymy oszczerstwa w mediach europejskich. Czujemy antysemick\u0105 nienawi\u015b\u0107 na kontynencie kt\u00f3ry powinien wyci\u0105gn\u0105\u0107 wnioski<\/em> &#8211; m\u00f3wi\u0142a. &#8211; <em>Dzisiaj bycie antysemit\u0105 nie jest politycznie poprawne, jednak bycie antyizraelskim jest akceptowane<\/em> &#8211; doda\u0142a. Zdaniem minister ludzie, kt\u00f3rzy prezentuj\u0105 antysemickie pogl\u0105dy nie powinni sprawowa\u0107 wa\u017cnych stanowisk pa\u0144stwowych.<\/p><p>Minister oceni\u0142a, \u017ce antysemityzm w Europie staje si\u0119 coraz mocniejszy, a przyk\u0142adem tego by\u0142a wypowied\u017a Kena Livingstone&#8217;a, zwi\u0105zanego z brytyjsk\u0105 Parti\u0105 Pracy, kt\u00f3rego s\u0142owa zosta\u0142y odebrane jako sugestia, \u017ce Hitler by\u0142 syjonist\u0105.<\/p><p>Minister sprawiedliwo\u015bci Izraela Ayelet Shaked by\u0142a jednym z 200 go\u015bci krakowskiego sympozjum upami\u0119tniaj\u0105cego 80-lecie uchwalenia ustaw norymberskich oraz 70-lecie rozpocz\u0119cia proces\u00f3w norymberskich. Spotkanie odby\u0142o si\u0119 w Collegium Novum UJ w przededniu Marszu \u0179ywych w O\u015bwi\u0119cimiu.<\/p><p>Minister w tym kontek\u015bcie zaznaczy\u0142a, \u017ce w rzeczywisto\u015bci miliony niemieckich kobiet i m\u0119\u017cczyzn powinno by\u0107 s\u0105dzonych podczas procesu norymberskiego. Shaked podkre\u015bli\u0142a, \u017ce dzi\u015b m\u00f3wi w imieniu 6 mln oskar\u017cycieli. &#8211; <em>Ich g\u0142os jest nies\u0142yszany, dlatego ja b\u0119d\u0119 m\u00f3wi\u0142a w ich imieniu. Oskar\u017cam w imieniu tych popio\u0142\u00f3w rozrzuconych po polach Auschwitz i Treblinki i wielu p\u00f3l i teren\u00f3w Polski i Europy<\/em> &#8211; podkre\u015bli\u0142a. &#8211; <em>\u017bydzi pami\u0119taj\u0105, codziennie m\u00f3wi\u0105 \u201eNigdy wi\u0119cej\u201d<\/em> &#8211; doda\u0142a.<\/p><p>Jak wskaza\u0142a, wyj\u0105tkowo irytuj\u0105ce jest, \u017ce \u201ewielu urz\u0119dnik\u00f3w systemu nazistowskiego sta\u0142o si\u0119 filarami powojennego porz\u0105dku niemieckiego\u201d. Za\u015b w latach 60. w Niemczech Zachodnich \u201e80 proc. s\u0119dzi\u00f3w wywodzi\u0142o si\u0119 z czas\u00f3w re\u017cimu nazistowskiego\u201d. Jej zdaniem, niemiecki system prawny nie poradzi\u0142 sobie z procesem denazyfikacji, kt\u00f3rego \u017c\u0105dali alianci po wojnie. Jej zdaniem wci\u0105\u017c mo\u017cna walczy\u0107 o sprawiedliwo\u015b\u0107, kt\u00f3ra jest obowi\u0105zkiem wszystkich. Jak podkre\u015bla\u0142a \u201eHolokaust by\u0142 tragedi\u0105 nie tylko \u017byd\u00f3w, ale ca\u0142ej spo\u0142eczno\u015bci mi\u0119dzynarodowej.\u201d<\/p><p>&#8211; <em>Wielu nazist\u00f3w i kolaborant\u00f3w nie \u017cyje, ale wielu z nich pozosta\u0142o, powinni\u015bmy ich postawi\u0107 przed s\u0105dem nawet w ich podesz\u0142ym wieku. To jest nasze zobowi\u0105zanie dla naszych 6 milion\u00f3w braci i si\u00f3str<\/em> &#8211; oceni\u0142a apeluj\u0105c, by zwi\u0119kszy\u0107 wysi\u0142ki na rzecz publikacji historii os\u00f3b, kt\u00f3re prze\u017cy\u0142y Holokaust.<\/p><p>\u0179r\u00f3d\u0142o: wprost.pl, wp.pl<\/p><p>MA<\/p>","protected":false},"excerpt":{"rendered":"Europejscy przyw\u00f3dcy, kt\u00f3rzy krytykuj\u0105 polityk\u0119 Izraela dopuszczaj\u0105 si\u0119 antysemityzmu &#8211; oceni\u0142a minister sprawiedliwo\u015bci Izraela Ajelet Szaked. Jej zdaniem Europa nie wyci\u0105gn\u0119\u0142a \u017cadnych wniosk\u00f3w z Holocaustu, a ludzie, kt\u00f3rzy prezentuj\u0105 antysemickie pogl\u0105dy nie powinni sprawowa\u0107 wa\u017cnych stanowisk pa\u0144stwowych.&#8211; W przesz\u0142o\u015bci obserwowali\u015bmy, jak europejscy przyw\u00f3dcy wyst\u0119powali przeciwko \u017bydom. Teraz widzimy jak przemawiaj\u0105 przeciwko Izraelowi. To ten sam [&hellip;]","protected":false},"author":1,"featured_media":0,"comment_status":"closed","ping_status":"closed","sticky":false,"template":"","format":"standard","meta":{"_acf_changed":false,"_monsterinsights_skip_tracking":false,"_monsterinsights_sitenote_active":false,"_monsterinsights_sitenote_note":"","_monsterinsights_sitenote_category":0,"ngg_post_thumbnail":0,"footnotes":"","_wp_rev_ctl_limit":""},"categories":[6],"tags":[48,72,16,22,61],"acf":[],"_links":{"self":[{"href":"https:\/\/www.bibula.com\/index.php?rest_route=\/wp\/v2\/posts\/87360"}],"collection":[{"href":"https:\/\/www.bibula.com\/index.php?rest_route=\/wp\/v2\/posts"}],"about":[{"href":"https:\/\/www.bibula.com\/index.php?rest_route=\/wp\/v2\/types\/post"}],"author":[{"embeddable":true,"href":"https:\/\/www.bibula.com\/index.php?rest_route=\/wp\/v2\/users\/1"}],"replies":[{"embeddable":true,"href":"https:\/\/www.bibula.com\/index.php?rest_route=%2Fwp%2Fv2%2Fcomments&post=87360"}],"version-history":[{"count":0,"href":"https:\/\/www.bibula.com\/index.php?rest_route=\/wp\/v2\/posts\/87360\/revisions"}],"wp:attachment":[{"href":"https:\/\/www.bibula.com\/index.php?rest_route=%2Fwp%2Fv2%2Fmedia&parent=87360"}],"wp:term":[{"taxonomy":"category","embeddable":true,"href":"https:\/\/www.bibula.com\/index.php?rest_route=%2Fwp%2Fv2%2Fcategories&post=87360"},{"taxonomy":"post_tag","embeddable":true,"href":"https:\/\/www.bibula.com\/index.php?rest_route=%2Fwp%2Fv2%2Ftags&post=87360"}],"curies":[{"name":"wp","href":"https:\/\/api.w.org\/{rel}","templated":true}]}}