{"id":87281,"date":"2016-05-02T11:09:07","date_gmt":"2016-05-02T15:09:07","guid":{"rendered":"http:\/\/www.bibula.com\/?p=87281"},"modified":"2016-05-02T11:09:07","modified_gmt":"2016-05-02T15:09:07","slug":"polska-nie-bedzie-placic-za-bledy-angeli-merkel-rzad-oburzony-pomyslem-karania-za-nie-przyjecie-uchodzcow","status":"publish","type":"post","link":"https:\/\/www.bibula.com\/?p=87281","title":{"rendered":"Polska nie b\u0119dzie p\u0142aci\u0107 za b\u0142\u0119dy Angeli Merkel! Rz\u0105d oburzony pomys\u0142em karania za nie przyj\u0119cie uchod\u017ac\u00f3w"},"content":{"rendered":"<p><strong>&#8211; <em>Kto\u015b pope\u0142ni\u0142 b\u0142\u0105d, otworzy\u0142 szeroko ramiona &#8211; mam na my\u015bli Angel\u0119 Merkel &#8211; a teraz mieliby\u015bmy wszyscy za to p\u0142aci\u0107. To absurdalne<\/em> &#8211; podkre\u015bli\u0142a El\u017cbieta Witek. Tak szefowa gabinetu politycznego premier Beaty Szyd\u0142o skomentowa\u0142a doniesienia o planach Komisji Europejskiej karania kraj\u00f3w, kt\u00f3re nie wype\u0142ni\u0105 swoich plan\u00f3w zwi\u0105zanych z relokacj\u0105 uchod\u017ac\u00f3w. <\/strong><\/p><p>Swoj\u0105 ocen\u0119 El\u017cbieta Witek (PiS) wyrazi\u0142a na antenie TVN24. Szefowa gabinetu politycznego premier Beaty Szyd\u0142o zosta\u0142a poproszona o skomentowanie doniesie\u0144 w\u0142oskiego dziennika \u201eLa Stampa\u201d, kt\u00f3ry poda\u0142, \u017ce Komisja Europejska rozwa\u017ca na\u0142o\u017cenie kary na kraje cz\u0142onkowskie za brak realizacji unijnych plan\u00f3w relokacyjnych.<\/p><p>Wedle dziennika, KE przewiduje kar\u0119 w wysoko\u015bci 250 tys. euro za ka\u017cdego nieprzyj\u0119tego uchod\u017ac\u0119. Polska na takie rozwi\u0105zanie si\u0119 nie zgodzi, bo jak wskaza\u0142a Witek, nie b\u0119dziemy p\u0142aci\u0107 za b\u0142\u0119dy Angeli Merkel. &#8211; <em>By\u0107 mo\u017ce trzeba b\u0119dzie poszuka\u0107 jakiej\u015b mniejszo\u015bci blokuj\u0105cej na forum UE <\/em>&#8211; podkre\u015bli\u0142a.<\/p><p>El\u017cbieta Witek przyzna\u0142a, \u017ce o pomy\u015ble KE informowali ju\u017c polscy europarlamentarzy\u015bci, zatem wida\u0107, \u017ce KE chce podj\u0105\u0107 jakie\u015b dzia\u0142ania w kierunku usprawnienia procesu relokacji. &#8211; <em>By\u0107 mo\u017ce chodzi o wywarcie nacisku na pa\u0144stwa, kt\u00f3re nie chc\u0105 szczodrze uchod\u017ac\u00f3w przyjmowa\u0107<\/em> &#8211; doda\u0142a Witek.<\/p><p>W ocenie pos\u0142anki, pomys\u0142 karania za nieprzyjmowanie uchod\u017ac\u00f3w jest kuriozalny. &#8211; <em>Wszystkie kraje pr\u00f3buj\u0105 si\u0119 jako\u015b chroni\u0107 przed tym zalewem imigrant\u00f3w ekonomicznych. To najwi\u0119kszy problem UE. Du\u017ce kraje &#8211; przede wszystkim Niemcy &#8211; robi\u0105 wszystko, by t\u0119 du\u017c\u0105 liczb\u0119 uchod\u017ac\u00f3w roz\u0142adowa\u0107 <\/em>&#8211; doda\u0142a.<\/p><p>Witek przyzna\u0142a te\u017c, \u017ce Polska b\u0119dzie respektowa\u0142a uzgodnienia poprzedniego rz\u0105du dotycz\u0105ce przyj\u0119cia 7 tys. uchod\u017ac\u00f3w. &#8211; <em>Respektujemy umowy mi\u0119dzynarodowe, w tym te zawarte przez poprzedni rz\u0105d, ale na naszych warunkach <\/em>&#8211; stwierdzi\u0142a Witek.<\/p><p>\u0179r\u00f3d\u0142o: rp.pl<\/p><p>MA<\/p>","protected":false},"excerpt":{"rendered":"&#8211; Kto\u015b pope\u0142ni\u0142 b\u0142\u0105d, otworzy\u0142 szeroko ramiona &#8211; mam na my\u015bli Angel\u0119 Merkel &#8211; a teraz mieliby\u015bmy wszyscy za to p\u0142aci\u0107. To absurdalne &#8211; podkre\u015bli\u0142a El\u017cbieta Witek. Tak szefowa gabinetu politycznego premier Beaty Szyd\u0142o skomentowa\u0142a doniesienia o planach Komisji Europejskiej karania kraj\u00f3w, kt\u00f3re nie wype\u0142ni\u0105 swoich plan\u00f3w zwi\u0105zanych z relokacj\u0105 uchod\u017ac\u00f3w. Swoj\u0105 ocen\u0119 El\u017cbieta Witek [&hellip;]","protected":false},"author":1,"featured_media":0,"comment_status":"closed","ping_status":"closed","sticky":false,"template":"","format":"standard","meta":{"_acf_changed":false,"_monsterinsights_skip_tracking":false,"_monsterinsights_sitenote_active":false,"_monsterinsights_sitenote_note":"","_monsterinsights_sitenote_category":0,"ngg_post_thumbnail":0,"footnotes":"","_wp_rev_ctl_limit":""},"categories":[8],"tags":[23,76,98],"acf":[],"_links":{"self":[{"href":"https:\/\/www.bibula.com\/index.php?rest_route=\/wp\/v2\/posts\/87281"}],"collection":[{"href":"https:\/\/www.bibula.com\/index.php?rest_route=\/wp\/v2\/posts"}],"about":[{"href":"https:\/\/www.bibula.com\/index.php?rest_route=\/wp\/v2\/types\/post"}],"author":[{"embeddable":true,"href":"https:\/\/www.bibula.com\/index.php?rest_route=\/wp\/v2\/users\/1"}],"replies":[{"embeddable":true,"href":"https:\/\/www.bibula.com\/index.php?rest_route=%2Fwp%2Fv2%2Fcomments&post=87281"}],"version-history":[{"count":0,"href":"https:\/\/www.bibula.com\/index.php?rest_route=\/wp\/v2\/posts\/87281\/revisions"}],"wp:attachment":[{"href":"https:\/\/www.bibula.com\/index.php?rest_route=%2Fwp%2Fv2%2Fmedia&parent=87281"}],"wp:term":[{"taxonomy":"category","embeddable":true,"href":"https:\/\/www.bibula.com\/index.php?rest_route=%2Fwp%2Fv2%2Fcategories&post=87281"},{"taxonomy":"post_tag","embeddable":true,"href":"https:\/\/www.bibula.com\/index.php?rest_route=%2Fwp%2Fv2%2Ftags&post=87281"}],"curies":[{"name":"wp","href":"https:\/\/api.w.org\/{rel}","templated":true}]}}