{"id":87227,"date":"2016-04-26T12:48:19","date_gmt":"2016-04-26T16:48:19","guid":{"rendered":"http:\/\/www.bibula.com\/?p=87227"},"modified":"2016-04-26T12:48:19","modified_gmt":"2016-04-26T16:48:19","slug":"czy-papiez-jest-katolikiem-zastanawiali-sie-religijni-intelektualisci-na-jezuickiej-uczelni","status":"publish","type":"post","link":"https:\/\/www.bibula.com\/?p=87227","title":{"rendered":"\u201eCzy papie\u017c jest katolikiem?&#8221; \u2013 zastanawiali si\u0119 religijni intelektuali\u015bci na jezuickiej uczelni"},"content":{"rendered":"<p><strong>Ogromne zamieszanie, jakie po\u015br\u00f3d katolickich komentator\u00f3w wywo\u0142a\u0142a adhortacja dotycz\u0105ca \u017cycia rodzinnego &#8211; \u201eAmoris Laetitia\u201d &#8211; sprawia, \u017ce pytanie \u201eCzy papie\u017c jest katolikiem?\u201d, uwa\u017cane do niedawna za absurdalne, teraz okazuje si\u0119 by\u0107 powa\u017cnym problemem dla intelektualist\u00f3w katolickich &#8211; pisze liberalny magazyn \u201eCruxnow\u201d. Pismo odnios\u0142o si\u0119 do ostatniej prelekcji zorganizowanej pod takim w\u0142a\u015bnie tytu\u0142em w Nowym Jorku. <br \/><\/strong><\/p><p>Prelegenci &#8211; raczej o umiarkowanym b\u0105d\u017a liberalnym nastawieniu do katolicyzmu &#8211; wyrazili obawy, \u017ce Franciszek wyda\u0142 dokument, kt\u00f3ry podwa\u017ca nauczanie Ko\u015bcio\u0142a dotycz\u0105ce trwa\u0142o\u015bci ma\u0142\u017ce\u0144stwa.<\/p><p>Magazyn \u201eCruxnow\u201d przypomina, \u017ce \u201e\u015brodowiska tradycyjne\u201d jednoznacznie oceniaj\u0105 dokument papieski jako \u201ekatastrof\u0119\u201d i \u201eodej\u015bcie od nauczania Ko\u015bcio\u0142a\u201d. Jedna z komentatorek konserwatywnego portalu \u201eThe Federalist\u201d, Claire Chretien napisa\u0142a: \u201eNagle pytanie retoryczne <em>Czy papie\u017c jest katolikiem?<\/em> nie wydaje si\u0119 ju\u017c tak retoryczne\u201d.<\/p><p>Pod takim samym tytu\u0142em we wtorek w Nowym Jorku odby\u0142a si\u0119 debata, kt\u00f3r\u0105 zorganizowa\u0142 jezuicki Uniwersytet Fordham. W\u015br\u00f3d panelist\u00f3w znalaz\u0142 si\u0119 by\u0142y komentator religijny gazety \u201eThe New York Times\u201d, Ross Douthat &#8211; g\u0142\u00f3wny krytyk Franciszka po prawej stronie katolickiej, jak go przedstawi\u0142 magazyn \u201eCruxnow\u201d.<\/p><p>Udzia\u0142 w dyskusji wzi\u0119li tak\u017ce: Peter Steifels r\u00f3wnie\u017c by\u0142y dziennikarz \u201eNYT\u201d i wydawca magazynu \u201eCommonewal\u201d; Natalia Imperatori-Lee, teolog w Manhattan College; Alice Kearney Alwin, dyrektor szko\u0142y katolickiej dla dziewcz\u0105t &#8211; Marymount School na Manhattanie oraz John Sexton, emerytowany dziekan New York University i absolwent Fordham.<\/p><p>Douthat podkre\u015bli\u0142, \u017ce \u201eAmoris laetitia\u201d zosta\u0142a \u201etak napisana, \u017ce jeszcze nigdy w Ko\u015bciele nie zdarzy\u0142o si\u0119, aby pojawi\u0142 si\u0119 dokument, kt\u00f3ry by wprowadza\u0142 tyle zamieszania\u201d.<\/p><p>&#8211; <em>To jest bez w\u0105tpienia celowo destabilizuj\u0105cy dokument i czy ta destabilizacja jest dobra czy z\u0142a jest czym\u015b o co libera\u0142owie i konserwaty\u015bci mog\u0105 si\u0119 spiera\u0107<\/em> &#8211; stwierdzi\u0142.<\/p><p>Steinfels podj\u0105\u0142 ten argument, m\u00f3wi\u0105c, \u017ce \u201eto co prelegent uzna\u0142 za niejednoznaczno\u015b\u0107 mo\u017cna by okre\u015bli\u0107 mianem z\u0142o\u017cono\u015bci\u201d, kt\u00f3ra mo\u017ce przynie\u015b\u0107 dobre owoce dla Ko\u015bcio\u0142a. Douthat odpar\u0142 jednak, \u017ce z pesymizmem patrzy na przysz\u0142o\u015b\u0107 Ko\u015bcio\u0142a w Ameryce P\u00f3\u0142nocnej.<\/p><p>Alwin, kt\u00f3ra prowadzi szko\u0142\u0119 dla dziewcz\u0105t przekonywa\u0142a, \u017ce nie ma si\u0119 czego obawia\u0107. \u201eNowy radosny i bardziej mi\u0142osierny katolicyzm\u201d, kt\u00f3ry uosabia wedle niej obecny papie\u017c, jest dobrze przyjmowany przez dzieci i dlatego, abstrahuj\u0105c od spor\u00f3w doktrynalnych, b\u0119dzie on mia\u0142 pozytywny wp\u0142yw na nast\u0119pne pokolenie.<\/p><p>Imperatori-Lee by\u0142a r\u00f3wnie\u017c stosunkowo optymistyczna. W pewnym momencie zauwa\u017cy\u0142a, \u017ce to dziwne, i\u017c dwie kobiety patrz\u0105 z nadziej\u0105 w przysz\u0142o\u015b\u0107 &#8211; w przeciwie\u0144stwie do pozosta\u0142ych uczestnik\u00f3w dyskusji. Kobiecie spodoba\u0142o si\u0119 w dokumencie to, co papie\u017c m\u00f3wi\u0142 o feminizmie.<\/p><p>Douthat nieugi\u0119cie przekonywa\u0142, \u017ce wsp\u00f3\u0142czesny Ko\u015bci\u00f3\u0142 katolicki \u201enie ma obsesji na punkcie wszelkich surowych zasad\u201d, kt\u00f3re \u201ewedle Franciszka i jego zwolennik\u00f3w musz\u0105 by\u0107 zmienione w duchu mi\u0142osierdzia\u201d. &#8211; <em>Wr\u0119cz przeciwnie &#8211;<\/em> m\u00f3wi\u0142 &#8211; <em>nie widz\u0119 \u017cadnych oznak takiego konserwatyzmu.<\/em> Przyzna\u0142, \u017ce konserwatywny katolicyzm jest \u201epodzielony i zagubiony\u201d i \u201enie ma jasnych odpowiedzi\u201d na kryzys.<\/p><p>&#8211; <em>Jednak idea, \u017ce Ko\u015bci\u00f3\u0142 b\u0119dzie czeka\u0107 wspania\u0142a przysz\u0142o\u015b\u0107, je\u015bli tylko pozb\u0119dzie si\u0119 konserwatyzmu w\u0142a\u015bciwego dla lat 50. ub. stulecia, kt\u00f3ry Franciszek zdaje si\u0119 dostrzega\u0107 na ka\u017cdym kroku, jest po prostu szale\u0144stwem!<\/em> &#8211; ripostowa\u0142 wyra\u017anie oburzony Douthat. &#8211; <em>Takiego katolicyzmu ju\u017c dawno nie ma na Zachodzie<\/em> &#8211; dodawa\u0142.<\/p><p>Wyja\u015bni\u0142, \u017ce wsp\u00f3\u0142czesny katolicyzm jest podzielony, nieuporz\u0105dkowany, ludzie s\u0105 \u017ale katechizowani i sami katolicy s\u0105 bardzo zliberalizowani.<\/p><p>Paneli\u015bci zgodzili si\u0119, \u017ce w Ko\u015bciele bez w\u0105tpienia dokonuje si\u0119 zmiana, kt\u00f3rej nie chc\u0105 uzna\u0107 \u201etradycjonali\u015bci\u201d, a kt\u00f3ra \u201emo\u017ce si\u0119 okaza\u0107 zgubna\u201d, je\u015bli Ko\u015bci\u00f3\u0142 zatraci sw\u00f3j podstawowy cel, jakim jest zbawienie jak najwi\u0119kszej liczby ludzi.<\/p><p><em>&#8211; My\u015bl\u0119, \u017ce zgodzicie si\u0119 Pa\u0144stwo ze mn\u0105, \u017ce Ko\u015bci\u00f3\u0142, zamiast stara\u0107 si\u0119 by\u0107 lubianym, w pe\u0142ni wyra\u017ca si\u0119 poprzez realizacj\u0119 pragnienia Bo\u017cego zbawienia<\/em> &#8211; m\u00f3wi\u0142a Imperatori-Lee. <em>&#8211; Gdyby Ko\u015bci\u00f3\u0142 nie wywi\u0105zywa\u0142 si\u0119 z tego zadania, to by\u0142aby to pora\u017cka &#8211; <\/em>doda\u0142a.<\/p><p>Dalej wyja\u015bni\u0142a, \u017ce Ko\u015bci\u00f3\u0142 musi stara\u0107 si\u0119 zbawi\u0107 jak najwi\u0119ksz\u0105 liczb\u0119 ludzi w danym momencie w historii. Dlatego powinien odrzuci\u0107 wszystko to, co jest przeszkod\u0105, uniemo\u017cliwiaj\u0105c\u0105 osi\u0105gni\u0119cie tego celu.<\/p><p>Ostatecznie dyskusja pt. \u201eCzy papie\u017c jest katolikiem?\u201d przerodzi\u0142a si\u0119 w dyskusj\u0119 o to, czym jest katolicyzm.<\/p><p>\u0179r\u00f3d\u0142o: cruxnow.com<\/p><p>AS<\/p>","protected":false},"excerpt":{"rendered":"Ogromne zamieszanie, jakie po\u015br\u00f3d katolickich komentator\u00f3w wywo\u0142a\u0142a adhortacja dotycz\u0105ca \u017cycia rodzinnego &#8211; \u201eAmoris Laetitia\u201d &#8211; sprawia, \u017ce pytanie \u201eCzy papie\u017c jest katolikiem?\u201d, uwa\u017cane do niedawna za absurdalne, teraz okazuje si\u0119 by\u0107 powa\u017cnym problemem dla intelektualist\u00f3w katolickich &#8211; pisze liberalny magazyn \u201eCruxnow\u201d. Pismo odnios\u0142o si\u0119 do ostatniej prelekcji zorganizowanej pod takim w\u0142a\u015bnie tytu\u0142em w Nowym Jorku. [&hellip;]","protected":false},"author":1,"featured_media":0,"comment_status":"closed","ping_status":"closed","sticky":false,"template":"","format":"standard","meta":{"_acf_changed":false,"_monsterinsights_skip_tracking":false,"_monsterinsights_sitenote_active":false,"_monsterinsights_sitenote_note":"","_monsterinsights_sitenote_category":0,"ngg_post_thumbnail":0,"footnotes":"","_wp_rev_ctl_limit":""},"categories":[3],"tags":[301,60,221,33],"acf":[],"_links":{"self":[{"href":"https:\/\/www.bibula.com\/index.php?rest_route=\/wp\/v2\/posts\/87227"}],"collection":[{"href":"https:\/\/www.bibula.com\/index.php?rest_route=\/wp\/v2\/posts"}],"about":[{"href":"https:\/\/www.bibula.com\/index.php?rest_route=\/wp\/v2\/types\/post"}],"author":[{"embeddable":true,"href":"https:\/\/www.bibula.com\/index.php?rest_route=\/wp\/v2\/users\/1"}],"replies":[{"embeddable":true,"href":"https:\/\/www.bibula.com\/index.php?rest_route=%2Fwp%2Fv2%2Fcomments&post=87227"}],"version-history":[{"count":0,"href":"https:\/\/www.bibula.com\/index.php?rest_route=\/wp\/v2\/posts\/87227\/revisions"}],"wp:attachment":[{"href":"https:\/\/www.bibula.com\/index.php?rest_route=%2Fwp%2Fv2%2Fmedia&parent=87227"}],"wp:term":[{"taxonomy":"category","embeddable":true,"href":"https:\/\/www.bibula.com\/index.php?rest_route=%2Fwp%2Fv2%2Fcategories&post=87227"},{"taxonomy":"post_tag","embeddable":true,"href":"https:\/\/www.bibula.com\/index.php?rest_route=%2Fwp%2Fv2%2Ftags&post=87227"}],"curies":[{"name":"wp","href":"https:\/\/api.w.org\/{rel}","templated":true}]}}