{"id":87215,"date":"2016-04-26T10:22:40","date_gmt":"2016-04-26T14:22:40","guid":{"rendered":"http:\/\/www.bibula.com\/?p=87215"},"modified":"2016-04-26T10:22:40","modified_gmt":"2016-04-26T14:22:40","slug":"niemcy-3-lata-wiezienia-za-recytacje-obrazliwego-wiersza-o-erdoganie","status":"publish","type":"post","link":"https:\/\/www.bibula.com\/?p=87215","title":{"rendered":"Niemcy: 3 lata wi\u0119zienia za recytacj\u0119 obra\u017aliwego wiersza o Erdoganie"},"content":{"rendered":"<p><strong>Niemieckie w\u0142adze wszcz\u0119\u0142y post\u0119powanie karne przeciwko liderowi Partii Pirat\u00f3w w Berlinie Brunowi Krammowi, kt\u00f3ry publicznie recytowa\u0142 obra\u017aliwy wiersz niemieckiego satyryka Jana Boehmermanna o tureckim prezydencie Erdoganie przed ambasad\u0105 Turcji &#8211; poinformowa\u0142a telewizja N-tv.<\/strong><\/p><p><span id=\"more-57721\"><\/span>W pi\u0105tek Partia Pirat\u00f3w zorganizowa\u0142a przed ambasad\u0105 Turcji w Berlinie demonstracj\u0119 w obronie wolno\u015bci s\u0142owa. Uczestniczy\u0142o w niej oko\u0142o 20 os\u00f3b.<\/p><p>Policjanci dwukrotnie podchodzili do Kramma i domagali si\u0119 przerwania recytacji, powo\u0142uj\u0105c si\u0119 na decyzj\u0119 berli\u0144skiego s\u0105du administracyjnego z 14 kwietnia, zgodnie z kt\u00f3r\u0105 nie mo\u017cna wyst\u0119powa\u0107 z obra\u017aliw\u0105 krytyk\u0105 przed tureck\u0105 plac\u00f3wk\u0105 dyplomatyczn\u0105. Kramm nie zareagowa\u0142. Policja aresztowa\u0142a polityka.<\/p><p>Liderowi Partii Pirat\u00f3w postawiono zarzut \u201eobrazy organ\u00f3w i przedstawicieli obcych pa\u0144stw\u201d. Grozi mu grzywna lub 3 lata wi\u0119zienia. Z podobnymi zarzutami spotka\u0142 si\u0119 Boehmermann.<\/p><p>Jan Boehmermann jest gospodarzem wieczornego programu \u201eNeo Magazine Royale\u201d w niemieckiej telewizji publicznej ZDF. 31 marca satyryk wyrecytowa\u0142 wiersz o Erdoganie, zawieraj\u0105cy aluzje seksualne i oskar\u017cenia, \u017ce prezydent Turcji prze\u015bladuje mniejszo\u015bci, \u017ale traktuje Kurd\u00f3w, chrze\u015bcijan oraz opozycj\u0119. Przed odczytaniem wiersza Boehmermann zaznaczy\u0142, \u017ce jest on \u201eprzyk\u0142adem oszczerczych obelg\u201d.<\/p><p>W\u0142adze Turcji ostro zaprotestowa\u0142y przeciwko kpinom z g\u0142owy pa\u0144stwa. Sam Erdogan 11 kwietnia z\u0142o\u017cy\u0142 w prokuraturze w Moguncji skarg\u0119 na satyryka.<\/p><p><em><a href=\"http:\/\/pl.sputniknews.com\/swiat\/20160424\/2632280\/niemcy-erdogan-obrazliwy-wiersz.html\" target=\"_blank\">http:\/\/pl.sputniknews.com<\/a><\/em><\/p><p><em>Nie s\u0142yszeli\u015bmy nigdy, aby aresztowano kogokolwiek w Niemczech za wysoce obra\u017aliwe wypowiedzi o prezydencie Putinie, por\u00f3wnywanie go do Hitlera itp. \u0179e ju\u017c nie wspomn\u0119 o licznych afrontach spotykaj\u0105cych polskich polityk\u00f3w.<\/em><br \/> <em>Admin<\/em><\/p><p class=\"zrodlo\">Za: <a href=\"https:\/\/marucha.wordpress.com\/2016\/04\/25\/niemcy-3-lata-wiezienia-za-recytacje-obrazliwego-wiersza-o-erdoganie\/\">Dziennik gajowego Maruchy (2016-04-25)<\/a><\/p>","protected":false},"excerpt":{"rendered":"Niemieckie w\u0142adze wszcz\u0119\u0142y post\u0119powanie karne przeciwko liderowi Partii Pirat\u00f3w w Berlinie Brunowi Krammowi, kt\u00f3ry publicznie recytowa\u0142 obra\u017aliwy wiersz niemieckiego satyryka Jana Boehmermanna o tureckim prezydencie Erdoganie przed ambasad\u0105 Turcji &#8211; poinformowa\u0142a telewizja N-tv.W pi\u0105tek Partia Pirat\u00f3w zorganizowa\u0142a przed ambasad\u0105 Turcji w Berlinie demonstracj\u0119 w obronie wolno\u015bci s\u0142owa. Uczestniczy\u0142o w niej oko\u0142o 20 os\u00f3b.Policjanci dwukrotnie podchodzili [&hellip;]","protected":false},"author":1,"featured_media":0,"comment_status":"closed","ping_status":"closed","sticky":false,"template":"","format":"standard","meta":{"_acf_changed":false,"_monsterinsights_skip_tracking":false,"_monsterinsights_sitenote_active":false,"_monsterinsights_sitenote_note":"","_monsterinsights_sitenote_category":0,"ngg_post_thumbnail":0,"footnotes":"","_wp_rev_ctl_limit":""},"categories":[6],"tags":[16,166,169,233],"acf":[],"_links":{"self":[{"href":"https:\/\/www.bibula.com\/index.php?rest_route=\/wp\/v2\/posts\/87215"}],"collection":[{"href":"https:\/\/www.bibula.com\/index.php?rest_route=\/wp\/v2\/posts"}],"about":[{"href":"https:\/\/www.bibula.com\/index.php?rest_route=\/wp\/v2\/types\/post"}],"author":[{"embeddable":true,"href":"https:\/\/www.bibula.com\/index.php?rest_route=\/wp\/v2\/users\/1"}],"replies":[{"embeddable":true,"href":"https:\/\/www.bibula.com\/index.php?rest_route=%2Fwp%2Fv2%2Fcomments&post=87215"}],"version-history":[{"count":0,"href":"https:\/\/www.bibula.com\/index.php?rest_route=\/wp\/v2\/posts\/87215\/revisions"}],"wp:attachment":[{"href":"https:\/\/www.bibula.com\/index.php?rest_route=%2Fwp%2Fv2%2Fmedia&parent=87215"}],"wp:term":[{"taxonomy":"category","embeddable":true,"href":"https:\/\/www.bibula.com\/index.php?rest_route=%2Fwp%2Fv2%2Fcategories&post=87215"},{"taxonomy":"post_tag","embeddable":true,"href":"https:\/\/www.bibula.com\/index.php?rest_route=%2Fwp%2Fv2%2Ftags&post=87215"}],"curies":[{"name":"wp","href":"https:\/\/api.w.org\/{rel}","templated":true}]}}