{"id":87138,"date":"2016-04-20T10:29:24","date_gmt":"2016-04-20T14:29:24","guid":{"rendered":"http:\/\/www.bibula.com\/?p=87138"},"modified":"2016-04-20T10:29:24","modified_gmt":"2016-04-20T14:29:24","slug":"swoboda-organizuje-marsz-ku-czci-ss-galizien-to-prywatna-inicjatywa-pojedynczych-dzialaczy","status":"publish","type":"post","link":"https:\/\/www.bibula.com\/?p=87138","title":{"rendered":"Swoboda organizuje marsz ku czci SS Galizien? \u201eTo prywatna inicjatywa pojedynczych dzia\u0142aczy&#8221;"},"content":{"rendered":"<p><strong>W ukrai\u0144skich mediach pojawi\u0142a si\u0119 informacja, \u017ce odeski oddzia\u0142 neobanderowskiej partii Swoboda zamierza zorganizowa\u0107 marsz maj\u0105cy upami\u0119tni\u0107 rocznic\u0119 sformowania ukrai\u0144skiej dywizji SS Galizien. W\u0142adze partii twierdz\u0105, \u017ce nie maj\u0105 z tym nic wsp\u00f3lnego i twierdz\u0105, \u017ce to samowola lokalnych dzia\u0142aczy.<\/strong><\/p><p><img fetchpriority=\"high\" decoding=\"async\" class=\"aligncenter\" src=\"http:\/\/static.kresy.pl\/image\/ma\/3a5c3c7d891c72720ff1a0d354959be6.jpg\" width=\"601\" height=\"366\" \/><\/p><p class=\"podpis_sz\" style=\"text-align: center;\"><em>Heinrich Himmler wizytuje oddzia\u0142y SS Galizien, fot. waralbum.ru<\/em><\/p><p>Wed\u0142ug informacji przekazanej mediom we wtorek przez oddzia\u0142 swobody w Odessie, lokalne struktury tej partii zapowiedzia\u0142y zorganizowanie wsp\u00f3lnie z m\u0142odzie\u017cow\u0105 organizacj\u0105 nacjonalistyczn\u0105 \u201eSok\u00f3\u0142\u201d marszu, kt\u00f3ry mia\u0142by przej\u015b\u0107 ulicami miasta 28 kwietnia &#8211; w rocznic\u0119 sformowania ukrai\u0144skiej dywizji SS Galizien.<\/p><p>Wed\u0142ug o\u015bwiadczenia, kt\u00f3re mia\u0142o zosta\u0107 wystosowane przez miejscowego szefa Swobody, Kostjantyna Wasyleca, zaapelowano do wszystkich <em>\u201eszanuj\u0105cych walk\u0119 narodowo-wyzwole\u0144cz\u0105 do upami\u0119tnienia tych, kt\u00f3rzy w\u00f3wczas oddali swoje \u017cycie za Ukrain\u0119\u201d<\/em> do wzi\u0119cia udzia\u0142u w marszu i uhonorowaniu tych, kt\u00f3rzy <em>\u201ena wschodzie Ukrainy walcz\u0105 za wolno\u015b\u0107 naszego kraju\u201d.<\/em><\/p><p>Jednak w dzisiejszym o\u015bwiadczeniu biuro prasowe Swobody twierdzi, \u017ce partia ta oficjalnie nie planuje tego rodzaju uroczysto\u015bci:<\/p><p>\u201e[Swoboda] nie b\u0119dzie podejmowa\u0107 \u017cadnych dzia\u0142a\u0144 28 kwietnia 2016 roku z okazji rocznicy sformowania dywizji Ha\u0142yczyna, ani w Odessie, ani w \u017cadnym innym miejscu na Ukrainie\u201d.<\/p><p>Oficjalnie partia og\u0142osi\u0142a, \u017ce <strong><em>\u201einformacja rozpowszechniona przez s\u0142u\u017cb\u0119 prasow\u0105 lokalnego oddzia\u0142u Swobody w Odessie to ca\u0142kowicie prywatna inicjatywa pojedynczych cz\u0142onk\u00f3w partii, kt\u00f3rzy wykorzystali oficjaln\u0105 skrzynk\u0119 mailow\u0105 s\u0142u\u017cby prasowej\u201d. <\/em><\/strong>Dodano, ze inicjatywa ta nie by\u0142a konsultowana w kierownictwem partii.<\/p><p>Dywizja SS Galizien by\u0142a jednostk\u0105 zbrodniczej niemieckiej formacji SS, z\u0142o\u017con\u0105 z ukrai\u0144skich kolaborant\u00f3w, powo\u0142an\u0105 przez Niemc\u00f3w dla uzupe\u0142nienia brak\u00f3w kadrowych. Jest odpowiedzialna za liczne zbrodnie na Polakach.<\/p><ul><li>PRZECZYTAJ: <a href=\"http:\/\/www.kresy.pl\/kresopedia,historia,ii-wojna-swiatowa?zobacz%2Fdywizja-ss-galizien\"><strong>Dywizja SS Galizien<\/strong><\/a><\/li><\/ul><p>Pravda.com.ua \/ censor.net \/ Kresy.pl<\/p><p class=\"zrodlo\">Za: <a href=\"http:\/\/www.kresy.pl\/wydarzenia,spoleczenstwo?zobacz\/swoboda-organizuje-marsz-ku-czci-ss-galizien-to-prywatna-inicjatywa-pojedynczych-dzialaczy\">Kresy.pl (20 kwietnia 2016)<\/a><\/p>","protected":false},"excerpt":{"rendered":"W ukrai\u0144skich mediach pojawi\u0142a si\u0119 informacja, \u017ce odeski oddzia\u0142 neobanderowskiej partii Swoboda zamierza zorganizowa\u0107 marsz maj\u0105cy upami\u0119tni\u0107 rocznic\u0119 sformowania ukrai\u0144skiej dywizji SS Galizien. W\u0142adze partii twierdz\u0105, \u017ce nie maj\u0105 z tym nic wsp\u00f3lnego i twierdz\u0105, \u017ce to samowola lokalnych dzia\u0142aczy.Heinrich Himmler wizytuje oddzia\u0142y SS Galizien, fot. waralbum.ruWed\u0142ug informacji przekazanej mediom we wtorek przez oddzia\u0142 swobody [&hellip;]","protected":false},"author":1,"featured_media":0,"comment_status":"closed","ping_status":"closed","sticky":false,"template":"","format":"standard","meta":{"_acf_changed":false,"_monsterinsights_skip_tracking":false,"_monsterinsights_sitenote_active":false,"_monsterinsights_sitenote_note":"","_monsterinsights_sitenote_category":0,"ngg_post_thumbnail":0,"footnotes":"","_wp_rev_ctl_limit":""},"categories":[6],"tags":[102,29,167,59],"acf":[],"_links":{"self":[{"href":"https:\/\/www.bibula.com\/index.php?rest_route=\/wp\/v2\/posts\/87138"}],"collection":[{"href":"https:\/\/www.bibula.com\/index.php?rest_route=\/wp\/v2\/posts"}],"about":[{"href":"https:\/\/www.bibula.com\/index.php?rest_route=\/wp\/v2\/types\/post"}],"author":[{"embeddable":true,"href":"https:\/\/www.bibula.com\/index.php?rest_route=\/wp\/v2\/users\/1"}],"replies":[{"embeddable":true,"href":"https:\/\/www.bibula.com\/index.php?rest_route=%2Fwp%2Fv2%2Fcomments&post=87138"}],"version-history":[{"count":0,"href":"https:\/\/www.bibula.com\/index.php?rest_route=\/wp\/v2\/posts\/87138\/revisions"}],"wp:attachment":[{"href":"https:\/\/www.bibula.com\/index.php?rest_route=%2Fwp%2Fv2%2Fmedia&parent=87138"}],"wp:term":[{"taxonomy":"category","embeddable":true,"href":"https:\/\/www.bibula.com\/index.php?rest_route=%2Fwp%2Fv2%2Fcategories&post=87138"},{"taxonomy":"post_tag","embeddable":true,"href":"https:\/\/www.bibula.com\/index.php?rest_route=%2Fwp%2Fv2%2Ftags&post=87138"}],"curies":[{"name":"wp","href":"https:\/\/api.w.org\/{rel}","templated":true}]}}