{"id":87136,"date":"2016-04-20T10:24:22","date_gmt":"2016-04-20T14:24:22","guid":{"rendered":"http:\/\/www.bibula.com\/?p=87136"},"modified":"2016-04-20T10:24:22","modified_gmt":"2016-04-20T14:24:22","slug":"kod-zawiadomil-policje-za-flagi-z-krzyzem-jagiellonskim-w-oknach-biura-marka-jurka","status":"publish","type":"post","link":"https:\/\/www.bibula.com\/?p=87136","title":{"rendered":"KOD zawiadomi\u0142 policj\u0119 za flagi z krzy\u017cem jagiello\u0144skim w oknach biura Marka Jurka"},"content":{"rendered":"<p><strong>Podczas pi\u0105tkowej manifestacji KOD w Poznaniu, organizatorzy protestu poskar\u017cyli si\u0119 na m\u0142odych ludzi, kt\u00f3rzy w oknach biura europos\u0142a Marka Jurka wywiesili flagi z krzy\u017cami jagiello\u0144skimi. Zdaniem demonstrant\u00f3w by\u0142o to zak\u0142\u00f3canie demonstracji.<\/strong><\/p><p><img fetchpriority=\"high\" decoding=\"async\" class=\"aligncenter\" src=\"http:\/\/static.kresy.pl\/image\/ma\/5ab5f32c2f44830fd09de032cf474878.jpg\" width=\"600\" height=\"286\" \/><\/p><p class=\"podpis_sz\" style=\"text-align: center;\"><em>Fot. youtube.com<\/em><\/p><p>Jak informuje Radio Merkury, w ubieg\u0142y pi\u0105tek w Poznaniu aktywi\u015bci KOD zorganizowali manifestacj\u0119, niedaleko biura poselskiego Marka Jurka. M\u0142odzi ludzie wywiesili w oknach flagi z krzy\u017cem jagiello\u0144skim &#8211; logiem partii Jurka, Prawicy Rzeczpospolitej. Demonstranci uznali to za zak\u0142\u00f3canie demonstracji i zawiadomili policj\u0119. Funkcjonariusze weszli do biura europos\u0142a i wylegitymowali osoby, kt\u00f3re wywiesi\u0142y flagi.<\/p><p>Interwencja policji zaskoczy\u0142a pracownik\u00f3w biura, tym bardziej, \u017ce mia\u0142a ona miejsce w dniu obchod\u00f3w jubileuszu 1050-lecia chrztu Polski, gdy w Poznaniu odby\u0142o si\u0119 uroczyste Zgromadzenie Narodowe. <em>\u201eTrudno, \u017ceby\u015bmy si\u0119 t\u0142umaczyli, \u017ce pojawi\u0142y si\u0119 flagi z krzy\u017cem w okazji tego jubileuszu\u201d <\/em>&#8211; m\u00f3wi\u0142 Bogus\u0142aw Kiernicki z biura europos\u0142a.<\/p><p>Radio Merkury \/ PCh24.pl \/ Kresy.pl<\/p><p class=\"zrodlo\">Za: <a href=\"http:\/\/www.kresy.pl\/wydarzenia,polityka?zobacz\/kod-zawiadomil-policje-za-flagi-z-krzyzem-jagiellonskim-w-oknach-biura-marka-jurka\">Kresy.pl (20 kwietnia 2016)<\/a><\/p>","protected":false},"excerpt":{"rendered":"Podczas pi\u0105tkowej manifestacji KOD w Poznaniu, organizatorzy protestu poskar\u017cyli si\u0119 na m\u0142odych ludzi, kt\u00f3rzy w oknach biura europos\u0142a Marka Jurka wywiesili flagi z krzy\u017cami jagiello\u0144skimi. Zdaniem demonstrant\u00f3w by\u0142o to zak\u0142\u00f3canie demonstracji.Fot. youtube.comJak informuje Radio Merkury, w ubieg\u0142y pi\u0105tek w Poznaniu aktywi\u015bci KOD zorganizowali manifestacj\u0119, niedaleko biura poselskiego Marka Jurka. M\u0142odzi ludzie wywiesili w oknach flagi [&hellip;]","protected":false},"author":1,"featured_media":0,"comment_status":"closed","ping_status":"closed","sticky":false,"template":"","format":"standard","meta":{"_acf_changed":false,"_monsterinsights_skip_tracking":false,"_monsterinsights_sitenote_active":false,"_monsterinsights_sitenote_note":"","_monsterinsights_sitenote_category":0,"ngg_post_thumbnail":0,"footnotes":"","_wp_rev_ctl_limit":""},"categories":[8],"tags":[65,98,136],"acf":[],"_links":{"self":[{"href":"https:\/\/www.bibula.com\/index.php?rest_route=\/wp\/v2\/posts\/87136"}],"collection":[{"href":"https:\/\/www.bibula.com\/index.php?rest_route=\/wp\/v2\/posts"}],"about":[{"href":"https:\/\/www.bibula.com\/index.php?rest_route=\/wp\/v2\/types\/post"}],"author":[{"embeddable":true,"href":"https:\/\/www.bibula.com\/index.php?rest_route=\/wp\/v2\/users\/1"}],"replies":[{"embeddable":true,"href":"https:\/\/www.bibula.com\/index.php?rest_route=%2Fwp%2Fv2%2Fcomments&post=87136"}],"version-history":[{"count":0,"href":"https:\/\/www.bibula.com\/index.php?rest_route=\/wp\/v2\/posts\/87136\/revisions"}],"wp:attachment":[{"href":"https:\/\/www.bibula.com\/index.php?rest_route=%2Fwp%2Fv2%2Fmedia&parent=87136"}],"wp:term":[{"taxonomy":"category","embeddable":true,"href":"https:\/\/www.bibula.com\/index.php?rest_route=%2Fwp%2Fv2%2Fcategories&post=87136"},{"taxonomy":"post_tag","embeddable":true,"href":"https:\/\/www.bibula.com\/index.php?rest_route=%2Fwp%2Fv2%2Ftags&post=87136"}],"curies":[{"name":"wp","href":"https:\/\/api.w.org\/{rel}","templated":true}]}}