{"id":87121,"date":"2016-04-19T13:33:21","date_gmt":"2016-04-19T17:33:21","guid":{"rendered":"http:\/\/www.bibula.com\/?p=87121"},"modified":"2020-09-19T15:05:51","modified_gmt":"2020-09-19T19:05:51","slug":"nielegalni-imigranci-sa-juz-w-polsce-bez-trudu-opuszczaja-niemieckie-obozy-i-przekraczaja-granice","status":"publish","type":"post","link":"https:\/\/www.bibula.com\/?p=87121","title":{"rendered":"Nielegalni imigranci s\u0105 ju\u017c w Polsce! Bez trudu opuszczaj\u0105 niemieckie obozy i przekraczaj\u0105 granic\u0119"},"content":{"rendered":"<p><strong>Przyj\u0119ci do niemieckich oboz\u00f3w imigranci bez przeszk\u00f3d mog\u0105 podr\u00f3\u017cowa\u0107 do Polski. Cho\u0107 czyni\u0105 to nielegalnie, to s\u0142u\u017cby nie kwapi\u0105 si\u0119, by powstrzyma\u0107 tego typu \u201ewycieczki\u201d. Jak zauwa\u017ca \u201eGPC\u201d, zjawisko jest lekcewa\u017cone, a tymczasem tylko w ci\u0105gu ostatnich trzech miesi\u0119cy problem dotyczy\u0142 ponad pi\u0119\u0107dziesi\u0119ciu nielegalnych imigrant\u00f3w.<\/strong><\/p>\r\n<p>Podr\u00f3\u017cuj\u0105cy z Niemiec do Polski imigranci zostali przyj\u0119ci do oboz\u00f3w dla uchod\u017ac\u00f3w zorganizowanych za nasz\u0105 zachodni\u0105 granic\u0105 i oczekuj\u0105 na zako\u0144czenie procedury azylowej. Nie maj\u0105 prawa podr\u00f3\u017cowa\u0107 po Europie. Jednak to nie przeszkadza im, by wybra\u0107 si\u0119 na zakupy do przygranicznych polskich miast.<\/p>\r\n<p>Tego typu wyprawy s\u0105 nielegalne, ale &#8211; jak pisze \u201eGPC\u201d &#8211; stra\u017c graniczna i policja bagatelizuj\u0105 problem i nie kontroluj\u0105 tego zjawiska. &#8211; <em>Nie interweniowali\u015bmy dotychczas w takich zdarzeniach, ale od os\u00f3b handluj\u0105cych papierosami przy przej\u015bciu wiemy, \u017ce imigranci przechodz\u0105 przez granic\u0119 i robi\u0105 u nas zakupy<\/em> &#8211; przyznaje w rozmowie z \u201eGPC\u201d podkom. Antoni Owsiak z Komendy Powiatowej Policji w Zgorzelcu.<\/p>\r\n<p>Podobnie dzieje si\u0119 niemal na ca\u0142ej granicy z Republik\u0105 Federaln\u0105 Niemiec. Granica w znacznej cz\u0119\u015bci jest kontrolowana przez Nadodrza\u0144ski Oddzia\u0142 Stra\u017cy Granicznej. Jednak pogranicznicy pytani o spraw\u0119 twierdz\u0105, \u017ce s\u0105 to \u201esporadyczne historie\u201d. Niemniej, tylko w tym roku NOSG zatrzyma\u0142 ok. 60 obywateli Syrii, Pakistanu i Iranu. SG potwierdzi\u0142a, \u017ce byli oni zarejestrowani do z\u0142o\u017cenia wniosku o azyl a \u201eposiadane przez nich dokumenty nie pozwalaj\u0105 im na przekroczenie granicy\u201d. Problem jest jednak bagatelizowany, bo imigranci nie wszczynaj\u0105 burd, nie dokonuj\u0105 kradzie\u017cy.<\/p>\r\n<p>\u201eGPC\u201d zwr\u00f3ci\u0142a uwag\u0119, \u017ce we wszystkich wypytywanych jednostkach zjawisko jest marginalizowane, a zagro\u017cenie lekcewa\u017cone. Zatrzymani imigranci t\u0142umaczyli, \u017ce chcieli zaoszcz\u0119dzi\u0107 kilka euro na zakupach, ale nie wiadomo ilu z nich mog\u0142oby lub dotar\u0142o w g\u0142\u0105b Polski, tak\u017ce w innych, ni\u017c zakupowych celach.<\/p>\r\n<p>\u0179rod\u0142o: niezalezna.pl, \u201eGazeta Polska Codziennie\u201d<\/p>\r\n<p>MA<\/p>\r\n<p class=\"zrodlo\">Za: <a href=\"http:\/\/www.pch24.pl\/nielegalni-imigranci-sa-juz-w-polsce--bez-trudu-opuszczaja-niemieckie-obozy-i-przekraczaja-granice,42658,i.html\">PoloniaChristiana &#8211; pch24.pl (2016-04-18)<\/a><\/p>\r\n<h4>\u00a0<\/h4>\r\n<hr style=\"background-color: #000000; border-width: 0; color: #000000; height: 2px; line-height: 0; text-align: center; width: 100%;\" \/>\r\n<h4>\u00a0<\/h4>\r\n<h2>Zgorzelec: Protest przeciw imigrantom w granicznym mie\u015bcie [+FOTO]<\/h2>\r\n<p>16 kwietnia w po\u0142o\u017conym na granicy z Niemcami Zgorzelcu miejscowi kibice oraz \u015brodowiska narodowe zorganizowali manifestacj\u0119 przeciw imigracji.<\/p>\r\n<p>W\u015br\u00f3d uczestnik\u00f3w manifestacji byli kibice miejscowego klubu pi\u0142karskiego Nysa Zgorzelec. Ocenili liczb\u0119 uczestnik\u00f3w manifestacji na oko\u0142o 300 os\u00f3b.\u00a0Po niemieckiej stronie granicy, w Goerlitz pojawi\u0142o si\u0119 1kilkunastu kontrmanifestant\u00f3w, opowiadaj\u0105cych si\u0119 za przyjmowaniem imigrant\u00f3w z Afryki i Bliskiego Wschodu. \u00a0Wyst\u0105pienia zmobilizowa\u0142y znaczn\u0105 liczb\u0119 funkcjonariuszy policji polskiej i niemieckiej. Co ciekawe po stronie polskiej mieli si\u0119 pojawi\u0107 Niemcy nie zgadzaj\u0105cy si\u0119 na bierno\u015b\u0107 swojego rz\u0105du wobec zalewu imigrant\u00f3w.<\/p>\r\n<p>Zebrani o godzinie 17.00 pochodem ruszyli ulicami miasta. Przem\u00f3wienia, przez kt\u00f3re przebijala niech\u0119\u0107 do narzucania Polsce ideologii multi-kulti odby\u0142y si\u0119 pod pomnikiem Millenium. Na zako\u0144czenie manifestacji spalono portrety niemieckich polityk\u00f3w szczeg\u00f3lnie zaanga\u017cowanych w promowanie polityki &#8222;otwartych drzwi&#8221; wobec nielegalnych imigrant\u00f3w &#8211; kanclerz Angeli Merkel i przewodnicz\u0105cego Parlamentu Europejskiego Martina Schulza.<\/p>\r\n<p>[Ca\u0142o\u015b\u0107, wraz z galeri\u0105 zdj\u0119\u0107 &#8211; na stronie \u017ar\u00f3d\u0142owej]<\/p>\r\n<p class=\"zrodlo\">Za: <a href=\"http:\/\/www.kresy.pl\/wydarzenia,bezpieczenstwo-i-obrona?zobacz\/zgorzelec-protest-przeciw-imigrantom-w-granicznym-miescie-foto\">Kresy.pl (17 kwietnia 2016)<\/a><\/p>\r\n<h4>\u00a0<\/h4>\r\n<hr style=\"background-color: #000000; border-width: 0; color: #000000; height: 2px; line-height: 0; text-align: center; width: 100%;\" \/>\r\n<h4>\u00a0<\/h4>\r\n<h2>Holandia chce zmusi\u0107 Polsk\u0119 do przyj\u0119cia uchod\u017ac\u00f3w z Syrii<\/h2>\r\n<p>Holandia chce, by Polska i inne kraje Europy \u015arodkowej przyj\u0119\u0142y Syryjczyk\u00f3w z Turcji.<\/p>\r\n<div class=\"cut1\">[&#8230;] <span class=\"podpis_sz\">Ca\u0142y tekst dost\u0119pny w materiale \u017ar\u00f3d\u0142owym<\/span><\/div>\r\n<p>PAP\/KRESY.PL<\/p>\r\n<p class=\"zrodlo\">Za: <a href=\"http:\/\/www.kresy.pl\/wydarzenia,europa-zachodnia?zobacz\/holandia-chce-zmusic-polske-do-przyjecia-uchodzcow-z-syrii\">Kresy.pl (17 kwietnia 2016)<\/a><\/p>\r\n<h4>\u00a0<\/h4>\r\n<hr style=\"background-color: #000000; border-width: 0; color: #000000; height: 2px; line-height: 0; text-align: center; width: 100%;\" \/>\r\n<h4>\u00a0<\/h4>","protected":false},"excerpt":{"rendered":"Przyj\u0119ci do niemieckich oboz\u00f3w imigranci bez przeszk\u00f3d mog\u0105 podr\u00f3\u017cowa\u0107 do Polski. Cho\u0107 czyni\u0105 to nielegalnie, to s\u0142u\u017cby nie kwapi\u0105 si\u0119, by powstrzyma\u0107 tego typu \u201ewycieczki\u201d. Jak zauwa\u017ca \u201eGPC\u201d, zjawisko jest lekcewa\u017cone, a tymczasem tylko w ci\u0105gu ostatnich trzech miesi\u0119cy problem dotyczy\u0142 ponad pi\u0119\u0107dziesi\u0119ciu nielegalnych imigrant\u00f3w. Podr\u00f3\u017cuj\u0105cy z Niemiec do Polski imigranci zostali przyj\u0119ci do oboz\u00f3w [&hellip;]","protected":false},"author":2,"featured_media":0,"comment_status":"closed","ping_status":"closed","sticky":false,"template":"","format":"standard","meta":{"_acf_changed":false,"_monsterinsights_skip_tracking":false,"_monsterinsights_sitenote_active":false,"_monsterinsights_sitenote_note":"","_monsterinsights_sitenote_category":0,"ngg_post_thumbnail":0,"footnotes":"","_wp_rev_ctl_limit":""},"categories":[8],"tags":[448,76,98,280],"acf":[],"_links":{"self":[{"href":"https:\/\/www.bibula.com\/index.php?rest_route=\/wp\/v2\/posts\/87121"}],"collection":[{"href":"https:\/\/www.bibula.com\/index.php?rest_route=\/wp\/v2\/posts"}],"about":[{"href":"https:\/\/www.bibula.com\/index.php?rest_route=\/wp\/v2\/types\/post"}],"author":[{"embeddable":true,"href":"https:\/\/www.bibula.com\/index.php?rest_route=\/wp\/v2\/users\/2"}],"replies":[{"embeddable":true,"href":"https:\/\/www.bibula.com\/index.php?rest_route=%2Fwp%2Fv2%2Fcomments&post=87121"}],"version-history":[{"count":3,"href":"https:\/\/www.bibula.com\/index.php?rest_route=\/wp\/v2\/posts\/87121\/revisions"}],"predecessor-version":[{"id":118137,"href":"https:\/\/www.bibula.com\/index.php?rest_route=\/wp\/v2\/posts\/87121\/revisions\/118137"}],"wp:attachment":[{"href":"https:\/\/www.bibula.com\/index.php?rest_route=%2Fwp%2Fv2%2Fmedia&parent=87121"}],"wp:term":[{"taxonomy":"category","embeddable":true,"href":"https:\/\/www.bibula.com\/index.php?rest_route=%2Fwp%2Fv2%2Fcategories&post=87121"},{"taxonomy":"post_tag","embeddable":true,"href":"https:\/\/www.bibula.com\/index.php?rest_route=%2Fwp%2Fv2%2Ftags&post=87121"}],"curies":[{"name":"wp","href":"https:\/\/api.w.org\/{rel}","templated":true}]}}