{"id":87107,"date":"2016-04-19T12:48:35","date_gmt":"2016-04-19T16:48:35","guid":{"rendered":"http:\/\/www.bibula.com\/?p=87107"},"modified":"2016-04-19T13:12:52","modified_gmt":"2016-04-19T17:12:52","slug":"franciszek-do-centrum-astalli-uchodzcy-nie-sa-problemem-sa-darem","status":"publish","type":"post","link":"https:\/\/www.bibula.com\/?p=87107","title":{"rendered":"Franciszek do Centrum Astalli: uchod\u017acy nie s\u0105 problemem, s\u0105 darem"},"content":{"rendered":"<p>Ka\u017cdy z uchod\u017ac\u00f3w mo\u017ce by\u0107 mostem \u0142\u0105cz\u0105cym odleg\u0142e narody, umo\u017cliwiaj\u0105cym spotkanie mi\u0119dzy odmiennymi kulturami i religiami, drog\u0105 do odkrycia naszego wsp\u00f3lnego cz\u0142owiecze\u0144stwa. Papie\u017c Franciszek m\u00f3wi\u0142 o tym do uchod\u017ac\u00f3w, wolontariuszy i pracownik\u00f3w rzymskiego Centrum Astalli. Ten kierowany przez jezuit\u00f3w o\u015brodek od 35 lat niesie pomoc potrzebuj\u0105cym, kieruj\u0105c si\u0119 s\u0142owami Chrystusa z Ewangelii: \u201eBy\u0142em przybyszem, a przyj\u0119li\u015bcie mnie\u201d (Mt 25, 35).<\/p><p>\u201eBy\u0142em przybyszem\u2026Ka\u017cdy z was uchod\u017ac\u00f3w, kt\u00f3rzy pukacie do naszych drzwi, ma oblicze Boga, jest cia\u0142em Chrystusa. Wasze do\u015bwiadczenie b\u00f3lu i nadziei przypomina nam, \u017ce wszyscy jeste\u015bmy cudzoziemcami i pielgrzymami na tej ziemi, przyj\u0119tymi przez kogo\u015b ze szczodro\u015bci\u0105 i nie dlatego, \u017ce na to zas\u0142ugujemy &#8211; m\u00f3wi\u0142 w wideoprzes\u0142aniu Papie\u017c. &#8211; Ka\u017cdy, kto tak jak wy uciek\u0142 z ojczystych stron z powodu ucisku, wojny, przyrody wyniszczonej zanieczyszczeniami i pustynnieniem czy te\u017c niesprawiedliwego podzia\u0142u zasob\u00f3w planety, jest bratem, z kt\u00f3rym mamy dzieli\u0107 chleb, dom, \u017cycie. Zbyt cz\u0119sto was nie przyj\u0119li\u015bmy! Wybaczcie zamkni\u0119cie i oboj\u0119tno\u015b\u0107 naszych spo\u0142ecze\u0144stw, kt\u00f3re obawiaj\u0105 si\u0119 zmiany \u017cycia i mentalno\u015bci, jakiej domaga si\u0119 wasza obecno\u015b\u0107. Traktowani jako ci\u0119\u017car, jako problem, jako co\u015b, co kosztuje, w istocie jeste\u015bcie darem\u201d.<\/p><p>bz\/ rv<\/p><p class=\"zrodlo\">Za: <a href=\"http:\/\/pl.radiovaticana.va\/news\/2016\/04\/19\/franciszek_do_centrum_astalli_uchod%C5%BAcy_nie_s%C4%85_problemem\/1223985\">Radio Watyka\u0144skie (19\/04\/2016)<\/a><\/p><blockquote><p><strong>KOMENTARZ <em>BIBU\u0141Y<\/em><\/strong>: Ojciec Bergolio ju\u017c sobie wzi\u0105\u0142 kilka muzu\u0142ma\u0144skich &#8222;dar\u00f3w&#8221; do Watykanu wzbogacaj\u0105c go kulturowo i religijnie. Ale nie zaprzestaje na takich chorych propagandowych gestach i nawo\u0142uje ka\u017cdego do przyjmowania &#8222;dar\u00f3w&#8221; pod swe dachy. Przy tym dos\u0142ownie bredzi pos\u0142uguj\u0105c si\u0119 skrajnie lewackimi pseudo-argumentami o przyczynach fali emigracji: &#8222;przyrodzie wyniszczonej zanieczyszczeniami i pustynnieniem czy te\u017c niesprawiedliwego podzia\u0142u zasob\u00f3w planety&#8221;.<\/p><p>Nie nam ocenia\u0107 czy ojciec Bergolio to legalnie wybrany Papie\u017c &#8211; bo s\u0105 wielkie w\u0105tpliwo\u015bci pod adresem samego konklawe &#8211; ale z pewno\u015bci\u0105 nie wypowiada si\u0119, nie dzia\u0142a, nie sprawuje Urz\u0119du jak Papie\u017c. Wr\u0119cz przeciwnie &#8211; zachowuje si\u0119 jakby celowo zale\u017ca\u0142o mu na likwidacji katolicyzmu, destrukcji wszelkich ustanowionych przez Boga i \u015awi\u0119ty Ko\u015bci\u00f3\u0142 katolicki zasad.<\/p><\/blockquote>","protected":false},"excerpt":{"rendered":"Ka\u017cdy z uchod\u017ac\u00f3w mo\u017ce by\u0107 mostem \u0142\u0105cz\u0105cym odleg\u0142e narody, umo\u017cliwiaj\u0105cym spotkanie mi\u0119dzy odmiennymi kulturami i religiami, drog\u0105 do odkrycia naszego wsp\u00f3lnego cz\u0142owiecze\u0144stwa. Papie\u017c Franciszek m\u00f3wi\u0142 o tym do uchod\u017ac\u00f3w, wolontariuszy i pracownik\u00f3w rzymskiego Centrum Astalli. Ten kierowany przez jezuit\u00f3w o\u015brodek od 35 lat niesie pomoc potrzebuj\u0105cym, kieruj\u0105c si\u0119 s\u0142owami Chrystusa z Ewangelii: \u201eBy\u0142em przybyszem, a [&hellip;]","protected":false},"author":1,"featured_media":0,"comment_status":"closed","ping_status":"closed","sticky":false,"template":"","format":"standard","meta":{"_acf_changed":false,"_monsterinsights_skip_tracking":false,"_monsterinsights_sitenote_active":false,"_monsterinsights_sitenote_note":"","_monsterinsights_sitenote_category":0,"ngg_post_thumbnail":0,"footnotes":"","_wp_rev_ctl_limit":""},"categories":[3],"tags":[301,76],"acf":[],"_links":{"self":[{"href":"https:\/\/www.bibula.com\/index.php?rest_route=\/wp\/v2\/posts\/87107"}],"collection":[{"href":"https:\/\/www.bibula.com\/index.php?rest_route=\/wp\/v2\/posts"}],"about":[{"href":"https:\/\/www.bibula.com\/index.php?rest_route=\/wp\/v2\/types\/post"}],"author":[{"embeddable":true,"href":"https:\/\/www.bibula.com\/index.php?rest_route=\/wp\/v2\/users\/1"}],"replies":[{"embeddable":true,"href":"https:\/\/www.bibula.com\/index.php?rest_route=%2Fwp%2Fv2%2Fcomments&post=87107"}],"version-history":[{"count":0,"href":"https:\/\/www.bibula.com\/index.php?rest_route=\/wp\/v2\/posts\/87107\/revisions"}],"wp:attachment":[{"href":"https:\/\/www.bibula.com\/index.php?rest_route=%2Fwp%2Fv2%2Fmedia&parent=87107"}],"wp:term":[{"taxonomy":"category","embeddable":true,"href":"https:\/\/www.bibula.com\/index.php?rest_route=%2Fwp%2Fv2%2Fcategories&post=87107"},{"taxonomy":"post_tag","embeddable":true,"href":"https:\/\/www.bibula.com\/index.php?rest_route=%2Fwp%2Fv2%2Ftags&post=87107"}],"curies":[{"name":"wp","href":"https:\/\/api.w.org\/{rel}","templated":true}]}}