{"id":87100,"date":"2016-04-19T10:26:41","date_gmt":"2016-04-19T14:26:41","guid":{"rendered":"http:\/\/www.bibula.com\/?p=87100"},"modified":"2016-04-19T10:28:00","modified_gmt":"2016-04-19T14:28:00","slug":"francja-kazanie-bp-fellaya-podczas-pielgrzymki-do-puy","status":"publish","type":"post","link":"https:\/\/www.bibula.com\/?p=87100","title":{"rendered":"Francja: Kazanie bp. Fellaya podczas pielgrzymki do Puy"},"content":{"rendered":"<p><strong>W niedziel\u0119 10 kwietnia 2016 r., podczas pielgrzymki do sanktuarium Matki Bo\u017cej w Le Puy-en-Velay we Francji, bp Bernard Fellay, prze\u0142o\u017cony generalny Bractwa Kap\u0142a\u0144skiego \u015awi\u0119tego Piusa X, wyg\u0142osi\u0142 kazanie, m\u00f3wi\u0105c w nim m.in. o postsynodalnej adhortacji <em>Amoris laetitia<\/em>, og\u0142oszonej dwa dni wcze\u015bniej, oraz o swoim spotkaniu z papie\u017cem Franciszkiem, kt\u00f3re mia\u0142o miejsce 1 kwietnia br. Poni\u017cej fragment tego kazania (w t\u0142umaczeniu starano si\u0119 zachowa\u0107 m\u00f3wiony styl wypowiedzi).<\/strong><\/p><p><strong>R<\/strong>ado\u015b\u0107 mieszaj\u0105ca si\u0119 ze \u0142zami. Pozw\u00f3lcie, \u017ce nawi\u0105\u017c\u0119 do bie\u017c\u0105cego wydarzenia, bardzo niedawnego wydarzenia: adhortacji apostolskiej zatytu\u0142owanej Rado\u015b\u0107 mi\u0142o\u015bci, kt\u00f3ra doprowadza nas do \u0142ez. Adhortacja jest podsumowaniem dw\u00f3ch synod\u00f3w po\u015bwi\u0119conych rodzinie. Jest bardzo d\u0142uga, zawiera wiele stwierdze\u0144 prawdziwych i pi\u0119knych, jednak po przedstawieniu czego\u015b, co nazwa\u0142bym pi\u0119kn\u0105 konstrukcj\u0105, pi\u0119kn\u0105 \u0142odzi\u0105, Najwy\u017cszy Pasterz wywierci\u0142 dziur\u0119 w dnie, poni\u017cej linii wodnej, a sami wiecie, jakie s\u0105 tego skutki. Co to za r\u00f3\u017cnica, je\u015bli dziur\u0119 wywiercono zachowuj\u0105c najwy\u017csz\u0105 ostro\u017cno\u015b\u0107? Co z tego, \u017ce dziura jest bardzo ma\u0142a? \u0141\u00f3d\u017a nabiera wody.<\/p><table class=\"outset\" style=\"height: 216px;\" width=\"226\" align=\"left\"><tbody><tr><td><img decoding=\"async\" src=\"http:\/\/news.fsspx.pl\/wp-content\/uploads\/Puy_Mgr-Fellay-300x207.jpg\" alt=\"\" \/><\/td><\/tr><tr><td><p class=\"zrodlo\">Bp Bernard Fellay podczas kazania na pontyfikalnej Mszy \u015bw. odprawionej w Puy<\/p><\/td><\/tr><\/tbody><\/table><p>Nasz Pan zakaza\u0142 zmieni\u0107 cho\u0107by jot\u0119: \u201ejedna jota albo jedna kreska nie odmieni si\u0119 w Zakonie\u201d (Mt 5, 18). Kiedy B\u00f3g m\u00f3wi, Jego s\u0142owa nie pozwalaj\u0105 na \u017cadne wyj\u0105tki. Kiedy On rozkazuje &#8211; a wszak jest On niesko\u0144czenie m\u0105dry i przewidzia\u0142 wszystkie okoliczno\u015bci &#8211; nie ma wyj\u0105tk\u00f3w od Jego praw. I oto nagle oni udaj\u0105, \u017ce prawo odnosz\u0105ce si\u0119 do ma\u0142\u017ce\u0144stwa zosta\u0142o potwierdzone przez stwierdzenie, \u017ce wi\u0119\u017a ma\u0142\u017ce\u0144ska jest nienaruszalna &#8211; bo owszem, podtrzymuj\u0105 to &#8211; ale nast\u0119pnie dodaj\u0105, \u017ce jednak mog\u0105 by\u0107 tu pewne wyj\u0105tki: tzw. powt\u00f3rnie za\u015blubieni rozwodnicy, \u017cyj\u0105c w grzechu, mog\u0105 znajdowa\u0107 si\u0119 w stanie \u0142aski, a zatem mog\u0105 przyst\u0119powa\u0107 do komunii \u015bw. To jest co\u015b niezwykle donios\u0142ego. My\u015bl\u0119, \u017ce niedostatecznie doceniamy wag\u0119 tego, co w\u0142a\u015bnie zosta\u0142o powiedziane. Co z tego, \u017ce s\u0105 to ma\u0142e wyj\u0105tki gdzie\u015b z dala od centrum spraw? To w ten spos\u00f3b wprowadzili udzielanie komunii na r\u0119k\u0119. I, jak m\u00f3wi\u0142em, ma\u0142e dziury w dnie \u0142odzi wystarcz\u0105. \u0141\u00f3d\u017a nabiera wody!<\/p><p><em>Miscens gaudia fletibus<\/em> (\u2018rado\u015b\u0107 mieszaj\u0105ca si\u0119 ze \u0142zami\u2019, tytu\u0142 hymnu nieszpornego ku czci \u015bw. J\u00f3zefa &#8211; przyp. t\u0142um.). Jest wi\u0119cej [powod\u00f3w do] rado\u015bci i \u0142ez, tak\u017ce \u015bwie\u017cych. Wiecie, \u017ce niedawno spotkali\u015bmy si\u0119 z papie\u017cem Franciszkiem. Wyjawi\u0142 nam, \u017ce pod koniec swego pontyfikatu Benedykt XVI wyznaczy\u0142 konkretn\u0105 dat\u0119 i gdyby do tej daty Bractwo nie zaakceptowa\u0142o propozycji z Rzymu, podj\u0105\u0142by decyzj\u0119 o ob\u0142o\u017ceniu go ekskomunik\u0105. Franciszek m\u00f3wi\u0142 dalej: to prawdopodobnie Duch \u015awi\u0119ty natchn\u0105\u0142 Benedykta XVI i na kilka dni przed jego rezygnacj\u0105 sk\u0142oni\u0142 go do porzucenia tego planu, gdy\u017c papie\u017c powiedzia\u0142: pozostawi\u0119 t\u0119 kwesti\u0119 mojemu nast\u0119pcy.<\/p><p>Tak wi\u0119c zosta\u0142o to przekazane nast\u0119pcy, papie\u017cowi Franciszkowi. Po\u0142o\u017cyli mu na biurku dokument z nasz\u0105 ekskomunik\u0105, m\u00f3wi\u0105c: \u201eWystarczy, \u017ce Wasza \u015awi\u0105tobliwo\u015b\u0107 wpisze dat\u0119 i z\u0142o\u017cy podpis\u201d, jednak Franciszek powiedzia\u0142: \u201eNie, nie ekskomunikuj\u0119 ich, nie pot\u0119pi\u0119 ich\u201d. Powiedzia\u0142 do mnie: \u201eNie pot\u0119pi\u0119 was\u201d. Doda\u0142 nast\u0119pnie: \u201eJeste\u015bcie katolikami\u2026\u201d i, po chwili: \u201ena drodze do pe\u0142nej \u0142\u0105czno\u015bci\u201d. Tak wi\u0119c uwa\u017ca on nas za katolik\u00f3w. Powiedzia\u0142 te\u017c: \u201eWiecie, mam z wami mn\u00f3stwo problem\u00f3w; ludzie utrudniaj\u0105 mi \u017cycie, poniewa\u017c jestem dla was mi\u0142y, ale m\u00f3wi\u0119 im: s\u0142uchajcie, u\u015bciska\u0142em patriarch\u0119 Cyryla, jestem dobry dla anglikan\u00f3w, jestem dobry dla protestant\u00f3w, czemu nie mia\u0142bym by\u0107 dobry dla tych katolik\u00f3w?\u201d. Tak to opisa\u0142. Nast\u0119pnie doda\u0142: \u201eJe\u015bli ja mam problemy, wtedy wy te\u017c macie problemy, a zatem nie wolno nam naciska\u0107, nie wolno nam tworzy\u0107 kolejnych podzia\u0142\u00f3w, wi\u0119c b\u0119dziemy dzia\u0142a\u0107 powoli\u201d.<\/p><p>P\u00f3\u017aniej powiedzia\u0142: w\u0142adza s\u0142uchania spowiedzi, co oczywiste, nie zniknie po zako\u0144czeniu [Roku Mi\u0142osierdzia], a tak\u017ce udzielania ostatniego namaszczenia, a tak\u017ce rozgrzeszania z aborcji &#8211; to wszystko zostaje. W tym momencie zapyta\u0142em: czemu zatem nie inne sakramenty? By\u0142 otwarty na ten pomys\u0142. Zobaczymy, jak te sprawy si\u0119 rozwin\u0105. To wszystko oczywi\u015bcie daje nam nadziej\u0119. Ale pewnego dnia widzimy rzeczy, kt\u00f3re daj\u0105 nam troch\u0119 nadziei i radujemy si\u0119 nimi, a nast\u0119pnego przychodzi ta zatrwa\u017caj\u0105ca adhortacja, wyrz\u0105dzaj\u0105ca tyle szkody Ko\u015bcio\u0142owi.<\/p><p>Nast\u0119pnego dnia spotkali\u015bmy si\u0119 z abp. Pozzo, sekretarzem Papieskiej Komisji <em>Ecclesia Dei<\/em>, rzymskiej dykasterii, kt\u00f3ra zajmuje si\u0119 kontaktami z Bractwem. Abp Pozzo powiedzia\u0142 nam: \u201eUwa\u017camy\u201d &#8211; tzn. Kongregacja Nauki Wiary, a nie tylko on sam &#8211; \u201e\u017ce powinni\u015bmy prosi\u0107 was tylko o to, czego si\u0119 domagamy, czego wymagamy od ka\u017cdego katolika, nic wi\u0119cej\u201d. Rozwin\u0105\u0142 t\u0119 my\u015bl, m\u00f3wi\u0105c: \u201eWi\u0119kszo\u015b\u0107 [dokument\u00f3w] II Soboru Watyka\u0144skiego nie ma charakteru doktrynalnego, zatem nie trzeba tego od was wymaga\u0107\u201d. Wyrazi\u0142 si\u0119 jeszcze ja\u015bniej, gdy powiedzia\u0142: \u201eMacie prawo do obrony swojego zdania nt. wolno\u015bci religijnej, ekumenizmu, relacji z innymi religiami wy\u0142o\u017conymi w <em>Nostra aetate<\/em>\u201d. By\u0142o to tak zaskakuj\u0105ce, \u017ce powiedzia\u0142em: \u201eCa\u0142kiem mo\u017cliwe, \u017ce zaprosz\u0119 Ekscelencj\u0119 do odwiedzin w naszych przeoratach i powt\u00f3rzenia tych s\u0142\u00f3w\u201d.<\/p><p>Nie uwa\u017cam, \u017ce powinni\u015bmy z tego powodu triumfowa\u0107, drodzy wierni katolicy. My\u015bl\u0119, \u017ce jest to g\u0142\u0119boka zmiana, bardzo wa\u017cna; dokona\u0142a si\u0119 z powodu okropnej sytuacji, w jakiej znalaz\u0142 si\u0119 Ko\u015bci\u00f3\u0142. Mo\u017cna by powiedzie\u0107, \u017ce cz\u0119\u015bciowo jest to wynik chaosu, kt\u00f3ry opanowuje Ko\u015bci\u00f3\u0142. Panuje takie zamieszanie, s\u0105 takie ataki przeciwko wierze, przeciwko moralno\u015bci w ka\u017cdym mo\u017cliwym aspekcie, \u017ce w ko\u0144cu Kongregacja Nauki Wiary zdecydowa\u0142a: nie mamy prawa, \u017ceby traktowa\u0107 w ten spos\u00f3b ludzi, kt\u00f3rzy powtarzaj\u0105 i nauczaj\u0105 tego, czego Ko\u015bci\u00f3\u0142 zawsze naucza\u0142\u2026 nie mamy prawa uwa\u017ca\u0107 tego, co oni robi\u0105, za bardzo ci\u0119\u017cki grzech, gdy doko\u0142a tyle si\u0119 ich pope\u0142nia &#8211; \u0142\u0105cznie z pra\u0142atami i kardyna\u0142ami; mo\u017cna by wr\u0119cz powiedzie\u0107, \u017ce \u0142\u0105cznie z papie\u017cem &#8211; kt\u00f3rzy wygaduj\u0105 nie tylko nonsensy, ale rzeczy wprost heretyckie, kt\u00f3re otwieraj\u0105 drog\u0119 do grzechu.<\/p><p>S\u0105 jednak takie osoby w Ko\u015bciele, kt\u00f3rzy reaguj\u0105, my\u015bl\u0105, kt\u00f3rzy m\u00f3wi\u0105: nie powinno tak si\u0119 dzia\u0107. I to po\u015brodku tego zamieszania, po\u015br\u00f3d \u0142ez daje si\u0119 s\u0142ysze\u0107 szept: nie, nie mo\u017cemy zmusi\u0107 was do zaakceptowania soboru. By\u0107 mo\u017ce nie powiedz\u0105 tego jasno, jednak w istocie w\u0142a\u015bnie tak do nas m\u00f3wi\u0105. Oczywi\u015bcie, podchodzimy do tego ostro\u017cnie, prosimy Boga, by nas o\u015bwieci\u0142, \u017ceby\u015bmy zrozumieli, co to wszystko znaczy, czy to istotnie prawda, czy jutro sprawy nie potocz\u0105 si\u0119 od nowa w zupe\u0142nie innym kierunku. Mimo wszystko, drodzy bracia, wszystko to czego\u015b dowodzi: \u017ce wierno\u015b\u0107 temu, czego Ko\u015bci\u00f3\u0142 zawsze naucza\u0142, naprawd\u0119 si\u0119 op\u0142aca. Musimy pozosta\u0107 nieugi\u0119ci. Te przesi\u0105kni\u0119te nowoczesno\u015bci\u0105 osoby nie mog\u0105 temu zaprzeczy\u0107, ta sprawa jest oczywista: jeste\u015bmy katolikami, i chcemy nimi pozosta\u0107.<\/p><p>Zatem nasza pierwsza pro\u015bba skierowana dzi\u015b do Naj\u015bwi\u0119tszej Maryi Panny, tu w Puy, jest w\u0142a\u015bnie taka, aby\u015bmy mogli zatrzyma\u0107 i przechowa\u0107 wszystkie te skarby, aby\u015bmy pozostali katolikami, tak po prostu, i kontynuowali nasze dzie\u0142o, aby mog\u0142o si\u0119 znowu rozrosn\u0105\u0107 i aby\u015bmy mogli, po trochu, zawojowa\u0107 dusze, aby te dusze zosta\u0142y uratowane i powr\u00f3ci\u0142y do naszego Pana, do wiary, do Jego przykaza\u0144, do Bo\u017cych przykaza\u0144.<\/p><div class=\"sources\"><p><strong>\u0179r\u00f3d\u0142o<\/strong><\/p><ul><li><a href=\"http:\/\/www.dici.org\/en\/news\/joys-mixed-with-crosses-the-cross-transformed-into-joy\/\" data-slimstat-async=\"false\" data-slimstat-callback=\"true\" data-slimstat-tracking=\"true\" data-slimstat-type=\"0\" data-slimstat-clicked=\"false\">Joys Mixed with Crosses; the Cross Transformed into Joy<\/a><\/li><\/ul><\/div>","protected":false},"excerpt":{"rendered":"W niedziel\u0119 10 kwietnia 2016 r., podczas pielgrzymki do sanktuarium Matki Bo\u017cej w Le Puy-en-Velay we Francji, bp Bernard Fellay, prze\u0142o\u017cony generalny Bractwa Kap\u0142a\u0144skiego \u015awi\u0119tego Piusa X, wyg\u0142osi\u0142 kazanie, m\u00f3wi\u0105c w nim m.in. o postsynodalnej adhortacji Amoris laetitia, og\u0142oszonej dwa dni wcze\u015bniej, oraz o swoim spotkaniu z papie\u017cem Franciszkiem, kt\u00f3re mia\u0142o miejsce 1 kwietnia br. [&hellip;]","protected":false},"author":1,"featured_media":0,"comment_status":"closed","ping_status":"closed","sticky":false,"template":"","format":"standard","meta":{"_acf_changed":false,"_monsterinsights_skip_tracking":false,"_monsterinsights_sitenote_active":false,"_monsterinsights_sitenote_note":"","_monsterinsights_sitenote_category":0,"ngg_post_thumbnail":0,"footnotes":"","_wp_rev_ctl_limit":""},"categories":[3],"tags":[32],"acf":[],"_links":{"self":[{"href":"https:\/\/www.bibula.com\/index.php?rest_route=\/wp\/v2\/posts\/87100"}],"collection":[{"href":"https:\/\/www.bibula.com\/index.php?rest_route=\/wp\/v2\/posts"}],"about":[{"href":"https:\/\/www.bibula.com\/index.php?rest_route=\/wp\/v2\/types\/post"}],"author":[{"embeddable":true,"href":"https:\/\/www.bibula.com\/index.php?rest_route=\/wp\/v2\/users\/1"}],"replies":[{"embeddable":true,"href":"https:\/\/www.bibula.com\/index.php?rest_route=%2Fwp%2Fv2%2Fcomments&post=87100"}],"version-history":[{"count":0,"href":"https:\/\/www.bibula.com\/index.php?rest_route=\/wp\/v2\/posts\/87100\/revisions"}],"wp:attachment":[{"href":"https:\/\/www.bibula.com\/index.php?rest_route=%2Fwp%2Fv2%2Fmedia&parent=87100"}],"wp:term":[{"taxonomy":"category","embeddable":true,"href":"https:\/\/www.bibula.com\/index.php?rest_route=%2Fwp%2Fv2%2Fcategories&post=87100"},{"taxonomy":"post_tag","embeddable":true,"href":"https:\/\/www.bibula.com\/index.php?rest_route=%2Fwp%2Fv2%2Ftags&post=87100"}],"curies":[{"name":"wp","href":"https:\/\/api.w.org\/{rel}","templated":true}]}}