{"id":86951,"date":"2016-04-08T09:03:07","date_gmt":"2016-04-08T13:03:07","guid":{"rendered":"http:\/\/www.bibula.com\/?p=86951"},"modified":"2016-04-08T09:03:07","modified_gmt":"2016-04-08T13:03:07","slug":"w-wolynskiej-olyce-powstanie-sanktuarium-bedzie-slawic-bogurodzice-i-krzewic-polska-kulture","status":"publish","type":"post","link":"https:\/\/www.bibula.com\/?p=86951","title":{"rendered":"W wo\u0142y\u0144skiej O\u0142yce powstanie sanktuarium. B\u0119dzie s\u0142awi\u0107 Bogurodzic\u0119 i krzewi\u0107 polsk\u0105 kultur\u0119"},"content":{"rendered":"<p><strong>Przed wojn\u0105 na Wo\u0142yniu istnia\u0142o oko\u0142o 200 ko\u015bcio\u0142\u00f3w katolickich. Dzi\u015b jest ich zaledwie 20. Sanktuarium maryjnego nie ma obecnie \u017cadnego, ale sytuacja mo\u017ce si\u0119 zmieni\u0107. \u201eW pi\u0105tek w siedzibie Konferencji Episkopatu Polski og\u0142oszona zostanie informacja o zamiarze powo\u0142ania sanktuarium maryjnego w Kolegiacie w O\u0142yce\u201d &#8211; informuje \u201eRzeczpospolita\u201d. Patronka Wo\u0142ynia mo\u017ce wkr\u00f3tce powr\u00f3ci\u0107 na swoje ziemie.<\/strong><\/p><p><img fetchpriority=\"high\" decoding=\"async\" class=\"\" src=\"http:\/\/www.pch24.pl\/images\/min_mid_big\/mid_42459.jpg\" alt=\"W wo\u0142y\u0144skiej O\u0142yce powstanie sanktuarium. B\u0119dzie s\u0142awi\u0107 Bogurodzic\u0119 i krzewi\u0107 polsk\u0105 kultur\u0119\" width=\"602\" height=\"356\" \/><\/p><p>Na polskich Kresach wschodnich wchodz\u0105cych aktualnie w sk\u0142ad Ukrainy, liczba rzymskokatolickich ko\u015bcio\u0142\u00f3w jest znacznie mniejsza ni\u017c przed II Wojn\u0105 \u015awiatow\u0105. Na Podolu wci\u0105\u017c istniej\u0105 sanktuaria maryjne, ale na Wo\u0142yniu nie ma \u017cadnego. O\u0142yka ma na nowo sta\u0107 si\u0119 o\u015brodkiem kultu Bogurodzicy w regionie. Przed II Wojn\u0105 \u015awiatow\u0105 obraz Patronki Wo\u0142ynia &#8211; kopia obrazu z O\u0142yki &#8211; znajdowa\u0142a si\u0119 w Kazimierce.<\/p><p>Jak przypomina pi\u0105tkowa \u201eRzeczpospolita\u201d, ko\u015bci\u00f3\u0142 w O\u0142yce powsta\u0142 w I po\u0142owie XVII wieku, a wielu historyk\u00f3w docenia go jako najwy\u017cszej klasy zabytek barokowy. &#8211; <em>By\u0142 uznawany za najpi\u0119kniejszy i najcenniejszy ko\u015bci\u00f3\u0142 na Wo\u0142yniu<\/em> &#8211; powiedzia\u0142 dziennikowi dr Micha\u0142 Laszczkowski, prezes Fundacji Dziedzictwa Kulturowego.<\/p><p>W trakcie II Wojny \u015awiatowej ko\u015bci\u00f3\u0142 zosta\u0142 zrujnowany i ograbiony. Po w\u0142\u0105czeniu Wo\u0142ynia w sk\u0142ad ZSRR, bolszewicka swo\u0142ocz zamieni\u0142a kolegiat\u0119 w ko\u0142chozow\u0105 stajni\u0119. Po powstaniu niepodleg\u0142ej Ukrainy obiekt wr\u00f3ci\u0142 w r\u0119ce wiernych. Mimo trwaj\u0105cych prac remontowych wci\u0105\u017c jest w kiepskim stanie. Male\u0144ka parafia licz\u0105ca 150 os\u00f3b nie jest w stanie sama odrestaurowa\u0107 pi\u0119knej \u015bwi\u0105tyni.<\/p><p>Jak stwierdzi\u0142 w rozmowie z \u201eRzeczpospolit\u0105\u201d dr Laszczkowski, trwaj\u0105ca od 2013 roku renowacja, to najwi\u0119ksza praca konserwatorska prowadzona za granic\u0105 kraju z polskich \u015brodk\u00f3w.<\/p><p>W O\u0142yce znajdowa\u0142 si\u0119 obraz przywieziony w XVII wieku z Palestyny przez Miko\u0142aja Radziwi\u0142\u0142a. Jego kopia z tego okresu by\u0142a czczona r\u00f3wnie\u017c w pobliskim sanktuarium w Kazimierce. Jednak i ten ko\u015bci\u00f3\u0142 pad\u0142 ofiar\u0105 antykatolickiej i antypolskiej akcji. Zniszczyli go ukrai\u0144scy nacjonali\u015bci. \u015awi\u0105tynia zosta\u0142a wysadzona w powietrze.<\/p><p>W pi\u0105tek 8 kwietnia \u201ewieczorem na Zamku Kr\u00f3lewskim Fundacja Dziedzictwa Kulturowego przeka\u017ce biskupowi zrekonstruowany obraz Matki Boskiej Kazimierzeckiej &#8211; patronki Wo\u0142ynia\u201d &#8211; informuje \u201eRzeczpospolita\u201d.<\/p><p>\u0179r\u00f3d\u0142o: \u201eRzeczpospolita\u201d<\/p><p>MW\u0142<\/p><p class=\"podpis_sz\">[Foto:] By kotykS (Own work) [GFDL (http:\/\/www.gnu.org\/copyleft\/fdl.html) or CC BY 3.0 (http:\/\/creativecommons.org\/licenses\/by\/3.0)], via Wikimedia Commons<\/p>","protected":false},"excerpt":{"rendered":"Przed wojn\u0105 na Wo\u0142yniu istnia\u0142o oko\u0142o 200 ko\u015bcio\u0142\u00f3w katolickich. Dzi\u015b jest ich zaledwie 20. Sanktuarium maryjnego nie ma obecnie \u017cadnego, ale sytuacja mo\u017ce si\u0119 zmieni\u0107. \u201eW pi\u0105tek w siedzibie Konferencji Episkopatu Polski og\u0142oszona zostanie informacja o zamiarze powo\u0142ania sanktuarium maryjnego w Kolegiacie w O\u0142yce\u201d &#8211; informuje \u201eRzeczpospolita\u201d. Patronka Wo\u0142ynia mo\u017ce wkr\u00f3tce powr\u00f3ci\u0107 na swoje ziemie.Na [&hellip;]","protected":false},"author":1,"featured_media":0,"comment_status":"closed","ping_status":"closed","sticky":false,"template":"","format":"standard","meta":{"_acf_changed":false,"_monsterinsights_skip_tracking":false,"_monsterinsights_sitenote_active":false,"_monsterinsights_sitenote_note":"","_monsterinsights_sitenote_category":0,"ngg_post_thumbnail":0,"footnotes":"","_wp_rev_ctl_limit":""},"categories":[215],"tags":[188],"acf":[],"_links":{"self":[{"href":"https:\/\/www.bibula.com\/index.php?rest_route=\/wp\/v2\/posts\/86951"}],"collection":[{"href":"https:\/\/www.bibula.com\/index.php?rest_route=\/wp\/v2\/posts"}],"about":[{"href":"https:\/\/www.bibula.com\/index.php?rest_route=\/wp\/v2\/types\/post"}],"author":[{"embeddable":true,"href":"https:\/\/www.bibula.com\/index.php?rest_route=\/wp\/v2\/users\/1"}],"replies":[{"embeddable":true,"href":"https:\/\/www.bibula.com\/index.php?rest_route=%2Fwp%2Fv2%2Fcomments&post=86951"}],"version-history":[{"count":0,"href":"https:\/\/www.bibula.com\/index.php?rest_route=\/wp\/v2\/posts\/86951\/revisions"}],"wp:attachment":[{"href":"https:\/\/www.bibula.com\/index.php?rest_route=%2Fwp%2Fv2%2Fmedia&parent=86951"}],"wp:term":[{"taxonomy":"category","embeddable":true,"href":"https:\/\/www.bibula.com\/index.php?rest_route=%2Fwp%2Fv2%2Fcategories&post=86951"},{"taxonomy":"post_tag","embeddable":true,"href":"https:\/\/www.bibula.com\/index.php?rest_route=%2Fwp%2Fv2%2Ftags&post=86951"}],"curies":[{"name":"wp","href":"https:\/\/api.w.org\/{rel}","templated":true}]}}