{"id":86764,"date":"2016-03-28T12:13:06","date_gmt":"2016-03-28T16:13:06","guid":{"rendered":"http:\/\/www.bibula.com\/?p=86764"},"modified":"2016-03-28T16:16:06","modified_gmt":"2016-03-28T20:16:06","slug":"25-rocznica-smierci-abp-marcelego-lefebvrea","status":"publish","type":"post","link":"https:\/\/www.bibula.com\/?p=86764","title":{"rendered":"25. rocznica \u015bmierci abp. Marcelego Lefebvre\u2019a"},"content":{"rendered":"<p><strong>Od 25 marca do 2 kwietnia 1991 r. katolicy z ca\u0142ego \u015bwiata przybywali do Ec\u00c3\u00b4ne, aby modli\u0107 si\u0119 przy doczesnych szcz\u0105tkach abp. Lefebvre\u2019a.<\/strong><\/p><p style=\"padding-left: 30px;\">\u201eZanim sko\u0144cz\u0119, umi\u0142owani bracia, chcia\u0142bym jeszcze powiedzie\u0107 kilka s\u0142\u00f3w na temat mojego duchowego testamentu. Jest to bardzo powa\u017cny testament, poniewa\u017c chcia\u0142bym, aby to by\u0142o echo testamentu Naszego Pana:<em> Novi et aeterni testamenti, novi et aeterni testamenti!<\/em> Kap\u0142an wypowiada te s\u0142owa podczas konsekracji Naj\u015bwi\u0119tszej Krwi: <em>Hic est calix sanguinis mei, novi et aeterni testamenti<\/em>. Dziedzictwo, kt\u00f3re pozostawi\u0142 nam Jezus Chrystus, to jest Jego ofiara! To jest Jego Krew! To jest Jego krzy\u017c! I to jest zaczyn kultury chrze\u015bcija\u0144skiej i tego, co ma nas zaprowadzi\u0107 do nieba. Tak wi\u0119c powiadam wam: dla czci Tr\u00f3jcy \u015awi\u0119tej, przez mi\u0142o\u015b\u0107 do naszego Pana Jezusa Chrystusa, przez nabo\u017ce\u0144stwo do Naj\u015bwi\u0119tszej Maryi Panny, przez mi\u0142o\u015b\u0107 do Ko\u015bcio\u0142a, do kap\u0142an\u00f3w i do wszystkich wiernych, przez zbawienie \u015bwiata, przez zbawienie dusz: strze\u017ccie tego testamentu naszego Pana Jezusa Chrystusa, strze\u017ccie Mszy \u015bwi\u0119tej wszech czas\u00f3w! W\u00f3wczas ujrzycie na powr\u00f3t kwitn\u0105c\u0105 kultur\u0119 chrze\u015bcija\u0144sk\u0105, kultur\u0119, kt\u00f3ra nie jest dla tego \u015bwiata, ale kultur\u0119, z kt\u00f3rej powstaje pa\u0144stwo katolickie, a to pa\u0144stwo katolickie jest po to, aby przygotowa\u0107 kr\u00f3lestwo Boga w niebie. Pa\u0144stwo katolickie zosta\u0142o stworzone tu, na ziemi po nic innego, jak tylko dla kr\u00f3lestwa Boga w niebie.\u201d<\/p><p>Fragment kazania abp. Marcelego Lefebvre\u2019a, wyg\u0142oszonego 23 wrze\u015bnia 1979 r. w Pary\u017cu w hali nr 6 centrum wystawowego Porte de Versailles podczas uroczystej Mszy \u015bw. z okazji 50. rocznicy jego kap\u0142a\u0144stwa, w obecno\u015bci 110 kap\u0142an\u00f3w, 120 seminarzyst\u00f3w i oko\u0142o 20.000 wiernych.<\/p><h4>\u00a0<\/h4><hr style=\"background-color: #000000; border-width: 0; color: #000000; height: 2px; line-height: 0; text-align: center; width: 100%;\" \/><h4>\u00a0<\/h4>","protected":false},"excerpt":{"rendered":"Od 25 marca do 2 kwietnia 1991 r. katolicy z ca\u0142ego \u015bwiata przybywali do Ec\u00c3\u00b4ne, aby modli\u0107 si\u0119 przy doczesnych szcz\u0105tkach abp. Lefebvre\u2019a.\u201eZanim sko\u0144cz\u0119, umi\u0142owani bracia, chcia\u0142bym jeszcze powiedzie\u0107 kilka s\u0142\u00f3w na temat mojego duchowego testamentu. Jest to bardzo powa\u017cny testament, poniewa\u017c chcia\u0142bym, aby to by\u0142o echo testamentu Naszego Pana: Novi et aeterni testamenti, novi [&hellip;]","protected":false},"author":1,"featured_media":0,"comment_status":"closed","ping_status":"closed","sticky":false,"template":"","format":"standard","meta":{"_acf_changed":false,"_monsterinsights_skip_tracking":false,"_monsterinsights_sitenote_active":false,"_monsterinsights_sitenote_note":"","_monsterinsights_sitenote_category":0,"ngg_post_thumbnail":0,"footnotes":"","_wp_rev_ctl_limit":""},"categories":[3],"tags":[32],"acf":[],"_links":{"self":[{"href":"https:\/\/www.bibula.com\/index.php?rest_route=\/wp\/v2\/posts\/86764"}],"collection":[{"href":"https:\/\/www.bibula.com\/index.php?rest_route=\/wp\/v2\/posts"}],"about":[{"href":"https:\/\/www.bibula.com\/index.php?rest_route=\/wp\/v2\/types\/post"}],"author":[{"embeddable":true,"href":"https:\/\/www.bibula.com\/index.php?rest_route=\/wp\/v2\/users\/1"}],"replies":[{"embeddable":true,"href":"https:\/\/www.bibula.com\/index.php?rest_route=%2Fwp%2Fv2%2Fcomments&post=86764"}],"version-history":[{"count":0,"href":"https:\/\/www.bibula.com\/index.php?rest_route=\/wp\/v2\/posts\/86764\/revisions"}],"wp:attachment":[{"href":"https:\/\/www.bibula.com\/index.php?rest_route=%2Fwp%2Fv2%2Fmedia&parent=86764"}],"wp:term":[{"taxonomy":"category","embeddable":true,"href":"https:\/\/www.bibula.com\/index.php?rest_route=%2Fwp%2Fv2%2Fcategories&post=86764"},{"taxonomy":"post_tag","embeddable":true,"href":"https:\/\/www.bibula.com\/index.php?rest_route=%2Fwp%2Fv2%2Ftags&post=86764"}],"curies":[{"name":"wp","href":"https:\/\/api.w.org\/{rel}","templated":true}]}}