{"id":86759,"date":"2016-03-28T16:02:06","date_gmt":"2016-03-28T20:02:06","guid":{"rendered":"http:\/\/www.bibula.com\/?p=86759"},"modified":"2016-03-30T11:52:19","modified_gmt":"2016-03-30T15:52:19","slug":"lider-kod-zaproszony-do-usa-obama-nie-spotka-sie-z-prezydentem-duda","status":"publish","type":"post","link":"https:\/\/www.bibula.com\/?p=86759","title":{"rendered":"Lider KOD zaproszony do USA. Obama nie spotka si\u0119 z prezydentem Dud\u0105"},"content":{"rendered":"<p><strong>Lider Komitetu Obrony Demokracji, Mateusz Kijowski, spotka si\u0119 w USA z senatorami i przedstawicielami administracji prezydenta Obamy. Tymczasem prezydent Andrzej Duda nie spotka si\u0119 z Barackiem Obam\u0105 przy okazji odbywaj\u0105cego si\u0119 z Waszyngtonie Szczytu Nuklearnego.<\/strong><\/p><p>Delegacja KOD na czele z Kijowskim spotka si\u0119 w USA z ameryka\u0144skimi politykami, w tym senatorami i przedstawicielami administracji prezydenta Obamy. KOD zosta\u0142 zaproszony przez pozarz\u0105dow\u0105 organizacj\u0119 Freedom House. <em><strong>&#8222;B\u0119dziemy si\u0119 spotyka\u0107 z przedstawicielami administracji, z przedstawicielami Senatu, ze \u015brodowiskami akademickimi, wszystko na zaproszenie Freedom House&#8221;<\/strong> <\/em>&#8211; zapowiedzia\u0142 dzi\u015b Kijowski podczas manifestacji KOD-u.<\/p><p><strong><em>&#8222;Je\u015bli potraktujemy ten j\u0119zyk<\/em><\/strong> [stosowany przez rz\u0105dz\u0105cych &#8211; red.] <strong><em>powa\u017cnie, to jest jest to okropne, gdy\u017c zmierza to w kierunku faszyzmu&#8221; <\/em><\/strong>&#8211; m\u00f3wi\u0142 Kijowski agencji Associated Press. Lider KOD-u doda\u0142 jednak, \u017ce jest to raczej \u015bmieszne gdy\u017c Kaczy\u0144ski &#8222;chce by\u0107 dyktatorem&#8221;, ale nie ma takiej si\u0142y.<\/p><p>Jednocze\u015bnie Kancelaria Prezydenta podaje, \u017ce podczas zaplanowanego na ten miesi\u0105c Szczytu Nuklearnego w USA nie dojdzie do spotkania Andrzeja Dudy z Barackiem Obam\u0105. Wcze\u015bniej osobne spotkanie prezydent\u00f3w zapowiada\u0142 szef MSZ, Witold Waszczykowski. Andrzej Duda spotka si\u0119 z prezydentami Gruzji, Ukrainy i Turcji.<\/p><p>dziennik.pl \/ AP.org \/ Kresy.pl<\/p><p class=\"zrodlo\">Za: <a href=\"http:\/\/www.kresy.pl\/wydarzenia,spoleczenstwo?zobacz\/lider-kod-zaproszony-do-usa-obama-nie-spotka-sie-z-prezydentem-duda\">Kresy.pl (27 marca 2016)<\/a><\/p><h4>\u00a0<\/h4><hr style=\"background-color: #000000; border-width: 0; color: #000000; height: 2px; line-height: 0; text-align: center; width: 100%;\" \/><h4>\u00a0<\/h4><h2>Barack Obama nie spotka si\u0119 z Dud\u0105<\/h2><p>Prezydent USA Barack Obama nie spotka si\u0119 z prezydentem Andrzejem Dud\u0105. Wed\u0142ug medi\u00f3w chodzi o spraw\u0119 Trybuna\u0142u Konstytucyjnego i nie respektowanie przez rz\u0105d PiS opinii Komisji Weneckiej.<\/p><p>Andrzej Duda chcia\u0142 spotka\u0107 si\u0119 z prezydentem USA Barackiem Obama lecz ten odm\u00f3wi\u0142. Polski prezydent spotka si\u0119 jedynie z przedstawicielami Gruzji, Turcji oraz Ukrainy.<\/p><p>Prezydent z\u0142o\u017cy kwiaty pod pomnikiem Tadeusza Ko\u015bciuszki a tak\u017ce uda si\u0119 do Biblioteki Kongresu USA.<\/p><p>Reuters\/KRESY.PL<\/p><p class=\"zrodlo\">Za: <a href=\"http:\/\/www.kresy.pl\/wydarzenia,europa-zachodnia?zobacz\/barack-obama-nie-spotka-sie-z-duda\">Kresy.pl (<span class=\"date\">27 marca 2016<\/span>)<\/a><\/p><h4>\u00a0<\/h4><hr style=\"background-color: #000000; border-width: 0; color: #000000; height: 2px; line-height: 0; text-align: center; width: 100%;\" \/><h4>\u00a0<\/h4><h2>Magierowski: Obama podejmie uroczyst\u0105 kolacj\u0105 prezydenta Dud\u0119<\/h2><p>Dyrektor Biura Prasowego Kancelarii Prezydenta RP, Marek Magierowski opublikowa\u0142 na Twitterze wpis wskazuj\u0105cy, \u017ce prezydent USA podejmie Andrzeja Dud\u0119 uroczyst\u0105 kolacj\u0105, za\u015b do dwustronnego spotkania Obamy z Donaldem Tuskiem nie dojdzie.<\/p><p><strong><em>&#8211; &#8222;Barack Obama podejmie uroczyst\u0105 kolacj\u0105 prezydenta Andrzeja Dud\u0119. Nie dojdzie jednak do dwustronnego spotkania Obama-Tusk&#8221;. Mo\u017cna? Mo\u017cna<\/em><\/strong> &#8211; napisa\u0142 na Twitterze Magierowski. Odni\u00f3s\u0142 si\u0119 tym samym do wcze\u015bniejszych informacji w mediach, wed\u0142ug kt\u00f3rych w czasie, w kt\u00f3rym rzekomo polski prezydent mia\u0142 spotka\u0107 si\u0119 z prezydentem USA, ten ostatni odb\u0119dzie spotkanie, w niesprecyzowanej formule, z szefem Rady Europejskiej Donaldem Tuskiem.<\/p><p><img decoding=\"async\" src=\"http:\/\/s10.postimg.org\/p68ffz0gp\/Magierowski_Obama.jpg\" alt=\"\" \/><\/p><p>Twitter.com \/ Kresy.p<\/p><p class=\"zrodlo\">Za: <a href=\"http:\/\/www.kresy.pl\/wydarzenia,europa-zachodnia?zobacz\/magierowski-obama-podejmie-uroczysta-kolacja-prezydenta-dude\">Kresy.pl (30 marca 2016)<\/a><\/p><h4>\u00a0<\/h4><hr style=\"background-color: #000000; border-width: 0; color: #000000; height: 2px; line-height: 0; text-align: center; width: 100%;\" \/><h4>\u00a0<\/h4>","protected":false},"excerpt":{"rendered":"Lider Komitetu Obrony Demokracji, Mateusz Kijowski, spotka si\u0119 w USA z senatorami i przedstawicielami administracji prezydenta Obamy. Tymczasem prezydent Andrzej Duda nie spotka si\u0119 z Barackiem Obam\u0105 przy okazji odbywaj\u0105cego si\u0119 z Waszyngtonie Szczytu Nuklearnego.Delegacja KOD na czele z Kijowskim spotka si\u0119 w USA z ameryka\u0144skimi politykami, w tym senatorami i przedstawicielami administracji prezydenta Obamy. [&hellip;]","protected":false},"author":1,"featured_media":0,"comment_status":"closed","ping_status":"closed","sticky":false,"template":"","format":"standard","meta":{"_acf_changed":false,"_monsterinsights_skip_tracking":false,"_monsterinsights_sitenote_active":false,"_monsterinsights_sitenote_note":"","_monsterinsights_sitenote_category":0,"ngg_post_thumbnail":0,"footnotes":"","_wp_rev_ctl_limit":""},"categories":[7],"tags":[349,66,84,98,21,221],"acf":[],"_links":{"self":[{"href":"https:\/\/www.bibula.com\/index.php?rest_route=\/wp\/v2\/posts\/86759"}],"collection":[{"href":"https:\/\/www.bibula.com\/index.php?rest_route=\/wp\/v2\/posts"}],"about":[{"href":"https:\/\/www.bibula.com\/index.php?rest_route=\/wp\/v2\/types\/post"}],"author":[{"embeddable":true,"href":"https:\/\/www.bibula.com\/index.php?rest_route=\/wp\/v2\/users\/1"}],"replies":[{"embeddable":true,"href":"https:\/\/www.bibula.com\/index.php?rest_route=%2Fwp%2Fv2%2Fcomments&post=86759"}],"version-history":[{"count":0,"href":"https:\/\/www.bibula.com\/index.php?rest_route=\/wp\/v2\/posts\/86759\/revisions"}],"wp:attachment":[{"href":"https:\/\/www.bibula.com\/index.php?rest_route=%2Fwp%2Fv2%2Fmedia&parent=86759"}],"wp:term":[{"taxonomy":"category","embeddable":true,"href":"https:\/\/www.bibula.com\/index.php?rest_route=%2Fwp%2Fv2%2Fcategories&post=86759"},{"taxonomy":"post_tag","embeddable":true,"href":"https:\/\/www.bibula.com\/index.php?rest_route=%2Fwp%2Fv2%2Ftags&post=86759"}],"curies":[{"name":"wp","href":"https:\/\/api.w.org\/{rel}","templated":true}]}}