{"id":86687,"date":"2016-03-23T11:51:07","date_gmt":"2016-03-23T15:51:07","guid":{"rendered":"http:\/\/www.bibula.com\/?p=86687"},"modified":"2018-02-11T11:06:05","modified_gmt":"2018-02-11T16:06:05","slug":"pius-xii-ukochany-papiez-zydow","status":"publish","type":"post","link":"https:\/\/www.bibula.com\/?p=86687","title":{"rendered":"Pius XII, ukochany papie\u017c \u017byd\u00f3w"},"content":{"rendered":"<p><small>Dodano: 2016-03-23 11:51 am <\/small><\/p>\r\n<p><strong><em>Z Garym Kruppem, \u017cydowskim filantropem z USA, rozmawia Piotr Zychowicz.<\/em><\/strong><\/p>\r\n<p><strong>Rz: Gdy w 1958 roku umar\u0142 papie\u017c Pius XII, szefowa izraelskiej dyplomacji Golda Meir przys\u0142a\u0142a do Watykanu ciep\u0142y list kondolencyjny. Dzi\u015b mo\u017ce si\u0119 to wydawa\u0107 do\u015b\u0107 zaskakuj\u0105ce. <\/strong><\/p>\r\n<p>Gary Krupp: Po wojnie Piusa XII pod niebiosa wynosi\u0142a nie tylko Meir, ale setki innych \u017cydowskich przyw\u00f3dc\u00f3w religijnych i politycznych. Izraelscy pisarze, dyplomaci, duchowni. Wszyscy dzi\u0119kowali papie\u017cowi, uwa\u017cali go za dobroczy\u0144c\u0119 swojego narodu. Wiem, \u017ce to, co m\u00f3wi\u0119, rzeczywi\u015bcie brzmi dzi\u015b jak herezja, ale Pius XII by\u0142 ulubionym papie\u017cem \u017byd\u00f3w.<span id=\"more-3241\"><\/span><\/p>\r\n<p><strong>Dzi\u015b jest dok\u0142adnie odwrotnie. Co si\u0119 zmieni\u0142o? <\/strong><\/p>\r\n<p>Zwrot o 180 stopni, jaki nast\u0105pi\u0142 w postrzeganiu tego papie\u017ca przez opini\u0119 \u015bwiatow\u0105 &#8211; bo czarn\u0105 legend\u0119 Piusa XII kultywuj\u0105 przecie\u017c nie tylko \u017bydzi &#8211; by\u0142 efektem operacji dezinformacyjnej KGB o kryptonimie \u201eSeat-12\u201d. Wszystko zacz\u0119\u0142o si\u0119 w 1963 roku, gdy niemiecki komunista Rolf Hochhuth z inspiracji sowieckich s\u0142u\u017cb specjalnych napisa\u0142 g\u0142o\u015bn\u0105 sztuk\u0119 \u201eNamiestnik\u201d. Papie\u017c zosta\u0142 w niej przedstawiony jako zimny cynik, kt\u00f3ry z oboj\u0119tno\u015bci\u0105, je\u017celi nie z satysfakcj\u0105, patrzy na Zag\u0142ad\u0119.<\/p>\r\n<p><strong>Sk\u0105d wiadomo, \u017ce sztuka powsta\u0142a z inspiracji sowieckiej? <\/strong><\/p>\r\n<p>Ujawni\u0142 to niedawno by\u0142y genera\u0142 Securitate Ion Pacepa. To rumu\u0144skie s\u0142u\u017cby, dzia\u0142aj\u0105c z rozkazu Sowiet\u00f3w &#8211; plan zatwierdzi\u0142 Nikita Chruszczow &#8211; dostarczy\u0142y Hochhuthowi spreparowane, obci\u0105\u017caj\u0105ce Piusa materia\u0142y. \u201eNamiestnik\u201d zosta\u0142 najpierw pokazany w Londynie, potem wystawiano go na ca\u0142ym \u015bwiecie. To by\u0142o jak zapa\u0142ka rzucona do lasu podczas suszy, czarna legenda Piusa XII zacz\u0119\u0142a si\u0119 rozprzestrzenia\u0107 z szybko\u015bci\u0105 po\u017caru.<\/p>\r\n<p>W\u015br\u00f3d zachodniej lewicy szybko wytworzy\u0142a si\u0119 moda na mieszanie Piusa z b\u0142otem. Potem do\u0142\u0105czy\u0142y do tego szukaj\u0105ce sensacji media i pseudohistorycy, kt\u00f3rzy chcieli odci\u0105\u0107 od ca\u0142ej afery kupony. Najg\u0142o\u015bniejsz\u0105 z tego typu ksi\u0105\u017cek by\u0142 \u201ePapie\u017c Hitlera\u201d Johna Cornwella.<\/p>\r\n<p><strong>Czy Cornwell nie wycofa\u0142 si\u0119 ostatnio ze swoich tez? <\/strong><\/p>\r\n<p>Tak, ale wcze\u015bniej jego ksi\u0105\u017cka wyrz\u0105dzi\u0142a ogromne szkody. \u201ePapie\u017c Hitlera\u201d i inne takie prace nie opiera\u0142y si\u0119 na \u017cadnych wiarygodnych dokumentach. Roi\u0142o si\u0119 w nich za to od przypuszcze\u0144, karko\u0142omnych teorii i moralnego oburzenia. Byle mocniej przy\u0142o\u017cy\u0107 papie\u017cowi i Ko\u015bcio\u0142owi. Nie wiem, jak jest w Polsce, ale w Ameryce to najlepszy spos\u00f3b na przypodobanie si\u0119 wp\u0142ywowym, liberalnym salonom. Za tym id\u0105 nagrody, apana\u017ce, zachwyt krytyk\u00f3w i medi\u00f3w.<\/p>\r\n<p><strong>Dlaczego Sowietom tak zale\u017ca\u0142o na zepsuciu dobrej opinii nie\u017cyj\u0105cego papie\u017ca? <\/strong><\/p>\r\n<p>Bo Ko\u015bci\u00f3\u0142 katolicki uwa\u017cali za jednego ze swoich g\u0142\u00f3wnych wrog\u00f3w. Watykan reprezentowa\u0142 wszystko, czego komuni\u015bci nienawidzili i czego si\u0119 bali. Operacja \u201eSeat-12\u201d mia\u0142a na celu podwa\u017cenie autorytetu Ko\u015bcio\u0142a poprzez przylepienie mu \u0142atki antysemityzmu. Trzeba przyzna\u0107, \u017ce operacja ta zako\u0144czy\u0142a si\u0119 pe\u0142nym sukcesem. To, co zrobiono z Piusem, to najgorszy przypadek zamachu na dobre imi\u0119 cz\u0142owieka w historii.<\/p>\r\n<p><strong>Rozumiem, \u017ce pan ma zupe\u0142nie inne zdanie w sprawie dzia\u0142a\u0144 Piusa XII wobec \u017byd\u00f3w. <\/strong><\/p>\r\n<p>Ja uwa\u017cam go za najwi\u0119kszego spo\u015br\u00f3d Sprawiedliwych w\u015br\u00f3d Narod\u00f3w \u015awiata. Papie\u017c uratowa\u0142 wi\u0119cej \u017byd\u00f3w ni\u017c wszyscy inni polityczni i religijni przyw\u00f3dcy \u015bwiata razem wzi\u0119ci. Izraelski historyk i dyplomata Pinchas Lapide szacowa\u0142, \u017ce Pius XII ocali\u0142 blisko 900 tysi\u0119cy ludzi! Zrobi\u0142em kiedy\u015b szacunki i oznacza to, \u017ce 20 procent \u017cyj\u0105cych obecnie na \u015bwiecie \u017byd\u00f3w istnieje dzi\u0119ki niemu! Uwa\u017cam, \u017ce moim obowi\u0105zkiem jest informowa\u0107 o tym rodak\u00f3w. Przy pomocy za\u0142o\u017conej przeze mnie organizacji Pave the Way Foundation zbieram na ca\u0142ym \u015bwiecie dokumenty dotycz\u0105ce tych dzia\u0142a\u0144 Piusa XII.<\/p>\r\n<p><strong>Co jest w tych dokumentach? <\/strong><\/p>\r\n<p>Prawda. Wy\u0142ania si\u0119 z nich obraz papie\u017ca, kt\u00f3ry we wprost fanatyczny spos\u00f3b walczy\u0142 o uratowanie europejskich \u017byd\u00f3w. Cho\u0107by taki przyk\u0142ad, kt\u00f3ry powinien pana zainteresowa\u0107: w pa\u017adzierniku 1943 roku Pius XII, przy pomocy swojego delegata w Tokio, ocali\u0142 460 uczni\u00f3w jesziwy w Mirze. Zostali ewakuowani do Szanghaju. Tysi\u0105ce \u017byd\u00f3w uda\u0142o si\u0119 r\u00f3wnie\u017c wywie\u017a\u0107 do Ameryki Po\u0142udniowej.<\/p>\r\n<p><strong>Dok\u0105d? <\/strong><\/p>\r\n<p>Na przyk\u0142ad do Dominikany. Papie\u017c przez ca\u0142\u0105 wojn\u0119 wysy\u0142a\u0142 tam oko\u0142o 1,6 tysi\u0105ca \u017byd\u00f3w rocznie. Zadanie to wykonywa\u0142 jego specjalny wys\u0142annik monsignore Giovanni Ferrofino. On zreszt\u0105 \u017cyje do dzi\u015b, ma 98 lat i jest arcybiskupem. Mo\u017ce pan go o to zapyta\u0107. Ferrofino dwa razy w roku otrzymywa\u0142 zaszyfrowany telegram prosto od Piusa XII, kt\u00f3ry tylko on m\u00f3g\u0142 odcyfrowa\u0107. Papie\u017c pisa\u0142 w nim, \u017ce potrzebuje tyle i tyle wiz. Ferrofino jecha\u0142 w\u00f3wczas do dominika\u0144skiego dyktatora gen. Rafaela Trujillo i \u201ew imieniu Ojca \u015awi\u0119tego Piusa XII\u201d \u017c\u0105da\u0142 wydania tych dokument\u00f3w.<\/p>\r\n<p><strong>Nigdy o tym nie s\u0142ysza\u0142em. <\/strong><\/p>\r\n<p>Bo to ja odkry\u0142em t\u0119 histori\u0119. Gdy opowiedzia\u0142em o tym w Watykanie, tamtejsi eksperci tak\u017ce byli zaskoczeni. A takich przypadk\u00f3w by\u0142o przecie\u017c bardzo du\u017co. To Pius XII nak\u0142ania\u0142 admira\u0142a Miklosa Horthyego, \u017ceby powstrzyma\u0142 deportacje w\u0119gierskich \u017byd\u00f3w do Auschwitz. Tylko ta interwencja uratowa\u0142a 200 tysi\u0119cy ludzi. Grozi\u0142 te\u017c ekskomunik\u0105 ksi\u0119dzu J\u00f3zefowi Tiso, je\u017celi b\u0119dzie stosowa\u0107 represje wobec \u017byd\u00f3w. Jego specjalny wys\u0142annik, ojciec palotyn przekazywa\u0142 pieni\u0105dze na ucieczk\u0119 \u017byd\u00f3w, m.in. z Polski do Szwajcarii i Portugalii.<\/p>\r\n<p><strong>Wielu \u017byd\u00f3w uratowa\u0142o si\u0119 r\u00f3wnie\u017c, nie wyje\u017cd\u017caj\u0105c z okupowanej Polski. Przetrwali w klasztorach czy na plebaniach. <\/strong><\/p>\r\n<p>Oczywi\u015bcie. Rola Ko\u015bcio\u0142a by\u0142a tu olbrzymia. To ksi\u0119\u017ca i zakonnicy wydawali ludziom metryki chrztu, organizowali ich ucieczki, ukrywali. Ko\u015bci\u00f3\u0142 katolicki by\u0142 wielkim przedsi\u0119biorstwem ratowania \u017byd\u00f3w.<\/p>\r\n<p><strong>Mo\u017ce oni to robili z dobrego serca, wbrew papie\u017cowi. <\/strong><\/p>\r\n<p>To niemo\u017cliwe. Bo instytucje ko\u015bcielne pomaga\u0142y \u017bydom nie tylko w Polsce, ale w ca\u0142ej okupowanej Europie. To nie mog\u0142a by\u0107 wi\u0119c oddolna inicjatywa kilku poczciwych proboszcz\u00f3w. Dokumenty wskazuj\u0105, \u017ce by\u0142a to skomplikowana, zaplanowana w detalach operacja, kt\u00f3rej m\u00f3zg znajdowa\u0142 si\u0119 w Watykanie. Tym m\u00f3zgiem by\u0142 Pius XII. Gdy Niemcy pr\u00f3bowali wywie\u017a\u0107 rzymskich \u017byd\u00f3w, Watykan ukry\u0142 co najmniej 7 tysi\u0119cy os\u00f3b. I to mia\u0142oby si\u0119 sta\u0107 wbrew papie\u017cowi, pod samym jego nosem? Absurd. Ma\u0142o tego, wiemy, \u017ce papie\u017c wyk\u0142ada\u0142 na pomoc \u017bydom swoje prywatne pieni\u0105dze. Pius XII (Eugenio Pacelli) pochodzi\u0142 z zamo\u017cnej, arystokratycznej rzymskiej rodziny. Umiera\u0142 bez pieni\u0119dzy.<\/p>\r\n<p><strong>Czy wiemy, co papie\u017c s\u0105dzi\u0142 o prze\u015bladowaniach \u017byd\u00f3w przez Trzeci\u0105 Rzesz\u0119? <\/strong><\/p>\r\n<p>By\u0142 nimi oburzony i wstrz\u0105\u015bni\u0119ty. Reagowa\u0142 bardzo nerwowo, gdy cz\u0119\u015b\u0107 jego stara\u0144 ko\u0144czy\u0142a si\u0119 fiaskiem. Watyka\u0144scy dyplomaci je\u017adzili po ca\u0142ym \u015bwiecie i pytali rozmaite rz\u0105dy: ilu \u017byd\u00f3w mo\u017cecie przyj\u0105\u0107? Amerykanie odpowiadali: \u201eani jednego\u201d, Brazylijczycy: \u201eani jednego\u201d, Kanadyjczycy: \u201eani jednego\u201d. I tak dalej. Wszystko to doprowadza\u0142o Piusa do rozpaczy. Znamy przekazy, \u017ce uderza\u0142 pi\u0119\u015bci\u0105 w st\u00f3\u0142 i krzycza\u0142: \u201eDlaczego Amerykanie nie rozumiej\u0105, \u017ce musimy uratowa\u0107 t\u0119 spo\u0142eczno\u015b\u0107!?\u201d.<\/p>\r\n<p><strong>Amerykanie nie chcieli przyj\u0105\u0107 \u017byd\u00f3w? Przecie\u017c doskonale wiedzieli, co wyrabiaj\u0105 z nimi Niemcy. <\/strong><\/p>\r\n<p>Tak, a mimo to nie kiwn\u0119li palcem. Cho\u0107by statek \u201eSt. Louis\u201d z 900 niemieckimi \u017bydami na pok\u0142adzie, kt\u00f3ry w 1939 roku zosta\u0142 zawr\u00f3cony z Ameryki do Europy. Nie musz\u0119 panu m\u00f3wi\u0107, co si\u0119 sta\u0142o z jego pasa\u017cerami. Wychwalamy dzi\u015b Roosevelta, kt\u00f3ry by\u0142 oboj\u0119tny wobec losu \u017byd\u00f3w, a nienawidzimy Piusa XII, kt\u00f3ry robi\u0142 wszystko, by ich ratowa\u0107.<\/p>\r\n<p><strong>Krytycy Piusa XII najcz\u0119\u015bciej zarzucaj\u0105 mu \u201emilczenie wobec Zag\u0142ady\u201d. Co by si\u0119 sta\u0142o, gdyby papie\u017c oficjalnie pot\u0119pi\u0142 Holokaust? <\/strong><\/p>\r\n<p>To by by\u0142a katastrofa! Ca\u0142e szcz\u0119\u015bcie, \u017ce nic takiego nie zrobi\u0142.<\/p>\r\n<p><strong>Rozumiem, \u017ce przypuszcza pan, i\u017c wywo\u0142a\u0142oby to jeszcze wi\u0119ksze represje? <\/strong><\/p>\r\n<p>To nie jest przypuszczenie, tylko pewno\u015b\u0107. Arcybiskup Utrechtu w 1942 roku pot\u0119pi\u0142 deportacje holenderskich \u017byd\u00f3w. Reakcja Niemc\u00f3w by\u0142a natychmiastowa. Aresztowania zintensyfikowano i obj\u0119\u0142y one po raz pierwszy \u017byd\u00f3w, kt\u00f3rzy nawr\u00f3cili si\u0119 na katolicyzm. W ten spos\u00f3b do Auschwitz trafi\u0142a m.in. &#8211; kanonizowana p\u00f3\u017aniej &#8211; zakonnica Edyta Stein. Znamy r\u00f3wnie\u017c relacje wi\u0119\u017ani\u00f3w oboz\u00f3w koncentracyjnych. Gdy tylko w radiu watyka\u0144skim czy \u201eL\u2019Osservatore Romano\u201d pojawia\u0142a si\u0119 cho\u0107by najmniejsza antyniemiecka sugestia, cho\u0107by kilka s\u0142\u00f3w w obronie \u017byd\u00f3w, natychmiast stra\u017cnicy zaostrzali re\u017cym wobec wi\u0119\u017ani\u00f3w-katolik\u00f3w. Obni\u017cano im racje \u017cywno\u015bciowe, byli bici, wyzywani &#8211; \u201eco ten wasz \u015bmierdz\u0105cy papie\u017c znowu wymy\u015bla\u201d &#8211; a nawet mordowani. A w prasie Trzeciej Rzeszy ukazywa\u0142y si\u0119 niewybredne karykatury szkaluj\u0105ce papie\u017ca.<\/p>\r\n<p><strong>Papie\u017c zachowa\u0142 si\u0119 wi\u0119c racjonalnie. <\/strong><\/p>\r\n<p>Oczywi\u015bcie. A mimo to dzi\u015b, post factum, w\u0142a\u015bnie tego domagaj\u0105 si\u0119 od niego jego krytycy: \u201epapie\u017c powinien by\u0142 pot\u0119pi\u0107 Zag\u0142ad\u0119\u201d. Ci ludzie nie maj\u0105 najmniejszego poj\u0119cia o realiach tamtej wojny. Dlaczego Pius zachowa\u0142 milczenie? By ocali\u0107 \u017cycie wielu ludzi. Gdyby pot\u0119pi\u0142 dzia\u0142ania Trzeciej Rzeszy, nic by to nie da\u0142o. Ju\u017c widz\u0119 Hitlera, jak po s\u0142owach papie\u017ca posypuje g\u0142ow\u0119 popio\u0142em, przeprasza i wypuszcza \u017byd\u00f3w z oboz\u00f3w. Takie pot\u0119pienie by\u0142oby wi\u0119c pustym gestem, kt\u00f3rego negatywne konsekwencje by\u0142yby olbrzymie. Papie\u017c nie tylko nikomu by nie pom\u00f3g\u0142, nie tylko narazi\u0142by wielu ludzi na \u015bmier\u0107, ale straci\u0142by r\u00f3wnie\u017c mo\u017cliwo\u015b\u0107 dalszego pomagania \u017bydom.<\/p>\r\n<p><strong>Dlaczego? <\/strong><\/p>\r\n<p>Bo Ko\u015bcio\u0142owi uda\u0142o si\u0119 uratowa\u0107 tylu \u017byd\u00f3w, gdy\u017c zachowa\u0142 immunitet swoich instytucji. Niemcy w zasadzie nie mieli prawa wchodzi\u0107 na teren klasztor\u00f3w, pa\u0142ac\u00f3w biskupich i tym podobnych budynk\u00f3w. Wyobra\u017amy sobie teraz, \u017ce papie\u017c na placu \u015awi\u0119tego Piotra pot\u0119pia Holokaust. Nast\u0119pnego dnia Niemcy \u0142ami\u0105 immunitet ko\u015bcielny i w ca\u0142ej Europie gestapo wkracza do budynk\u00f3w ko\u015bcielnych. Gin\u0105 ksi\u0119\u017ca, mnisi, zakonnice, ale tak\u017ce ukrywani \u017bydzi. Droga do dalszej pomocy zostaje natychmiast zamkni\u0119ta. W\u0142a\u015bnie dlatego Pius XII by\u0142 tak ostro\u017cny, w\u0142a\u015bnie dlatego &#8211; jak okre\u015bli\u0142 to Benedykt XVI &#8211; u\u017cywa\u0142 \u201ecichej dyplomacji\u201d, by ratowa\u0107 \u017byd\u00f3w. G\u0142\u00f3wny rabin Danii Marcus Melchior powiedzia\u0142, \u017ce gdyby papie\u017c pot\u0119pi\u0142 Holokaust, Hitler wymordowa\u0142by wi\u0119cej ni\u017c 6 milion\u00f3w \u017byd\u00f3w. Zgadzam si\u0119 z nim.<\/p>\r\n<p><strong>Dlaczego jednak Watykan po prostu nie otworzy archiw\u00f3w i nie przetnie wszelkich spekulacji? <\/strong><\/p>\r\n<p>Ludzie wyobra\u017caj\u0105 sobie, \u017ce papie\u017c przyjdzie z kluczem do archiwum, przekr\u0119ci go i wpu\u015bci do \u015brodka historyk\u00f3w. To nie takie proste. Dopiero trzy lata temu zako\u0144czy\u0142o si\u0119 porz\u0105dkowanie papier\u00f3w z czas\u00f3w Piusa XI. Musimy wi\u0119c uzbroi\u0107 si\u0119 w cierpliwo\u015b\u0107 i poczeka\u0107 jeszcze kilka lat na nast\u0119pne.<\/p>\r\n<p><strong>Dlaczego? Nie mo\u017cna by\u0142o otworzy\u0107 naraz archiw\u00f3w Piusa XI i Piusa XII? <\/strong><\/p>\r\n<p>Mo\u017ce opowiem panu, jak w praktyce wygl\u0105da takie \u201eotwarcie archiw\u00f3w\u201d. Archiwi\u015bci watyka\u0144scy segreguj\u0105 i zszywaj\u0105 wszystkie dokumenty w skoroszyty. Ka\u017cda strona dostaje stempel z numerem, zostaje streszczona, a na ko\u0144cu przystawia si\u0119 do niej watyka\u0144sk\u0105 piecz\u0119\u0107. A z okresu papiestwa Piusa XII mamy 16 milion\u00f3w stron dokument\u00f3w! Do tej pory zajmowa\u0142o si\u0119 tym tylko trzech ludzi. Benedykt XVI podwoi\u0142 czy potroi\u0142 ten zesp\u00f3\u0142. Wi\u0119cej ludzi do tego przydzieli\u0107 si\u0119 ju\u017c nie da\u0142o, gdy\u017c musz\u0105 to by\u0107 znakomicie wyszkoleni specjali\u015bci, godni zaufania, spe\u0142niaj\u0105cy wymogi bezpiecze\u0144stwa i dyskrecji. W przesz\u0142o\u015bci zdarza\u0142o si\u0119 bowiem, \u017ce dokumenty by\u0142y kradzione, niszczone, a nawet zmieniane.<\/p>\r\n<p><strong>Powiedzia\u0142 pan kiedy\u015b, \u017ce cz\u0119\u015bci kluczowych dokument\u00f3w i tak nigdy nie uda si\u0119 odnale\u017a\u0107. <\/strong><\/p>\r\n<p>Tak, bo by\u0142y natychmiast niszczone przez papie\u017ca lub jego otoczenie. Siostra Pascalina Lehnert, kt\u00f3ra opiekowa\u0142a si\u0119 jego apartamentem, opowiada\u0142a, jak zasta\u0142a Piusa XII osobi\u015bcie pal\u0105cego w kuchni watyka\u0144skiego pa\u0142acu dokument dotycz\u0105cy pomocy \u017bydom. Pod koniec wojny \u017cy\u0142 w ci\u0105g\u0142ym zagro\u017ceniu wkroczeniem Niemc\u00f3w do Watykanu. Pali\u0142 te dokumenty, by nie wpad\u0142y w r\u0119ce gestapo lub pracuj\u0105cych dla niego szpieg\u00f3w, od kt\u00f3rych roi\u0142o si\u0119 w Watykanie.<\/p>\r\n<p><strong>W jakim stopniu to zagro\u017cenie by\u0142o realne? <\/strong><\/p>\r\n<p>Genera\u0142 SS Karl Wolff we wrze\u015bniu 1943 roku otrzyma\u0142 od Hitlera rozkaz przygotowania planu \u201eneutralizacji papie\u017ca\u201d. Watykan mia\u0142 zosta\u0107 zaj\u0119ty, kuria wymordowana, a Pius XII wywieziony do Liechtensteinu. Tam miano go zamordowa\u0107. Watykan doskonale si\u0119 orientowa\u0142, \u017ce w Berlinie snute s\u0105 takie plany. Papie\u017c rozkaza\u0142 nawet swojej Gwardii Szwajcarskiej, \u017ceby pod \u017cadnym pozorem nie otwiera\u0142a ognia, gdy Niemcy wkrocz\u0105. Obrona mog\u0142a spowodowa\u0107 tylko masakr\u0119. Papie\u017c nakaza\u0142 zabezpieczy\u0107 te\u017c watyka\u0144sk\u0105 bibliotek\u0119 i zbiory muzeum na wypadek agresji. Przygotowa\u0142 r\u00f3wnie\u017c specjalny plan, jak pokrzy\u017cowa\u0107 Niemcom szyki.<\/p>\r\n<p><strong>Na czym polega\u0142 ten plan? <\/strong><\/p>\r\n<p>6 wrze\u015bnia 1943 roku Pius XII zwo\u0142a\u0142 kardyna\u0142\u00f3w. Powiedzia\u0142, \u017ce gdy Niemcy wkrocz\u0105 na teren Watykanu, nie aresztuj\u0105 Piusa XII, ale zwyk\u0142ego ksi\u0119dza Eugenio Pacellego. Mia\u0142 bowiem przygotowane na biurku pismo o abdykacji. Gdy tylko Niemcy mieli postawi\u0107 nog\u0119 w granicach Stolicy Apostolskiej, planowa\u0142 je podpisa\u0107. Wszyscy kardyna\u0142owie mieli za\u015b natychmiast wyjecha\u0107 do Portugalii, zwo\u0142a\u0107 konklawe na wygnaniu i wybra\u0107 nowego papie\u017ca. Jak pan widzi, Pius XII \u017cy\u0142 w\u00f3wczas jak w obl\u0119\u017conej twierdzy. Czy tak Hitler traktowa\u0142by \u201eswojego\u201d papie\u017ca? Szpiegowa\u0142 go i planowa\u0142 go zamordowa\u0107, gdyby rzeczywi\u015bcie Pius by\u0142 \u201eniemieckim kolaborantem\u201d?<\/p>\r\n<p><strong>Czy wiemy, jakie zdanie mia\u0142 Pius XII o narodowym socjalizmie? <\/strong><\/p>\r\n<p>Brzydzi\u0142 si\u0119 Hitlerem i jego metodami. I to od pocz\u0105tku, od lat 20., gdy Hitler dopiero zaczyna\u0142 sw\u00f3j marsz po w\u0142adz\u0119. Pacelli by\u0142 wtedy w Niemczech i pisa\u0142 o narodowym socjalizmie z pogard\u0105. To by\u0142a dla niego poga\u0144ska ideologia. Nazywa\u0142 j\u0105 \u201enajwi\u0119ksz\u0105 herezj\u0105 naszych czas\u00f3w\u201d. W raporcie szefa <a href=\"https:\/\/pl.wikipedia.org\/wiki\/Reichssicherheitshauptamt\" target=\"_blank\" rel=\"noopener\">RSHA<\/a> Ernsta Kaltenbrunnera sporz\u0105dzonym po zamachu na Hitlera z 20 lipca 1944 roku mowa jest o tym, \u017ce Pius XII by\u0142 powi\u0105zany ze spiskowcami. Wiemy r\u00f3wnie\u017c, \u017ce gdy genera\u0142owie Wehrmachtu sondowali, czy papie\u017c m\u00f3g\u0142by po\u015bredniczy\u0107 w tajnych rozmowach pokojowych z aliantami zachodnimi, on odpar\u0142, \u017ce by\u0142oby to mo\u017cliwe, tylko gdyby w Rzeszy zmieni\u0142 si\u0119 rz\u0105d. Innymi s\u0142owy: gdyby usuni\u0119to Hitlera.<\/p>\r\n<p><strong>Cz\u0119sto si\u0119 m\u00f3wi, \u017ce Pius XII jako przedstawiciel konserwatywnego skrzyd\u0142a Ko\u015bcio\u0142a by\u0142 nastawiony antyjudaistycznie. A co za tym idzie, by\u0142 antysemit\u0105. <\/strong><\/p>\r\n<p>Obie te sprawy nie maj\u0105 ze sob\u0105 nic wsp\u00f3lnego. Pogl\u0105dy religijne papie\u017ca nie mia\u0142y wp\u0142ywu na jego stosunek do \u017byd\u00f3w. Wszyscy wiedz\u0105, \u017ce Karol Wojty\u0142a jako ma\u0142y ch\u0142opiec przyja\u017ani\u0142 si\u0119 z \u017cydowskim r\u00f3wie\u015bnikiem Jerzym Klugerem. Ma\u0142o kto jednak wie, \u017ce podobnego przyjaciela mia\u0142 Pacelli. Ten ch\u0142opiec nazywa\u0142 si\u0119 Guido Mendez, by\u0142 ortodoksyjnym \u017bydem. Przysz\u0142y papie\u017c odwiedza\u0142 jego dom, bra\u0142 udzia\u0142 w szabasowych kolacjach. Po latach, ju\u017c jako Pius XII, pom\u00f3g\u0142 Mendezowi uciec do Palestyny. Rodzina Mendez\u00f3w do dzi\u015b mieszka w mie\u015bcie Ramat Gan.<\/p>\r\n<p><strong>Mo\u017ce to by\u0142 po prostu sentyment z m\u0142odo\u015bci. Wyj\u0105tek. <\/strong><\/p>\r\n<p>Ale dowod\u00f3w na przychylny stosunek Piusa do \u017byd\u00f3w jest du\u017co wi\u0119cej. M\u00f3g\u0142bym je wymienia\u0107 godzinami. Cho\u0107by taki: w 1917 roku przedstawiciel \u015awiatowej Organizacji Syjonistycznej Nachum Soko\u0142ow odwiedzi\u0142 Pacellego &#8211; by\u0142 on w\u00f3wczas nuncjuszem apostolskim w Niemczech &#8211; i poprosi\u0142 o ratowanie \u017byd\u00f3w mieszkaj\u0105cych w Palestynie. Bali si\u0119 oni, \u017ce zostan\u0105 zmasakrowani przez Turk\u00f3w, tak jak Ormianie. Soko\u0142ow poprosi\u0142 Pacellego, \u017ceby interweniowa\u0142 w Berlinie. Pacelli ch\u0119tnie spe\u0142ni\u0142 t\u0119 pro\u015bb\u0119 i niemiecki rz\u0105d zagwarantowa\u0142 \u017bydom z Palestyny bezpiecze\u0144stwo.<\/p>\r\n<p><strong>Czy uwa\u017ca pan, \u017ce proces beatyfikacyjny Piusa XII powinien zosta\u0107 wstrzymany? <\/strong><\/p>\r\n<p>Nie mieszam si\u0119 do takich spraw. Jestem \u017bydem i nie moj\u0105 spraw\u0105 jest to, kto ma zosta\u0107 katolickim \u015bwi\u0119tym. Jako \u017byd uwa\u017cam natomiast, \u017ce Pius XII powinien zosta\u0107 uhonorowany w jerozolimskim instytucie Yad Vashem jako Sprawiedliwy w\u015br\u00f3d Narod\u00f3w \u015awiata. Moja fundacja stara si\u0119 wp\u0142yn\u0105\u0107 w tej sprawie na Yad Vashem. Na razie bezskutecznie.<\/p>\r\n<p><strong>Nie dziwi mnie to. W instytucie znajduje si\u0119 obecnie plansza ze zdj\u0119ciem Piusa z niepochlebnym komentarzem. <\/strong><\/p>\r\n<p>Tak, to haniebne. To, co tam napisano, to zwyk\u0142e k\u0142amstwo. Negatywny stosunek \u017byd\u00f3w do Piusa XII jest dla mnie bardzo bolesny. On uratowa\u0142 tylu naszych rodak\u00f3w, a my odp\u0142acamy mu w taki spos\u00f3b. Obawiam si\u0119, \u017ce \u017bydzi b\u0119d\u0105 musieli to odpokutowa\u0107. Sam przepraszam Piusa XII za to, \u017ce my\u015bla\u0142em o nim okropne rzeczy. Przez d\u0142ugie lata \u017cy\u0142em w otoczeniu, kt\u00f3re my\u015bla\u0142o w taki spos\u00f3b. \u015alepo wierzy\u0142em w powtarzane o nim brednie, by\u0142 dla mnie szwarccharakterem. Dzi\u015b g\u0142\u0119boko tego \u017ca\u0142uj\u0119.<\/p>\r\n<p><strong>Ameryka\u0144skie \u015brodowiska \u017cydowskie ostro pana atakuj\u0105. Jest pan oskar\u017cany o prowadzenie \u201ekampanii dezinformacyjnej\u201d. Krytykuj\u0105 pana rabini i organizacje zwalczaj\u0105ce antysemityzm.<\/strong><\/p>\r\n<p>To straszliwi hipokryci. Ca\u0142y czas powtarzaj\u0105, \u017ce chc\u0105 pe\u0142nej jawno\u015bci, domagaj\u0105 si\u0119 ujawnienia dokument\u00f3w. Ja w\u0142a\u015bnie to robi\u0119. Problem w tym, \u017ce prawda im nie odpowiada, \u017ce dokumenty nie pasuj\u0105 do ich teorii. A to, \u017ce dokumenty te publikuje \u017byd, budzi jeszcze wi\u0119ksz\u0105 agresj\u0119. Ju\u017c za kilka lat, gdy archiwa watyka\u0144skie si\u0119 otworz\u0105, wszystko si\u0119 wyja\u015bni.<\/p>\r\n<p><strong>Nie jest chyba jednak \u0142atwo i\u015b\u0107 wbrew opinii niemal ca\u0142ego swojego narodu? <\/strong><\/p>\r\n<p>Ale\u017c to jest m\u00f3j \u015bwi\u0119ty obowi\u0105zek w\u0142a\u015bnie jako \u017byda! Musz\u0119 broni\u0107 pami\u0119ci tego wielkiego cz\u0142owieka, kt\u00f3ry nie by\u0142 \u017bydem, a mimo to uratowa\u0142 tyle \u017cydowskich istnie\u0144. Przecie\u017c Pius XII wcale nie musia\u0142 tego robi\u0107. Jego zadaniem by\u0142a ochrona katolik\u00f3w i Ko\u015bcio\u0142a. A mimo to tak silnie, bezinteresownie zaanga\u017cowa\u0142 si\u0119 w pomaganie \u017cydowskim bli\u017anim. Zdradz\u0119 zreszt\u0105 panu, \u017ce ja te\u017c mam mocne plecy. Swego czasu spotka\u0142em si\u0119 z najwa\u017cniejszymi rabinami w Rzymie i w Izraelu. Przedstawi\u0142em im, jakie mam zamiary. Cz\u0119\u015b\u0107 z nich by\u0142a przeciw, ale zdecydowana wi\u0119kszo\u015b\u0107 powiedzia\u0142a, \u017ce chce przede wszystkim pozna\u0107 prawd\u0119. Na koniec powiem panu pewn\u0105 \u017cydowsk\u0105 maksym\u0119. Jeden z najwa\u017cniejszych rabin\u00f3w w historii judaizmu Majmonides (1135 &#8211; 1204) powiedzia\u0142 kiedy\u015b, \u017ce nawet je\u017celi ca\u0142y \u015bwiat w co\u015b wierzy, nie oznacza to, \u017ce jest to prawd\u0105. I odwrotnie, je\u017celi ca\u0142y \u015bwiat w co\u015b nie wierzy, nie oznacza to, \u017ce jest to nieprawd\u0105. Ja walcz\u0119 o prawd\u0119, i b\u0119d\u0119 to robi\u0142, nawet je\u017celi wszyscy ludzie na ziemi b\u0119d\u0105 mieli inne zdanie.<\/p>\r\n<p>8 Kwiecie\u0144 2010<\/p>\r\n<p class=\"zrodlo\">Za: <a href=\"http:\/\/pius12.blogspot.com\/2011\/04\/dziennik-pius-xii-ukochany-papiez-zydow.html\">S\u0142uga Bo\u017cy Papie\u017c Pius XII<\/a><br>\r\n (Tekst dost\u0119pny jest r\u00f3wnie\u017c <span style=\"text-decoration: underline;\"><a href=\"https:\/\/katolikintegralny.wordpress.com\/2016\/03\/19\/kosciol-a-ratowanie-zydow-dzialalnosc-piusa-xii\/\">tutaj<\/a><\/span>)<\/p>\r\n<h4>&nbsp;<\/h4>\r\n<hr style=\"background-color: #000000; border-width: 0; color: #000000; height: 2px; line-height: 0; text-align: center; width: 100%;\">\r\n<h4>&nbsp;<\/h4>\r\n<p><strong>CZYTAJ R\u00d3WNIE\u017b:<\/strong><\/p>\r\n<ul>\r\n\t<li><a href=\"http:\/\/www.bibula.com\/?p=72182\"><strong>&#8222;Dlaczego wsp\u00f3\u0142cze\u015bni \u017bydzi mog\u0105 m\u00f3wi\u0107 takie rzeczy?\u201d &#8211; <\/strong><em><strong>wywiad z ojcem Peterem Gumpel, SJ, postulatorem procesu beatyfikacyjnego S\u0142ugi Bo\u017cego papie\u017ca Piusa XII<\/strong><\/em><\/a><\/li>\r\n<\/ul>\r\n<h4>&nbsp;<\/h4>\r\n<hr style=\"background-color: #000000; border-width: 0; color: #000000; height: 2px; line-height: 0; text-align: center; width: 100%;\">\r\n<h4>&nbsp;<\/h4>","protected":false},"excerpt":{"rendered":"Dodano: 2016-03-23 11:51 am Z Garym Kruppem, \u017cydowskim filantropem z USA, rozmawia Piotr Zychowicz. Rz: Gdy w 1958 roku umar\u0142 papie\u017c Pius XII, szefowa izraelskiej dyplomacji Golda Meir przys\u0142a\u0142a do Watykanu ciep\u0142y list kondolencyjny. Dzi\u015b mo\u017ce si\u0119 to wydawa\u0107 do\u015b\u0107 zaskakuj\u0105ce. Gary Krupp: Po wojnie Piusa XII pod niebiosa wynosi\u0142a nie tylko Meir, ale setki [&hellip;]","protected":false},"author":1,"featured_media":0,"comment_status":"closed","ping_status":"closed","sticky":false,"template":"","format":"standard","meta":{"_acf_changed":false,"_monsterinsights_skip_tracking":false,"_monsterinsights_sitenote_active":false,"_monsterinsights_sitenote_note":"","_monsterinsights_sitenote_category":0,"ngg_post_thumbnail":0,"footnotes":"","_wp_rev_ctl_limit":""},"categories":[328],"tags":[132,66,22,61,53,18,181,59,365],"acf":[],"_links":{"self":[{"href":"https:\/\/www.bibula.com\/index.php?rest_route=\/wp\/v2\/posts\/86687"}],"collection":[{"href":"https:\/\/www.bibula.com\/index.php?rest_route=\/wp\/v2\/posts"}],"about":[{"href":"https:\/\/www.bibula.com\/index.php?rest_route=\/wp\/v2\/types\/post"}],"author":[{"embeddable":true,"href":"https:\/\/www.bibula.com\/index.php?rest_route=\/wp\/v2\/users\/1"}],"replies":[{"embeddable":true,"href":"https:\/\/www.bibula.com\/index.php?rest_route=%2Fwp%2Fv2%2Fcomments&post=86687"}],"version-history":[{"count":0,"href":"https:\/\/www.bibula.com\/index.php?rest_route=\/wp\/v2\/posts\/86687\/revisions"}],"wp:attachment":[{"href":"https:\/\/www.bibula.com\/index.php?rest_route=%2Fwp%2Fv2%2Fmedia&parent=86687"}],"wp:term":[{"taxonomy":"category","embeddable":true,"href":"https:\/\/www.bibula.com\/index.php?rest_route=%2Fwp%2Fv2%2Fcategories&post=86687"},{"taxonomy":"post_tag","embeddable":true,"href":"https:\/\/www.bibula.com\/index.php?rest_route=%2Fwp%2Fv2%2Ftags&post=86687"}],"curies":[{"name":"wp","href":"https:\/\/api.w.org\/{rel}","templated":true}]}}