{"id":86650,"date":"2016-03-22T13:30:32","date_gmt":"2016-03-22T17:30:32","guid":{"rendered":"http:\/\/www.bibula.com\/?p=86650"},"modified":"2016-03-22T13:30:32","modified_gmt":"2016-03-22T17:30:32","slug":"roberto-de-mattei-nie-zapominajmy-ze-ostatecznym-celem-islamistow-jest-rzym","status":"publish","type":"post","link":"https:\/\/www.bibula.com\/?p=86650","title":{"rendered":"Roberto de Mattei: nie zapominajmy, \u017ce ostatecznym celem islamist\u00f3w jest Rzym"},"content":{"rendered":"<p><strong>Zach\u00f3d nie mo\u017ce wygra\u0107 nadchodz\u0105cej wojny z g\u0119sto utkan\u0105 i coraz bardziej radykaln\u0105 mi\u0119dzynarodow\u0105 sieci\u0105 d\u017cihadu, kt\u00f3ra zwraca si\u0119 ku sercu cywilizacji chrze\u015bcija\u0144skiej &#8211; Rzymowi. Dlaczego? Bo sam siebie nienawidzi.<\/strong><\/p><p>W\u00a0ostatnich miesi\u0105cach Zach\u00f3d \u201eodkry\u0142\u201d problem istnienia islamu. Zaniepokoi\u0142 si\u0119 nawet Eugenio Scalfari patriarcha radykalnego progresywizmu i\u00a0uprzywilejowany partner rozm\u00f3w papie\u017ca Franciszka, stwierdzaj\u0105c, \u017ce oto w\u0142a\u015bnie zachodni \u015bwiat stoi przed <em>wojn\u0105 religii i\u00a0przeciwstawnych cywilizacji<\/em> (\u201eLa Repubblica\u201d, 24\u00a0sierpnia 2014).<\/p><p>Jak w\u00a0ka\u017cdej wojnie, tak i\u00a0w\u00a0tej &#8211; zwyci\u0119\u017cy silniejszy. Ale jak ucz\u0105 wszyscy wielcy stratedzy, si\u0142a wojownika le\u017cy przede wszystkim w\u00a0jego nastawieniu psychicznym i\u00a0moralnym, kt\u00f3re rodzi si\u0119 z\u00a0uzasadnionej mi\u0142o\u015bci do okre\u015blonej sprawy, jak r\u00f3wnie\u017c z\u00a0nienawi\u015bci \u017cywionej do wroga. Dzi\u015b Zach\u00f3d bliski jest kapitulacji, poniewa\u017c swego g\u0142\u00f3wnego wroga dostrzega we w\u0142asnej to\u017csamo\u015bci, a\u00a0towarzyszy temu &#8211; owej zachodniej nienawi\u015bci do samego siebie &#8211; mi\u0142o\u015b\u0107, a\u00a0przynajmniej afirmacja rzeczywistego wroga, kt\u00f3rego przedstawia si\u0119 jako wyzwoliciela. Kt\u00f3\u017c bowiem nie pami\u0119ta entuzjazmu dla \u201earabskiej wiosny\u201d i\u00a0doniesie\u0144 o\u00a0rzekomym nawr\u00f3ceniu si\u0119 islamu na demokracj\u0119?<\/p><p>Dyktatur Saddama czy Kaddafiego nie zast\u0105pi\u0142y\u00a0systemy s\u0142awi\u0105ce wolno\u015b\u0107 i\u00a0prawa cz\u0142owieka, ale chaos, w\u00a0kt\u00f3rym miejsce starych despot\u00f3w zaj\u0119\u0142y frakcje religijne i\u00a0polityczne. W\u00a0Afryce P\u00f3\u0142nocnej i\u00a0na Bliskim Wschodzie destrukcja pa\u0144stw arabskich przynios\u0142a krwawy zam\u0119t w\u015br\u00f3d klan\u00f3w i\u00a0plemion sunnickich i\u00a0szyickich, Arab\u00f3w i\u00a0Kurd\u00f3w, za kt\u00f3ry p\u0142ac\u0105 przede wszystkim chrze\u015bcijanie oraz przedstawiciele Zachodu.<\/p><p>Z\u00a0tych plemiennych rewolucji zrodzi\u0142o si\u0119 Pa\u0144stwo Islamskie &#8211; jednostka, kt\u00f3ra w\u00a0przeciwie\u0144stwie do Al\u201d\u2018Kaidy zajmuje konkretne terytorium, posiada prawdziw\u0105 armi\u0119 i\u00a0urz\u0119dnik\u00f3w odpowiedzialnych za finanse, a\u00a0przede wszystkim ma konkretny i\u00a0otwarcie zadeklarowany cel g\u0142\u00f3wny: restytucj\u0119 kalifatu. Je\u015bli owo roszczenie kogo\u015b zaskakuje lub je\u015bli kto\u015b s\u0105dzi, \u017ce stanowi ono wykwit nieprawdziwej, patologicznej wizji islamu, to taka opinia \u015bwiadczy jedynie o\u00a0jego nader sk\u0105pej wiedzy na temat religii Mahometa. \u015awiatowy kalifat bowiem nie jest marzeniem wy\u0142\u0105cznie fundamentalist\u00f3w &#8211; to cel ca\u0142ego islamu. Udowadnia to od lat osiemdziesi\u0105tych Bat Ye\u2019or w\u00a0swych publikacjach: <em>Eurabia<\/em> (2007) czy <em>Verso il Califfato Universale: Come l\u2019Europa \u00c3\u00a8 diventata complice dell\u2019espansionismo musulmano <\/em>(<em>Ku uniwersalnemu<\/em> <em>kalifatowi &#8211; Jak Europa zosta\u0142a wsp\u00f3\u0142sprawc\u0105 muzu\u0142ma\u0144skiego ekspansjonizmu <\/em>(2009)).<\/p><p>Prawdziwym problemem wsp\u00f3\u0142czesnego Zachodu jest niezrozumienie doktryny i\u00a0strategii islamu. Oto na przyk\u0142ad Andrea Riccardi, za\u0142o\u017cyciel Wsp\u00f3lnoty \u015awi\u0119tego Idziego i\u00a0by\u0142y minister w\u0142oskiego rz\u0105du, win\u0105 za wszystko, co si\u0119 w\u00a0tej kwestii dzieje, obarcza wojn\u0119 George\u2019a\u00a0Busha i\u00a0Tony\u2019ego Blaira w\u00a0Iraku.<\/p><p><em>Rok 2003 by\u0142 punktem zwrotnym dla Iraku i\u00a0wschodniego chrze\u015bcija\u0144stwa, a\u00a0mo\u017ce nawet punktem bez powrotu <\/em>&#8211; napisa\u0142 Riccardi na \u0142amach \u201eIl Foglio\u201d, 28\u00a0sierpnia 2014 roku. &#8211; <em>To by\u0142 pocz\u0105tek scenariusza na miar\u0119 XXI\u00a0wieku: totalitarne hiperfundamentalizmy, kryzys silnych pa\u0144stw, powszechna przemoc<\/em>. Zupe\u0142nie jakby nie by\u0142o 11\u00a0wrze\u015bnia 2001\u00a0roku i\u00a0jakby islamski terroryzm ogranicza\u0142 si\u0119 wy\u0142\u0105cznie do Iraku, a\u00a0nie rozci\u0105ga\u0142 si\u0119 na ca\u0142y \u015bwiat &#8211; od Uralu po Indonezj\u0119, od USA do serca Afryki.<\/p><p>Dlatego s\u0142usznie mu odpowiedzia\u0142 na \u0142amach tej samej gazety Carlo Panella: <em>Czy jest sens wskazywa\u0107 rok 2003 jako pocz\u0105tek kl\u0119sk chrze\u015bcijan, czego pr\u00f3buje Pan dowie\u015b\u0107? Przecie\u017c Boko Haram pod\u0105\u017ca t\u0105 sam\u0105 \u015bcie\u017ck\u0105 \u015bmierci &#8211; przede wszystkim chrze\u015bcijan &#8211; na tysi\u0105cach kilometr\u00f3w kwadratowych powierzchni Nigerii, w\u00a0kt\u00f3rej USA nie kiwn\u0119\u0142o palcem. <\/em>Z\u00a0kolei Mauro Faverzani zauwa\u017cy\u0142 (na portalu \u201eCorrispondenza Romana\u201d), \u017ce <em>gdy przyw\u00f3dca Boko\u201d\u2018Haram Abubakar Shekau og\u0142osi\u0142 kalifat, jego zwolennicy machali (na jego rozkaz) czarnymi flagami samozwa\u0144czego Pa\u0144stwa Islamskiego kierowanego przez Abu Bakr al\u201d\u2018Bagdadiego. Wskazuje to na strategiczn\u0105 i\u00a0ideologiczn\u0105 ci\u0105g\u0142o\u015b\u0107 z\u00a0tym ruchem. Ale nie tylko oni mu kibicuj\u0105 &#8211; na cze\u015b\u0107 Pa\u0144stwa Islamskiego wiwatowa\u0142a r\u00f3wnie\u017c grupa asz\u201d\u2018Szabab al\u201d\u2018Mud\u017cahidin, \u201ews\u0142awiona\u201d masowym \u015bcinaniem chrze\u015bcijan w\u00a0Kenii, podobnie jak bojownicy z\u00a0MUJAO &#8211; Ruchu na Rzecz Jedno\u015bci i\u00a0D\u017cihadu w\u00a0Afryce Zachodniej. Jest wi\u0119c oczywiste, \u017ce to nie pojedyncze przypadki, ale zorganizowana sie\u0107 terroru.<\/em><\/p><p>R\u00f3wnie tragicznym, co wymownym symbolem kl\u0119ski Zachodu, dla kt\u00f3rego bez nadzwyczajnej pomocy Opatrzno\u015bci nie ma \u017cadnego ratunku, jest obraz ameryka\u0144skiego dziennikarza Jamesa Foleya kl\u0119cz\u0105cego obok kata tu\u017c przed \u015bci\u0119ciem. Wydaje si\u0119, \u017ce Foley by\u0142 dobrym katolikiem, ale jego \u015bmier\u0107 nie by\u0142a m\u0119cze\u0144ska. Nie wyg\u0142osi\u0142 on bowiem przed egzekucj\u0105 wyznania wiary, ale wypowiedzia\u0142 s\u0142owa swoistej apostazji &#8211; wprawdzie nie wobec religii, ale wobec w\u0142asnego kraju i\u00a0cywilizacji (najprawdopodobniej zreszt\u0105 podyktowane przez porywaczy):<\/p><p><em>&#8211; \u0179a\u0142uj\u0119, \u017ce jestem Amerykaninem. Zwracam si\u0119 do moich przyjaci\u00f3\u0142, mojej rodziny i\u00a0moich bliskich, by powstali przeciw mojemu prawdziwemu mordercy &#8211; rz\u0105dowi Stan\u00f3w Zjednoczonych, poniewa\u017c to, co si\u0119 ze mn\u0105 stanie, jest wy\u0142\u0105cznym wynikiem jego zadufania i\u00a0zbrodniczego charakteru.<\/em><\/p><p>Przypomina to not\u0119 o\u00a0wypowiedzeniu wojny wys\u0142an\u0105 przez Turk\u00f3w w\u00a0roku 1683 do cesarza Leopolda\u00a0I\u00a0Habsburga: <em>Zamierzamy uderzy\u0107 zbrojnie na twoj\u0105 ziemi\u0119 i\u00a0j\u0105 zdepta\u0107 <\/em>(\u2026). <em>Oczekuj nas w\u00a0Wiedniu, gdzie b\u0119dziemy was \u015bcina\u0107, ty nieznacz\u0105cy nic w\u015br\u00f3d stworze\u0144 Bo\u017cych, jakim mo\u017ce by\u0107 tylko giaur. <br \/><\/em><\/p><p><strong>Marsz na Rzym<\/strong><\/p><p>Ostatecznym celem islamu jest zdobycie stolicy chrze\u015bcija\u0144stwa. Jak przypomina Nicoletta Tiliacos, <em>podczas kazania na pocz\u0105tek Ramadanu w\u00a0meczecie w\u00a0Mosulu, w\u00a0pi\u0105tek 4\u00a0lipca, kazania, kt\u00f3rego tre\u015b\u0107 rozpowszechniono na ca\u0142ym \u015bwiecie, Abu Bakr al Bagdadi al Qurashi al Husseini &#8211; obecnie samozwa\u0144czy kalif Ibrahim &#8211; wzywaj\u0105c wszystkich muzu\u0142man\u00f3w, by do\u0144 do\u0142\u0105czyli, obieca\u0142, \u017ce islam wtargnie do Rzymu i\u00a0zdominuje ca\u0142y ziemski glob <\/em>(\u201eIl Foglio\u201d, 21\u00a0lipca 2014). Podobne s\u0142owa wypowiedzia\u0142 kilka lat wcze\u015bniej szejk Yusuf al\u201d\u2018Qaradawi, duchowy przyw\u00f3dca Bractwa Muzu\u0142ma\u0144skiego, w\u00a0fatwie og\u0142oszonej 27\u00a0lutego 2005: <em>Mimo pesymizmu zasianego w\u00a0naszych szeregach, w\u00a0ostateczno\u015bci islam zaw\u0142adnie \u015bwiatem i\u00a0b\u0119dzie jego panem. Oznak\u0105 zwyci\u0119stwa b\u0119dzie zdobycie Rzymu, Europa zostanie opanowana, chrze\u015bcijanie &#8211; pokonani, a\u00a0islam wzro\u015bnie i\u00a0stanie si\u0119 si\u0142\u0105 kontroluj\u0105c\u0105 ca\u0142y kontynent europejski.<\/em><\/p><p>Rzym wci\u0105\u017c jest sercem \u015bwiata i\u00a0wci\u0105\u017c pozostaje ostatecznym celem tych, kt\u00f3rzy nienawidz\u0105 cywilizacji chrze\u015bcija\u0144skiej. Jest te\u017c jedynym \u017ar\u00f3d\u0142em ewentualnego odrodzenia. Eugenio Scalfari ma racj\u0119 &#8211; to jest wojna religijna. Ale &#8211; jak przypomnia\u0142a siostrze \u0141ucji Matka Bo\u017ca 3\u00a0stycznia 1944\u00a0roku, wzywaj\u0105c j\u0105 do spisania trzeciej tajemnicy fatimskiej &#8211; jest tylko jeden B\u00f3g i\u00a0jedna prawdziwa religia. <em>W\u00a0mojej duszy cichy g\u0142os powiedzia\u0142<\/em> &#8211; za\u015bwiadcza \u0141ucja &#8211; <em>tylko jedna wiara, jeden chrzest, jeden Ko\u015bci\u00f3\u0142: \u015awi\u0119ty, Powszechny i\u00a0Apostolski. W\u00a0wieczno\u015bci Niebo!<\/em> To Niebo, ku kt\u00f3remu winni\u015bmy wznosi\u0107 b\u0142aganie o\u00a0pomoc w\u00a0obronie jedynej Wiary i\u00a0jedynej Cywilizacji.<\/p><p><em><strong>Roberto de Mattei<\/strong><\/em><\/p><p>profesor historii nowo\u017cytnej na uniwersytecie Cassino, wyk\u0142adowca historii chrze\u015bcija\u0144stwa i\u00a0Ko\u015bcio\u0142a na Uniwersytecie Europejskim w Rzymie, prezes Fundacji Lepanto, redaktor naczelny miesi\u0119cznika \u201eRadici Cristiane\u201d. Kieruje agencj\u0105 informacyjn\u0105 Corrispondenza Romana.<\/p><p>Powy\u017cszy tekst w ca\u0142o\u015bci mo\u017cna przeczyta\u0107 w najnowszym 42. numerze magazynu &#8222;Polonia Christiana&#8221;.<\/p>","protected":false},"excerpt":{"rendered":"Zach\u00f3d nie mo\u017ce wygra\u0107 nadchodz\u0105cej wojny z g\u0119sto utkan\u0105 i coraz bardziej radykaln\u0105 mi\u0119dzynarodow\u0105 sieci\u0105 d\u017cihadu, kt\u00f3ra zwraca si\u0119 ku sercu cywilizacji chrze\u015bcija\u0144skiej &#8211; Rzymowi. Dlaczego? Bo sam siebie nienawidzi.W\u00a0ostatnich miesi\u0105cach Zach\u00f3d \u201eodkry\u0142\u201d problem istnienia islamu. Zaniepokoi\u0142 si\u0119 nawet Eugenio Scalfari patriarcha radykalnego progresywizmu i\u00a0uprzywilejowany partner rozm\u00f3w papie\u017ca Franciszka, stwierdzaj\u0105c, \u017ce oto w\u0142a\u015bnie zachodni \u015bwiat [&hellip;]","protected":false},"author":1,"featured_media":0,"comment_status":"closed","ping_status":"closed","sticky":false,"template":"","format":"standard","meta":{"_acf_changed":false,"_monsterinsights_skip_tracking":false,"_monsterinsights_sitenote_active":false,"_monsterinsights_sitenote_note":"","_monsterinsights_sitenote_category":0,"ngg_post_thumbnail":0,"footnotes":"","_wp_rev_ctl_limit":""},"categories":[3],"tags":[100,70,126],"acf":[],"_links":{"self":[{"href":"https:\/\/www.bibula.com\/index.php?rest_route=\/wp\/v2\/posts\/86650"}],"collection":[{"href":"https:\/\/www.bibula.com\/index.php?rest_route=\/wp\/v2\/posts"}],"about":[{"href":"https:\/\/www.bibula.com\/index.php?rest_route=\/wp\/v2\/types\/post"}],"author":[{"embeddable":true,"href":"https:\/\/www.bibula.com\/index.php?rest_route=\/wp\/v2\/users\/1"}],"replies":[{"embeddable":true,"href":"https:\/\/www.bibula.com\/index.php?rest_route=%2Fwp%2Fv2%2Fcomments&post=86650"}],"version-history":[{"count":0,"href":"https:\/\/www.bibula.com\/index.php?rest_route=\/wp\/v2\/posts\/86650\/revisions"}],"wp:attachment":[{"href":"https:\/\/www.bibula.com\/index.php?rest_route=%2Fwp%2Fv2%2Fmedia&parent=86650"}],"wp:term":[{"taxonomy":"category","embeddable":true,"href":"https:\/\/www.bibula.com\/index.php?rest_route=%2Fwp%2Fv2%2Fcategories&post=86650"},{"taxonomy":"post_tag","embeddable":true,"href":"https:\/\/www.bibula.com\/index.php?rest_route=%2Fwp%2Fv2%2Ftags&post=86650"}],"curies":[{"name":"wp","href":"https:\/\/api.w.org\/{rel}","templated":true}]}}